{"id":148881,"date":"2025-09-30T15:53:08","date_gmt":"2025-09-30T15:53:08","guid":{"rendered":"https:\/\/www.europesays.com\/es\/148881\/"},"modified":"2025-09-30T15:53:08","modified_gmt":"2025-09-30T15:53:08","slug":"tras-el-sueno-de-lograr-el-mundial-mi-objetivo-es-ganar-los-dos-oros-del-europeo","status":"publish","type":"post","link":"https:\/\/www.europesays.com\/es\/148881\/","title":{"rendered":"\u00abTras el sue\u00f1o de lograr el Mundial, mi objetivo es ganar los dos oros del Europeo\u201d"},"content":{"rendered":"<p>\n        <strong>Paula Ostiz<\/strong> enfoca con la ambici\u00f3n intacta el <strong>Europeo <\/strong>que arranca este mi\u00e9rcoles en Francia tras el descomunal \u00e9xito en los <strong>Mundiales de Kigali<\/strong>, donde obtuvo el oro en la prueba de ruta y la plata en la modalidad de crono.\n<\/p>\n<p class=\"article-body__text \">\n        Despu\u00e9s de tocar la gloria en Ruanda con una exhibici\u00f3n portentosa, solo al alcance de las mejores, la navarra asegura en la entrevista con este diario que busca el doblete en la cita de los Europeos para consagrarse en una campa\u00f1a de ensue\u00f1o.\n<\/p>\n<p class=\"article-body__text \">\n        La crono le espera este mi\u00e9rcoles y la prueba de ruta, el viernes. A las dos citas parte la iruindarra con el n\u00edtido objetivo de hacerse con el oro.\n<\/p>\n<p class=\"article-body__text \">\n        \u00abTengo en mente ir a por los dos \u00faltimos sue\u00f1os de esta temporada\u00bb. No se esconde Paula Ostiz, decidida a seguir haciendo historia.\n<\/p>\n<p class=\"article-body__text question-answers__question\"><strong>\u00bfQu\u00e9 sinti\u00f3 al ganar el Mundial?<\/strong><\/p>\n<p class=\"article-body__text question-answers__answer\">Una alegr\u00eda inmensa despu\u00e9s de todo el trabajo que llevo haciendo. <\/p>\n<p class=\"article-body__text question-answers__question\"><strong>\u00bfEsperaba conquistar el oro?<\/strong><\/p>\n<p class=\"article-body__text question-answers__answer\">S\u00ed, s\u00ed que lo esperaba, siempre he so\u00f1ado con eso, y yo siempre digo que nunca se puede dudar de lo que sue\u00f1as porque sino, no se hace realidad\u2060.<\/p>\n<p class=\"article-body__text question-answers__question\"><strong>\u00bfC\u00f3mo vivi\u00f3 la carrera?<\/strong><\/p>\n<p class=\"article-body__text question-answers__answer\">Sab\u00eda que ten\u00eda que guardar todo hasta el final y as\u00ed lo hice, no se me vio en toda la carrera porque ten\u00eda que guardar lo m\u00e1ximo posible y que las rivales se desgasten todo lo posible para que luego al final les costar\u00e1 esprintar. Y eso es lo que hice, guardar hasta el final para luego rematar en el esprint. A parte de eso, a falta de 5 kil\u00f3metros me dio un peque\u00f1o calambre en el isquio, y r\u00e1pidamente me tom\u00e9 un jugo de pepinillos para que se me fuera ese calambre. Y en ese momento supe que ten\u00eda que guardar todo para poder esprintar.<\/p>\n<p class=\"article-body__text question-answers__question\"><strong>El final fue muy emocionante, con el esprint en el grupo de las mejores, \u00bfsab\u00eda que ganar\u00eda en esas circunstancias? <\/strong><\/p>\n<p class=\"article-body__text question-answers__answer\">S\u00ed, s\u00ed lo ten\u00eda claro porque llegu\u00e9 con ellas en Valromey al esprint y les gan\u00e9 bien. Sab\u00eda que de esas cinco la m\u00e1s r\u00e1pida era yo, y as\u00ed fue.<\/p>\n<p class=\"article-body__text question-answers__question\"><strong>\u00bfCu\u00e1l fue la clave de la carrera?<\/strong><\/p>\n<p class=\"article-body__text question-answers__answer\">La clave de la carrera fue guardar hasta el final, mis compa\u00f1eras me ayudaron en toda la carrera y solo puedo darles las gracias por haber hecho que mi sue\u00f1o se haga realidad.<\/p>\n<p class=\"article-body__text question-answers__question\"><strong>\u00bfEsperaba ese desenlace?<\/strong> <\/p>\n<p class=\"article-body__text question-answers__answer\">S\u00ed, sab\u00eda que al final se iba a romper. La suiza estaba demasiado fuerte y sab\u00eda que me iba hacer la carrera.<\/p>\n<p class=\"article-body__text question-answers__question\"><strong>Conquist\u00f3 el oro en ruta y la plata en crono, un logro hist\u00f3rico. \u00bfMejor imposible, no?<\/strong><\/p>\n<p class=\"article-body__text question-answers__answer\">S\u00ed, \u00bfal final es algo hist\u00f3rico no? Lo que he hecho, es como algo incre\u00edble, es como que no me lo creo a\u00fan. Cuando veo los v\u00eddeos me sigo emocionando de todo lo que he conseguido.<\/p>\n<p class=\"article-body__text question-answers__question\"><strong>\u00bfEs consciente de lo conseguido?<\/strong><\/p>\n<p class=\"article-body__text question-answers__answer\">S\u00ed, s\u00ed, soy consciente, al final es mucho trabajo diario, todos los peque\u00f1os detalles que hago y al final ten\u00eda que llegar la recompensa y ha llegado, as\u00ed que estoy realmente feliz.<\/p>\n<p class=\"article-body__text question-answers__question\"><strong>\u00bfHa conseguido dormir o sigue en un sue\u00f1o?<\/strong><\/p>\n<p class=\"article-body__text question-answers__answer\">S\u00ed, la verdad es que dorm\u00ed como una ni\u00f1a peque\u00f1a despu\u00e9s de haber ganado el Mundial. Ten\u00eda mucho sue\u00f1o, me levant\u00e9 muy pronto y quer\u00eda descansar bien para recuperar lo m\u00e1ximo.<\/p>\n<p class=\"article-body__text question-answers__question\"><strong>Este mi\u00e9rcoles compite en la prueba de crono y el viernes en la de ruta de los Europeos. \u00bfQu\u00e9 objetivo se pone?<\/strong><\/p>\n<p class=\"article-body__text question-answers__answer\">El objetivo es ir a por las dos oros, tengo en mente ir a por los dos \u00faltimos sue\u00f1os que me quedan de esta temporada y los quiero conseguir.<\/p>\n<p class=\"article-body__text question-answers__question\"><strong>\u00bfEst\u00e1 cansada o llega ilusionada?<\/strong> <\/p>\n<p class=\"article-body__text question-answers__answer\">No, cansada no estoy, estoy realmente emocionada \u00bfno? Al final son victorias muy importantes que hay que disfrutarlas al m\u00e1ximo porque nunca sabes cu\u00e1ndo volver\u00e1 otra oportunidad de estas. Tengo que disfrutar d\u00eda a d\u00eda que es lo m\u00e1s importante.<\/p>\n<p class=\"article-body__text question-answers__question\"><strong>\u00bfSiente una presi\u00f3n extra despu\u00e9s de sus logros?<\/strong><\/p>\n<p class=\"article-body__text question-answers__answer\">No, no siento ninguna presi\u00f3n, estoy muy tranquila y cuando estoy tranquila los resultados salen. Soy una persona que nunca duda de lo que sue\u00f1a y eso creo que es algo muy importante.<\/p>\n<p class=\"article-body__text question-answers__question\"><strong>\u00bfC\u00f3mo gestiona semejante \u00e9xito?<\/strong><\/p>\n<p class=\"article-body__text question-answers__answer\">Lo gestiono con las personas que me rodean, que por suerte tengo un entorno muy bueno y que me apoya tanto en las buenas como en las malas. Y eso lo valoro mucho. Despu\u00e9s tengo a mi familia que siempre me da una motivaci\u00f3n extra, mis hermanos, son la clave de mis \u00e9xitos, los quiero un mont\u00f3n y me dan mucho apoyo en todo momento y para m\u00ed eso es algo s\u00faper importante, ellos nunca dudan de mis \u00e9xitos y eso me da una motivaci\u00f3n muy grande.<\/p>\n<p class=\"article-photo__footer\">\n            Paula Ostiz celebra la victoria.            RFEC        <\/p>\n<p class=\"article-body__text question-answers__question\"><strong>\u00bfQu\u00e9 espera del futuro en el profesionalismo?<\/strong><\/p>\n<p class=\"article-body__text question-answers__answer\">Quiero ir poco a poco, disfrutar del camino, soy una persona muy joven y quiero aprender lo primero, correr en un pelot\u00f3n tan grande y sobre todo ayudar a mis compa\u00f1eras en todo lo que pueda. Luego cuando tenga la oportunidad de ser l\u00edder, pues ser\u00e9 pero de momento quiero ir en progresi\u00f3n, es clave del \u00e9xito.<\/p>\n<p class=\"article-body__text question-answers__question\"><strong>\u00bfC\u00f3mo se aficion\u00f3 al ciclismo?<\/strong><\/p>\n<p class=\"article-body__text question-answers__answer\">Por mi padre, \u00e9l ve\u00eda mucho a Indurain y a ra\u00edz de ah\u00ed, se apuntaron mis dos hermanos Tony y Ra\u00fal y yo iba a verles a las carreras. Un d\u00eda les dije que quer\u00eda apuntarme a la bici y que si me apuntaba ser\u00eda para ganar, que no estaba para perder el tiempo, y a ra\u00edz de ah\u00ed, aqu\u00ed estoy ahora.<\/p>\n<p class=\"article-body__text question-answers__question\"><strong>\u00bfTen\u00eda alg\u00fan referente para aficionarse al ciclismo?<\/strong><\/p>\n<p class=\"article-body__text question-answers__answer\">Mi primer referente era el <strong>Bala <\/strong><strong>(Alejandro Valverde). \u00c9l <\/strong>ha luchado cada a\u00f1o por conseguir ser campe\u00f3n del mundo y al final a los 38 a\u00f1os le lleg\u00f3. Eso significa mucho para m\u00ed porque al final siempre ten\u00eda un sue\u00f1o y nunca se rindi\u00f3 en conseguirlo y un d\u00eda lleg\u00f3 y lo consigui\u00f3 y eso es muy importante. Ahora mismo es <strong>Tadej Pogacar<\/strong>, es el mejor ciclista del mundo y es una persona muy humilde con todo el mundo y eso es clave. Eso lo valoro mucho.<\/p>\n<p class=\"article-body__text question-answers__question\"><strong>\u00bfCon qu\u00e9 sue\u00f1a ahora?<\/strong><\/p>\n<p class=\"article-body__text question-answers__answer\">Ahora sue\u00f1o con el Europeo, quiero conseguir la crono y la ruta, puedo conseguirlo, as\u00ed que voy a ir a por ello con todo.<\/p>\n<p class=\"article-body__text question-answers__question\"><strong>\u00bfCon qu\u00e9 imagen o recuerdo se queda del Mundial?<\/strong><\/p>\n<p class=\"article-body__text question-answers__answer\">Con el que mis compa\u00f1eras lloraban por verme conseguir mi sue\u00f1o. Al final valoro mucho el tema de equipo, veo quien se alegra por tus victorias y eso es muy importante para m\u00ed.<\/p>\n<p class=\"article-body__text question-answers__question\"><strong>\u00bfCu\u00e1ntos mensajes de felicitaci\u00f3n ha recibido, ha podido contestar a todos?<\/strong><\/p>\n<p class=\"article-body__text question-answers__answer\">Tengo demasiados mensajes, pero contesto a todo el mundo porque como digo, aunque sea campeona del mundo, sigo siendo la misma persona.<\/p>\n","protected":false},"excerpt":{"rendered":"Paula Ostiz enfoca con la ambici\u00f3n intacta el Europeo que arranca este mi\u00e9rcoles en Francia tras el descomunal&hellip;\n","protected":false},"author":2,"featured_media":148882,"comment_status":"","ping_status":"","sticky":false,"template":"","format":"standard","meta":{"footnotes":""},"categories":[273],"tags":[313,312,168,25,24,2000,27131,1070,661,23,167,3466],"class_list":{"0":"post-148881","1":"post","2":"type-post","3":"status-publish","4":"format-standard","5":"has-post-thumbnail","7":"category-ciclismo","8":"tag-ciclismo","9":"tag-cycling","10":"tag-deportes","11":"tag-es","12":"tag-espana","13":"tag-ganar","14":"tag-lograr","15":"tag-mundial","16":"tag-objetivo","17":"tag-spain","18":"tag-sports","19":"tag-sueno"},"share_on_mastodon":{"url":"","error":""},"_links":{"self":[{"href":"https:\/\/www.europesays.com\/es\/wp-json\/wp\/v2\/posts\/148881","targetHints":{"allow":["GET"]}}],"collection":[{"href":"https:\/\/www.europesays.com\/es\/wp-json\/wp\/v2\/posts"}],"about":[{"href":"https:\/\/www.europesays.com\/es\/wp-json\/wp\/v2\/types\/post"}],"author":[{"embeddable":true,"href":"https:\/\/www.europesays.com\/es\/wp-json\/wp\/v2\/users\/2"}],"replies":[{"embeddable":true,"href":"https:\/\/www.europesays.com\/es\/wp-json\/wp\/v2\/comments?post=148881"}],"version-history":[{"count":0,"href":"https:\/\/www.europesays.com\/es\/wp-json\/wp\/v2\/posts\/148881\/revisions"}],"wp:featuredmedia":[{"embeddable":true,"href":"https:\/\/www.europesays.com\/es\/wp-json\/wp\/v2\/media\/148882"}],"wp:attachment":[{"href":"https:\/\/www.europesays.com\/es\/wp-json\/wp\/v2\/media?parent=148881"}],"wp:term":[{"taxonomy":"category","embeddable":true,"href":"https:\/\/www.europesays.com\/es\/wp-json\/wp\/v2\/categories?post=148881"},{"taxonomy":"post_tag","embeddable":true,"href":"https:\/\/www.europesays.com\/es\/wp-json\/wp\/v2\/tags?post=148881"}],"curies":[{"name":"wp","href":"https:\/\/api.w.org\/{rel}","templated":true}]}}