{"id":148883,"date":"2025-09-30T15:54:15","date_gmt":"2025-09-30T15:54:15","guid":{"rendered":"https:\/\/www.europesays.com\/es\/148883\/"},"modified":"2025-09-30T15:54:15","modified_gmt":"2025-09-30T15:54:15","slug":"alpine-trabaja-de-una-manera-que-no-tenia-interiorizada","status":"publish","type":"post","link":"https:\/\/www.europesays.com\/es\/148883\/","title":{"rendered":"\u201cAlpine trabaja de una manera que no ten\u00eda interiorizada\u201d"},"content":{"rendered":"<p class=\"\"><b>Franco Colapinto <\/b>y el equipo Alpine est\u00e1n teniendo un 2025 complicado. El equipo franc\u00e9s <b>cierra la clasificaci\u00f3n del Mundial de Constructores<\/b> en d\u00e9cima posici\u00f3n con 20 puntos, a m\u00e1s del doble del pen\u00faltimo clasificado, el equipo Haas, con 44 puntos en su casillero. <b>Un a\u00f1o complicado para Alpine<\/b>, marcado sobre todo por <b>el cambio de pilotos<\/b> que tuvieron que hacer al principio de la temporada,<b> sustituyendo a Jack Doohan<\/b> antes de la s\u00e9ptima cita del campeonato en Imola por un <b>Franco Colapinto<\/b>, que volv\u00eda a la F\u00f3rmula 1 tras disputar las \u00faltimas nueve carreras de 2024 en el equipo Williams, con un buen ritmo y sumando puntos en dos de ellas.<\/p>\n<p class=\"\">Sin embargo, tras diez grandes premios con el equipo de Enstone, parece que <b>no llegan los resultados para el piloto argentino<\/b>, aunque para \u00e9l, el problema est\u00e1 en que ha llegado a un monoplaza al que no ha podido aportar mucho. <b>\u201cHe llegado a un coche que ya estaba desarrollado <\/b>y que ha sido conducido por much\u00edsimos otros pilotos, pero<b> no tanto por m\u00ed<\/b>. No he podido hacer<b> ninguna aportaci\u00f3n sobre qu\u00e9 quer\u00eda del coche <\/b>o en c\u00f3mo arreglar cosas (del coche) antes de que empezara el a\u00f1o. La forma en la que se ha desarrollado el coche a lo largo de los a\u00f1os <b>no ha sido tal vez por mi pilotaje, sino por lo que han hecho otros pilotos<\/b> <b>como Pierre <\/b>(Gasly, su compa\u00f1ero), que ha estado aqu\u00ed (en Alpine) por muchos a\u00f1os, <b>Esteban <\/b>(Ocon) o<b> Fernando<\/b> (Alonso) en el pasado. <b>El equipo tiene una estructura y una manera en la que trabajan que no ten\u00eda interiorizada\u201d<\/b>, coment\u00f3 el argentino, en el podcast \u2018Beyond the Grid\u2019 de la propia F\u00f3rmula 1.<\/p>\n<p><img decoding=\"async\" src=\"https:\/\/www.europesays.com\/es\/wp-content\/uploads\/2025\/09\/UURHSQB6RRMRLFEPPEZEQDMEFA.jpg\" alt=\"\u201cAlpine trabaja de una manera que no ten\u00eda interiorizada\u201d\" height=\"3952\" width=\"5928\"   loading=\"lazy\"\/>Franco Colapinto en el GP de Azerbaiy\u00e1nALEXANDER NEMENOV<\/p>\n<p class=\"\">Esto, ha hecho que el piloto de 22 a\u00f1os <b>no haya podido adaptarse tan r\u00e1pido como en el Williams<\/b> del a\u00f1o pasado, y que sea un monoplaza hecho m\u00e1s para su compa\u00f1ero de equipo, <b>Pierre Gasly<\/b>: <b>\u201cEn Williams<\/b>, a pesar de no hacer ning\u00fan test, e ir directamente a la carrera, <b>estuve all\u00ed por m\u00e1s de un a\u00f1o conduciendo el simulador, entendiendo a los ingenieros<\/b>, viendo que cambiaban, los problemas en el coche\u2026a<b>qu\u00ed ha sido m\u00e1s como entrar directamente al equipo y a un nuevo coche<\/b>. Es m\u00e1s complicado, ya que tampoco tienes ninguna comparaci\u00f3n o alguna experiencia anterior sobre qu\u00e9 quieres del coche. <b>As\u00ed que simplemente te sientas y conduces\u201d<\/b>.<\/p>\n<p class=\"\"><b>\u201cMe ha tomado m\u00e1s tiempo adaptarme que en Williams<\/b>. Ahora siento que necesito algunas cosas del coche para hacerme sentir mejor, que tal vez no ten\u00eda al principio. <b>El coche de este a\u00f1o es m\u00e1s como lo quiere Pierre y como le gusta conducirlo<\/b>, y las herramientas que necesito son diferentes. He hecho algunos cambios en el set-up y <b>creo que ahora estamos llegando a donde quiero un poco antes y a tiempo\u201d<\/b>, explic\u00f3 Colapinto.<\/p>\n<p><img decoding=\"async\" src=\"https:\/\/www.europesays.com\/es\/wp-content\/uploads\/2025\/09\/WT7KRPABGFAOVMHW2V3ONYDJYY.jpg\" alt=\"\u201cAlpine trabaja de una manera que no ten\u00eda interiorizada\u201d\" height=\"454\" width=\"680\"   loading=\"lazy\"\/>Franco Colapinto con el Williams en 2024Williams Racing<b>Ambiente y futuro<\/b><\/p>\n<p class=\"\">Una nueva aventura para el piloto porte\u00f1o que est\u00e1 siendo dif\u00edcil. En la categor\u00eda reina del automovilismo<b> es clave la adaptaci\u00f3n<\/b> para poder rendir bien, aunque otro aspecto importante, es de qui\u00e9n aprendas cuando llegas a una escuder\u00eda nueva y <b>para Franco, esa persona es Gasly<\/b>. El piloto franc\u00e9s lleg\u00f3 a Alpine en 2023, y desde entonces, est\u00e1 siendo una de las personas que <b>se ha puesto al mando del equipo galo<\/b>, en su intento de volver a la parte alta de la tabla.<b> \u201cPierre es el l\u00edder del equipo<\/b>. Igual que el a\u00f1o pasado aprend\u00eda de Alex (Albon), <b>ahora aprendo de Pierre<\/b>. El es el que lleva al equipo hacia delante. Ha renovado por muchos a\u00f1os y e<b>s el que ha desarrollado el coche del a\u00f1o pasado a este<\/b>, sabiendo cada detalle y como hacer al coche r\u00e1pido.<b> Est\u00e1 siendo un gran compa\u00f1ero<\/b>, disfrutamos trabajando juntos y empujando al equipo, aunque haya momentos complicados en los que miras los resultados y piensas que va a ser duro para Alpine salir de ah\u00ed\u201d, coment\u00f3 Colapinto.<\/p>\n<p class=\"\">Un equipo<b> Alpine<\/b>, que est\u00e1 asesorado por<b> Flavio Briatore<\/b>, con qui\u00e9n el argentino admite tener buena relaci\u00f3n: : <b>\u201cTengo una muy buena relaci\u00f3n con Flavio. Es duro con todo el mundo<\/b>. Su manera de tirar para adelante el equipo o de motivar a la gente es a veces un poco dura, que incluso <b>si no le conoces puede parecer que se est\u00e1 pasando de duro<\/b>, pero es una persona en la que realmente <b>creo que va a empujar del equipo<\/b>, y volver a poner a Alpine ah\u00ed arriba. <b>He aprendido mucho de \u00e9l este a\u00f1o<\/b>, me ha hecho m\u00e1s fuerte mentalmente. <b>Estoy muy agradecido por la oportunidad que me ha dado\u201d<\/b>.<\/p>\n<p><img decoding=\"async\" src=\"https:\/\/www.europesays.com\/es\/wp-content\/uploads\/2025\/09\/KQ7ZOYUDHVLCFEQBLUEB3WNK2Q.jpg\" alt=\"\u201cAlpine trabaja de una manera que no ten\u00eda interiorizada\u201d\" height=\"3341\" width=\"5012\"   loading=\"lazy\"\/>Flavio Briatore saliendo del Motorhome de AlpineMANAURE QUINTERO<\/p>\n<p class=\"\">Sin embargo, <b>los malos resultados est\u00e1n haciendo que se hable mucho del futuro de Colapinto<\/b> en el equipo franc\u00e9s, aunque el n\u00famero 43 admite no pensar mucho en ello cuando le preguntan que va a ocurrir de cara a 2026. <b>\u201cNo lo s\u00e9. No pienso mucho en eso<\/b>. Hay mucho que aprender y tengo muchas cosas que encontrar. Pero <b>me estoy sintiendo mejor con el coche y con el equipo,<\/b> por lo que creo que estamos haciendo un gran trabajo juntos. No es un secreto que el coche no est\u00e1 d\u00f3nde queremos que est\u00e9 y no es lo suficientemente bueno para estar en los puntos, pero <b>llegar\u00e1 el momento en el que est\u00e9 y quiero estar preparado para ello<\/b>. Para m\u00ed, <b>ese es el principal foco de atenci\u00f3n<\/b>. <b>Pero estoy feliz de estar aqu\u00ed, ya veremos d\u00f3nde acabamos y como contin\u00faa este cap\u00edtulo\u201d<\/b>, concluy\u00f3 el piloto argentino.<\/p>\n<p>Noticias relacionadas<a href=\"https:\/\/as.com\/motor\/mas_motor\/mad-max-en-su-maximo-esplendor-n\/\" class=\"s_m_w\" title=\"El piloto holand\u00e9s debuta y gana, junto a su compa\u00f1ero Chris Lulham, en las cuatro horas de Nordschleife con el Ferrari 296 de la categor\u00eda GT3.\" data-tb-link=\"\" rel=\"nofollow noopener\" target=\"_blank\"><img decoding=\"async\" src=\"https:\/\/www.europesays.com\/es\/wp-content\/uploads\/2025\/09\/1759247654_917_7IN6P47LWJBUFE7RNDXPCXDQJQ.jpg\" alt=\"\u2018Mad Max\u2019 en su m\u00e1ximo esplendor\" class=\"\" height=\"1\" width=\"1\"   loading=\"lazy\" data-tb-thumbnail=\"\"\/><\/a><a href=\"https:\/\/as.com\/motor\/formula_1\/alonso-20-anos-y-una-mision-n\/\" class=\"s_m_w\" title=\"Se cumplen dos d\u00e9cadas del primer t\u00edtulo de Fernando en Brasil 2005. \u201cNunca pens\u00e9 seguir en F1 veinte a\u00f1os despu\u00e9s\u201d, reconoce el piloto.\" data-tb-link=\"\" rel=\"nofollow noopener\" target=\"_blank\"><img decoding=\"async\" src=\"https:\/\/www.europesays.com\/es\/wp-content\/uploads\/2025\/09\/P5W7B3ERTZBKVG7THBUJ3E6BAI.jpg\" alt=\"Alonso: dos d\u00e9cadas y una misi\u00f3n\" class=\"\" height=\"1\" width=\"1\"   loading=\"lazy\" data-tb-thumbnail=\"\"\/><\/a><\/p>\n<p class=\"\"><b>\u00a1Tus opiniones importan!<\/b> Comenta en los art\u00edculos y suscr\u00edbete gratis a nuestra <a href=\"https:\/\/asfan.as.com\/newsletters\/\" target=\"_blank\" rel=\"nofollow noopener\" title=\"https:\/\/asfan.as.com\/newsletters\/\">newsletter<\/a> y a las alertas informativas en la <a href=\"https:\/\/as.com\/aplicacion-de-as-n\/\" target=\"_blank\" rel=\"nofollow noopener\" title=\"https:\/\/as.com\/aplicacion-de-as-n\/\">App<\/a> o el canal de <a href=\"https:\/\/www.whatsapp.com\/channel\/0029VaAasdA7j6g745nz9M10\" target=\"_blank\" rel=\"nofollow noopener\" title=\"https:\/\/www.whatsapp.com\/channel\/0029VaAasdA7j6g745nz9M10\">WhatsApp<\/a>. <\/p>\n<p class=\"\">\u00bfBuscas licenciar contenido? Haz clic <a href=\"https:\/\/profesional.elpais.com\/soluciones-sindicacion?utm_medium=interno&amp;utm_source=crosslinking&amp;utm_campaign=sindicacion_as_pie_articulos\" target=\"_blank\" rel=\"nofollow noopener\" title=\"https:\/\/profesional.elpais.com\/soluciones-sindicacion?utm_medium=interno&amp;utm_source=crosslinking&amp;utm_campaign=sindicacion_as_pie_articulos\">aqu\u00ed<\/a><\/p>\n","protected":false},"excerpt":{"rendered":"Franco Colapinto y el equipo Alpine est\u00e1n teniendo un 2025 complicado. El equipo franc\u00e9s cierra la clasificaci\u00f3n del&hellip;\n","protected":false},"author":2,"featured_media":148884,"comment_status":"","ping_status":"","sticky":false,"template":"","format":"standard","meta":{"footnotes":""},"categories":[270],"tags":[168,25,24,306,271,272,23,167],"class_list":{"0":"post-148883","1":"post","2":"type-post","3":"status-publish","4":"format-standard","5":"has-post-thumbnail","7":"category-formula-1","8":"tag-deportes","9":"tag-es","10":"tag-espana","11":"tag-f1","12":"tag-formula-1","13":"tag-formula1","14":"tag-spain","15":"tag-sports"},"share_on_mastodon":{"url":"","error":""},"_links":{"self":[{"href":"https:\/\/www.europesays.com\/es\/wp-json\/wp\/v2\/posts\/148883","targetHints":{"allow":["GET"]}}],"collection":[{"href":"https:\/\/www.europesays.com\/es\/wp-json\/wp\/v2\/posts"}],"about":[{"href":"https:\/\/www.europesays.com\/es\/wp-json\/wp\/v2\/types\/post"}],"author":[{"embeddable":true,"href":"https:\/\/www.europesays.com\/es\/wp-json\/wp\/v2\/users\/2"}],"replies":[{"embeddable":true,"href":"https:\/\/www.europesays.com\/es\/wp-json\/wp\/v2\/comments?post=148883"}],"version-history":[{"count":0,"href":"https:\/\/www.europesays.com\/es\/wp-json\/wp\/v2\/posts\/148883\/revisions"}],"wp:featuredmedia":[{"embeddable":true,"href":"https:\/\/www.europesays.com\/es\/wp-json\/wp\/v2\/media\/148884"}],"wp:attachment":[{"href":"https:\/\/www.europesays.com\/es\/wp-json\/wp\/v2\/media?parent=148883"}],"wp:term":[{"taxonomy":"category","embeddable":true,"href":"https:\/\/www.europesays.com\/es\/wp-json\/wp\/v2\/categories?post=148883"},{"taxonomy":"post_tag","embeddable":true,"href":"https:\/\/www.europesays.com\/es\/wp-json\/wp\/v2\/tags?post=148883"}],"curies":[{"name":"wp","href":"https:\/\/api.w.org\/{rel}","templated":true}]}}