{"id":148887,"date":"2025-09-30T15:56:10","date_gmt":"2025-09-30T15:56:10","guid":{"rendered":"https:\/\/www.europesays.com\/es\/148887\/"},"modified":"2025-09-30T15:56:10","modified_gmt":"2025-09-30T15:56:10","slug":"nico-williams-gran-ausencia-en-la-convocatoria-del-athletic-para-dortmund","status":"publish","type":"post","link":"https:\/\/www.europesays.com\/es\/148887\/","title":{"rendered":"Nico Williams, gran ausencia en la convocatoria del Athletic para Dortmund"},"content":{"rendered":"<p><img fetchpriority=\"high\" class=\"v-a-img\" src=\"https:\/\/www.europesays.com\/es\/wp-content\/uploads\/2025\/09\/nico-kEQG-U2303228913182YCH-1200x840@El Correo.jpg\" loading=\"eager\" decoding=\"async\" alt=\"Nico Williams, gran ausencia en la convocatoria del Athletic para Dortmund\"  width=\"1200\" height=\"840\"\/><\/p>\n<p>Nico Williams, gran ausencia en la convocatoria del Athletic para Dortmund          EFE        <\/p>\n<p>Valvede no podr\u00e1 contar tampoco con Berenguer ni Vesga; los canteranos Ibon S\u00e1nchez y Adri\u00e1n P\u00e9rez, en la lista<\/p>\n<p><a class=\"v-mdl-ath__fig-a\" href=\"https:\/\/www.elcorreo.com\/autor\/aitor-echevarria-7367.html\" title=\"Aitor Echevarr\u00eda\" rel=\"nofollow noopener\" target=\"_blank\"><br \/>\n<img decoding=\"async\" class=\"v-mdl-ath__img\" src=\"https:\/\/www.europesays.com\/es\/wp-content\/uploads\/2025\/09\/autor-7367-foto-1.jpeg\" alt=\"Aitor Echevarr\u00eda\"\/><br \/>\n<\/a><\/p>\n<p class=\"v-mdl-ath__p v-mdl-ath__p--6\">\nMartes, 30 de septiembre 2025, 13:12<\/p>\n<p>| Actualizado 15:03h.<\/p>\n<p class=\"v-p\">El Athletic ha dado a conocer la convocatoria para el duelo de la jornada 2 de la Champions League ante el Borussia Dortmund, que se disputar\u00e1 este mi\u00e9rcoles, 1 de octubre, a las 21:00 horas en el Signal Iduna Park. Ernesto Valverde ha citado a 23 futbolistas para un partido en el que destaca la ausencia de Nico Williams, pieza clave en el ataque rojiblanco. Tampoco estar\u00e1n disponibles \u00c1lex Berenguer ni Mikel Vesga, que han estado apartados del grupo en los \u00faltimos entrenamientos a causa de molestias f\u00edsicas.<\/p>\n<p class=\"v-p\">En su lugar, el t\u00e9cnico ha apostado como alternativa por dos jugadores del filial, Ibon S\u00e1nchez (mediapunta) y Adri\u00e1n P\u00e9rez (extremo izquierdo) que completan la lista.<\/p>\n<p class=\"v-p\">La expedici\u00f3n rojiblanca partir\u00e1 esta misma tarde a las 15.30 horas desde el aeropuerto de Loiu y est\u00e1 previsto que llegue alrededor de las 19.45 horas al Hotel Radisson Blu de Dortmund, donde quedar\u00e1 concentrada a la espera del choque.<\/p>\n<p class=\"v-p\"><strong>Convocatoria completa del Athletic:<\/strong><\/p>\n<p class=\"v-p\">Unai Sim\u00f3n, Padilla, Santos, Gorosabel, Vivian, Paredes, O. Sancet, Williams, Guruzeta, Areso, Laporte, I. Lekue, Ruiz de Galarreta, Yuri, Jauregizar, Adama, Unai G., Maroan, Nico Serrano, Robert Navarro, Rego, Adrian P\u00e9rez. y Ibon S\u00e1nchez.<\/p>\n<p>Comenta<\/p>\n<p>Reporta un error<\/p>\n","protected":false},"excerpt":{"rendered":"Nico Williams, gran ausencia en la convocatoria del Athletic para Dortmund EFE Valvede no podr\u00e1 contar tampoco con&hellip;\n","protected":false},"author":2,"featured_media":148888,"comment_status":"","ping_status":"","sticky":false,"template":"","format":"standard","meta":{"footnotes":""},"categories":[268],"tags":[8461,168,45434,7115,25,24,280,282,1446,281,23,167,308],"class_list":{"0":"post-148887","1":"post","2":"type-post","3":"status-publish","4":"format-standard","5":"has-post-thumbnail","7":"category-futbol","8":"tag-convocatoria","9":"tag-deportes","10":"tag-dortmund","11":"tag-entra","12":"tag-es","13":"tag-espana","14":"tag-football","15":"tag-futbol","16":"tag-nico","17":"tag-soccer","18":"tag-spain","19":"tag-sports","20":"tag-williams"},"share_on_mastodon":{"url":"","error":""},"_links":{"self":[{"href":"https:\/\/www.europesays.com\/es\/wp-json\/wp\/v2\/posts\/148887","targetHints":{"allow":["GET"]}}],"collection":[{"href":"https:\/\/www.europesays.com\/es\/wp-json\/wp\/v2\/posts"}],"about":[{"href":"https:\/\/www.europesays.com\/es\/wp-json\/wp\/v2\/types\/post"}],"author":[{"embeddable":true,"href":"https:\/\/www.europesays.com\/es\/wp-json\/wp\/v2\/users\/2"}],"replies":[{"embeddable":true,"href":"https:\/\/www.europesays.com\/es\/wp-json\/wp\/v2\/comments?post=148887"}],"version-history":[{"count":0,"href":"https:\/\/www.europesays.com\/es\/wp-json\/wp\/v2\/posts\/148887\/revisions"}],"wp:featuredmedia":[{"embeddable":true,"href":"https:\/\/www.europesays.com\/es\/wp-json\/wp\/v2\/media\/148888"}],"wp:attachment":[{"href":"https:\/\/www.europesays.com\/es\/wp-json\/wp\/v2\/media?parent=148887"}],"wp:term":[{"taxonomy":"category","embeddable":true,"href":"https:\/\/www.europesays.com\/es\/wp-json\/wp\/v2\/categories?post=148887"},{"taxonomy":"post_tag","embeddable":true,"href":"https:\/\/www.europesays.com\/es\/wp-json\/wp\/v2\/tags?post=148887"}],"curies":[{"name":"wp","href":"https:\/\/api.w.org\/{rel}","templated":true}]}}