{"id":148897,"date":"2025-09-30T16:01:10","date_gmt":"2025-09-30T16:01:10","guid":{"rendered":"https:\/\/www.europesays.com\/es\/148897\/"},"modified":"2025-09-30T16:01:10","modified_gmt":"2025-09-30T16:01:10","slug":"volbeat-entrevista-antes-de-sus-conciertos-jon-larsen-bateria","status":"publish","type":"post","link":"https:\/\/www.europesays.com\/es\/148897\/","title":{"rendered":"VOLBEAT \u2013 Entrevista antes de sus conciertos Jon Larsen bater\u00eda"},"content":{"rendered":"<p>\u00a0<\/p>\n<p>\u00a0<\/p>\n<p><img loading=\"lazy\" decoding=\"async\" src=\"https:\/\/www.europesays.com\/es\/wp-content\/uploads\/2025\/09\/1759248068_596_logo2025.png\" alt=\"volbeat\" width=\"300\" height=\"101\"\/><br \/>\n<strong>VOLBEAT \u2013 Entrevista antes de sus conciertos Jon Larsen bater\u00eda<\/strong><\/p>\n<p><strong>Toc\u00e1is el 28 de octubre en el BEC de Bilbao, el 30 de octubre en el Sant Jordi Club de Barcelona y el 31 de octubre en el Palacio de Vistalegre de Madrid. Grandes recintos y locales. Imagino que los conciertos ser\u00e1n enormes y la producci\u00f3n a la medida de una banda como vosotros\u2026<\/strong><\/p>\n<p><strong>Jon Larsen<\/strong>.- Bueno, con suerte ver\u00e1s a cuatro idiotas ah\u00ed arriba que no cometen muchos errores. Ya en serio, bueno\u2026 b\u00e1sicamente es un concierto de rock. Tenemos algunos efectos pero todo se hace\u00a0 en plan vieja escuela. Aparte de eso, b\u00e1sicamente subimos y tocamos con la esperanza de que la gente se emocione.<\/p>\n<p>Es una gran gira, de las m\u00e1s grandes que hemos hecho con 70 fechas. Desde el 17 de junio hasta el 13 de noviembre.<\/p>\n<p><strong>Este tour, \u00abGreatest of All Tours Worldwide\u00bb, es una gira mundial de 70 fechas que abarcar\u00e1 del 7 de junio al 13 de noviembre de 2025. \u00bfQu\u00e9 significa para VOLBEAT hacer esta gran gira? <\/strong><\/p>\n<p><strong>Jon Larsen<\/strong>.- B\u00e1sicamente significa que podemos salir y tocar para la gente. Y en diferentes partes del mundo; empezamos en Canad\u00e1 en junio, luego bajamos a EE UU en verano, y ahora, ya sabes, nos toca Europa, donde empezamos la semana que viene en Dinamarca. Hoy estamos en B\u00e9lgica y de camino a Espa\u00f1a.<\/p>\n<p><strong>\u00bfTocar\u00e9is muchos temas de vuestro nuevo \u00e1lbum \u2018God Of Angels Trust\u2019? \u00bfCu\u00e1les?<\/strong><\/p>\n<p><strong>Jon Larsen<\/strong>.- Por supuesto que tocaremos temas de \u201cGod of Angels Trust\u201d. Estamos haciendo unos 5 temas ahora mismo, y el repertorio ha sido pr\u00e1cticamente el mismo desde que hemos empezado en Europa. Creo que este es el quinto de la gira europea.<\/p>\n<p>Podemos cambiar uno o dos temas aqu\u00ed y all\u00ed, pero tenemos una meta que es tocar 10 temas del nuevo disco a lo largo de la gira, y creo que ya lo hemos conseguido.<\/p>\n<p><strong>L\u00f3gicamente caer\u00e1n muchos cl\u00e1sicos\u2026<\/strong><\/p>\n<p><strong>Jon Larsen<\/strong>.- Hay canciones que han sido constantes en el repertorio,\u00a0 pero otras han ido rotando y probablemente eso sea lo que sigamos haciendo. Por supuesto siempre est\u00e1n los sospechosos habituales. Temas que siempre tocamos y que siempre tocaremos. As\u00ed que todos esos que se quejan pidiendo temas diferentes, dejad de llorar porque hay ciertas canciones que las vais a a escuchar todas las noches quer\u00e1is o no.<\/p>\n<p><img fetchpriority=\"high\" decoding=\"async\" src=\"https:\/\/www.europesays.com\/es\/wp-content\/uploads\/2025\/09\/volbeat_barna2022_1_500x267.jpg\" alt=\"VOLBEAT\" width=\"500\" height=\"267\"\/><\/p>\n<p><strong>\u00bfRecuerdas c\u00f3mo se compuso \u201cLola Montez? \u00bfQu\u00e9 sientes tocando noche tras noche \u201cLola Montez?<\/strong><\/p>\n<p><strong>Jon Larsen<\/strong>.- No tengo un recuerdo muy especial, la compusimos como cualquier otro tema. Cuando empiezas a hacer una canci\u00f3n no sabes si va a ser un tema especial o si va a ser un tema m\u00e1s, y fue as\u00ed con \u201cLola Montez\u201d. A la gente le ha gustado y\u2026 \u00bfqu\u00e9 puedo decir? Siempre sienta bien tener canciones que llegan tanto.<\/p>\n<p><strong>Hablemos de \u2018God Of Angels Trust\u2019. \u00bfCrees que es el \u00e1lbum m\u00e1s m\u00e1s pesado y salvaje de VOLBEAT hasta la fecha?<\/strong><\/p>\n<p><strong>Jon Larsen<\/strong>.- Para m\u00ed es una buena mezcla de todos los discos que hemos hecho. Hay cosas que son lo m\u00e1s ca\u00f1ero que hemos hecho y que podr\u00edan enlazar con los dos o tres primeros discos. Pero tambi\u00e9n hay cosas que podr\u00edan haber estado en \u201cRewind\u201d. Por eso digo que creo que es una buena mezcla de todo lo que hemos hecho hasta ahora.<\/p>\n<p>Probablemente sea un poco m\u00e1s refinado porque, lo creas o no, hemos mejorado como m\u00fasicos a lo largo de los a\u00f1os.<\/p>\n<p>En cualquier caso, si te gusta el material antiguo, creo que te gustar\u00e1 este disco. Pero tambi\u00e9n creo que si te gustaron los \u00faltimos, conf\u00edo en que este tambi\u00e9n te gustar\u00e1.<\/p>\n<p><strong>As\u00ed mismo, \u00bfcrees que es ligeramente m\u00e1s oscuro que sus predecesores, con temas centrados en ritos sat\u00e1nicos y asesinos en serie en lugar de g\u00e1nsteres de la \u00e9poca de la prohibici\u00f3n?<\/strong><\/p>\n<p><strong>Jon Larsen<\/strong>.- Bueno, s\u00ed, puedo estar de acuerdo. El rollo es que yo no escribo las letras, as\u00ed que tampoco te puedo decir gran cosa. Pero s\u00ed, hay letras que son como m\u00e1s oscuras, pero\u2026 sinceramente hoy en d\u00eda vivimos en un mundo bastante oscuro.<\/p>\n<p><strong>\u00bfConserva ese sello de boogie metal contundente que os ha caracterizado como banda? <\/strong><\/p>\n<p><strong>Jon Larsen<\/strong>.- Dir\u00eda que a lo mejor ahora est\u00e1 m\u00e1s diluido, por decirlo de alguna manera, pero por otra parte supongo que es una de nuestras sellas de identidad.<\/p>\n<p><strong>Primero vino el sencillo principal, \u00abBy a Monster\u2019s Hand\u00bb, luego \u00abIn the Barn of the Goat Giving Birth to Satan\u2019s Spawn in a Dying World of Doom\u201d, despu\u00e9s el tercer sencillo, \u00abTime Will Heal\u00bb, y para terminar \u201cDemonic Depression\u201d. Por favor, h\u00e1blame de estas cuatro canciones.<\/strong><\/p>\n<p><strong>Jon Larsen<\/strong>.- Creo que a la mayor\u00eda de la gente le gusta escuchar el disco. Y como he dicho, hay quien piensa que es un poco un retorno a las ra\u00edces por esa mezcla de temas ca\u00f1eros con cosas m\u00e1s mel\u00f3dicas. Pero en general creo que a la gente le ha gustado.<\/p>\n<p>Los cuatro singles son una buena representaci\u00f3n del disco. Son temas muy diferentes entre s\u00ed que creo que representan todas las facetas del \u00e1lbum.<\/p>\n<p><img loading=\"lazy\" decoding=\"async\" src=\"https:\/\/www.europesays.com\/es\/wp-content\/uploads\/2025\/09\/god_of_angels_trust300.jpg\" alt=\"VOLBEAT\" width=\"300\" height=\"300\"\/><\/p>\n<p><strong>\u00bfQu\u00e9 otro tema adem\u00e1s de estos cuatro, destacar\u00edas del \u00e1lbum y por qu\u00e9? <\/strong><\/p>\n<p><strong>Jon Larsen<\/strong>.- Yo prefiero quedarme con el disco completo. Creo que es trabajo de la gente decidir que temas son los mejores.<\/p>\n<p><strong>El estribillo de \u00abTime Will Heal\u00bb me recuerda cl\u00e1sico de\u00a0Lady Gaga\u00a0\u00abBad Romance\u00bb\u2026<\/strong><\/p>\n<p><strong>Jon Larsen<\/strong>.- \u00bfS\u00ed? No sabr\u00eda decirte. La gente es a veces muy personal para esas cosas.<\/p>\n<p><strong>El material ha sido producido por Jacob Hansen en sus estudios de Riba, Dinamarca. H\u00e1blame de ello\u2026 \u00bfEs cierto que la banda toc\u00f3 en directo en el estudio y termin\u00f3 la grabaci\u00f3n en tan solo 13 d\u00edas?<\/strong><\/p>\n<p><strong>Jon Larsen<\/strong>.- S\u00ed, aunque no se grab\u00f3 en directo como tal. Jacob se ha encargado de la producci\u00f3n, pero bueno, como siempre. Lleva ya muchos a\u00f1os con nosotros, as\u00ed que nos conocemos muy bien, aparte de que siempre entramos a grabar muy preparados. Tenemos los temas que necesitamos y llevamos ensay\u00e1ndolos al menos un par de meses, as\u00ed que sabemos lo que tenemos que hacer cuando entramos al estudio. Que adem\u00e1s el tiempo que pasas all\u00ed cuesta dinero. Dicho esto, ya lo hicimos con \u201cServant Of The Mind\u201d y nos llev\u00f3 poco m\u00e1s de dos semanas hacerlo. Y gran parte de lo que se oye en el nuevo \u00e1lbum son primeras tomas, algo que ya pasaba en \u201cServant Of The Mind\u201d.<\/p>\n<p>Obviamente puedes editar cosas y cortar aqu\u00ed y all\u00ed, pero de verdad que la mayor\u00eda de lo que se escucha son primeras tomas.<\/p>\n<p>Supongo que en cierto sentido puedes decir que se grab\u00f3 en directo, pero no que lo hayamos tocado juntos como tal.<\/p>\n<p><strong>En junio de 2023, el guitarrista Rob Caggiano dej\u00f3 la banda tras diez a\u00f1os. Ahora ten\u00e9is a Fleming C. Lund pero parece que no es un miembro oficial de la banda.<\/strong><\/p>\n<p><strong>Jon Larsen<\/strong>.- Fleming es tan miembro de la banda como el resto de nosotros. Ha grabado el disco, todos los solos, y es parte de la banda. Obviamente es un guitarrista diferente a Rob, pero creo que encaja muy bien. Adem\u00e1s nos llevamos todos muy bien y todos somos daneses, algo que tambi\u00e9n se nota. Podemos hablar en dan\u00e9s entre nosotros y a veces eso es toda una ventaja.<\/p>\n<p><img loading=\"lazy\" decoding=\"async\" src=\"https:\/\/www.europesays.com\/es\/wp-content\/uploads\/2025\/09\/volbeat2025_1.jpg\" alt=\"VOLBEAT\" width=\"500\" height=\"455\"\/><\/p>\n<p><strong>Y tras esta gira, \u00bfcu\u00e1les son los planes?<\/strong><\/p>\n<p><strong>Jon Larsen<\/strong>.- Creo que vamos a hacer unos cuantos festivales en Europa el verano que viene. Creo que Nova Rock se ha anunciado ya, pero habr\u00e1 otros de los que a\u00fan no puedo hablar. Ya veremos que pasa, a lo mejor nos ponemos a ensayar temas nuevos o aparecen otras ofertas para girar. De momento no hay muchas cosas sobre la mesa.<\/p>\n<p><strong>Despide la entrevista como quieras\u2026<\/strong><\/p>\n<p><strong>Jon Larsen<\/strong>.- Bueno, va a ser el clich\u00e9 de siempre, pero para todos nuestros fans en Espa\u00f1a, tenemos muchas ganas de volver y veros a todos de nuevo. Adem\u00e1s de comer algo de comida espa\u00f1ola y quiz\u00e1 algunos vasos de delicioso vino tinto. Os esperamos.<\/p>\n<p><strong>Rafa Basa <\/strong><\/p>\n<p><img loading=\"lazy\" decoding=\"async\" src=\"https:\/\/www.europesays.com\/es\/wp-content\/uploads\/2025\/09\/volbeat_cartel2025.jpg\" alt=\"VOLBEAT\" width=\"500\" height=\"704\"\/><\/p>\n<p><strong>\u00a0<\/strong><\/p>\n<p><strong>\u00a0<\/strong><\/p>\n","protected":false},"excerpt":{"rendered":"\u00a0 \u00a0 VOLBEAT \u2013 Entrevista antes de sus conciertos Jon Larsen bater\u00eda Toc\u00e1is el 28 de octubre en&hellip;\n","protected":false},"author":2,"featured_media":148898,"comment_status":"","ping_status":"","sticky":false,"template":"","format":"standard","meta":{"footnotes":""},"categories":[170],"tags":[146,147,25,24,184,185,23,45444],"class_list":{"0":"post-148897","1":"post","2":"type-post","3":"status-publish","4":"format-standard","5":"has-post-thumbnail","7":"category-musica","8":"tag-entertainment","9":"tag-entretenimiento","10":"tag-es","11":"tag-espana","12":"tag-music","13":"tag-musica","14":"tag-spain","15":"tag-volbeat"},"share_on_mastodon":{"url":"","error":""},"_links":{"self":[{"href":"https:\/\/www.europesays.com\/es\/wp-json\/wp\/v2\/posts\/148897","targetHints":{"allow":["GET"]}}],"collection":[{"href":"https:\/\/www.europesays.com\/es\/wp-json\/wp\/v2\/posts"}],"about":[{"href":"https:\/\/www.europesays.com\/es\/wp-json\/wp\/v2\/types\/post"}],"author":[{"embeddable":true,"href":"https:\/\/www.europesays.com\/es\/wp-json\/wp\/v2\/users\/2"}],"replies":[{"embeddable":true,"href":"https:\/\/www.europesays.com\/es\/wp-json\/wp\/v2\/comments?post=148897"}],"version-history":[{"count":0,"href":"https:\/\/www.europesays.com\/es\/wp-json\/wp\/v2\/posts\/148897\/revisions"}],"wp:featuredmedia":[{"embeddable":true,"href":"https:\/\/www.europesays.com\/es\/wp-json\/wp\/v2\/media\/148898"}],"wp:attachment":[{"href":"https:\/\/www.europesays.com\/es\/wp-json\/wp\/v2\/media?parent=148897"}],"wp:term":[{"taxonomy":"category","embeddable":true,"href":"https:\/\/www.europesays.com\/es\/wp-json\/wp\/v2\/categories?post=148897"},{"taxonomy":"post_tag","embeddable":true,"href":"https:\/\/www.europesays.com\/es\/wp-json\/wp\/v2\/tags?post=148897"}],"curies":[{"name":"wp","href":"https:\/\/api.w.org\/{rel}","templated":true}]}}