{"id":148911,"date":"2025-09-30T16:08:07","date_gmt":"2025-09-30T16:08:07","guid":{"rendered":"https:\/\/www.europesays.com\/es\/148911\/"},"modified":"2025-09-30T16:08:07","modified_gmt":"2025-09-30T16:08:07","slug":"trump-advierte-a-los-altos-mandos-militares-sobre-una-invasion-interior-en-estados-unidos-internacional","status":"publish","type":"post","link":"https:\/\/www.europesays.com\/es\/148911\/","title":{"rendered":"Trump advierte a los altos mandos militares sobre \u201cuna invasi\u00f3n interior\u201d en Estados Unidos | Internacional"},"content":{"rendered":"<p class=\"\">El presidente estadounidense, Donald Trump, ha aprovechado una ins\u00f3lita reuni\u00f3n de todos los generales del pa\u00eds, convocada por el Pent\u00e1gono, para advertir a los mandos militares sobre \u201cla invasi\u00f3n interior\u201d en Estados Unidos. \u201cNos encontramos bajo <a href=\"https:\/\/elpais.com\/internacional\/2025-09-18\/trump-dice-que-designara-a-antifa-como-organizacion-terrorista-sin-dar-mas-detalles.html\" target=\"_self\" rel=\"nofollow noopener\" title=\"https:\/\/elpais.com\/internacional\/2025-09-18\/trump-dice-que-designara-a-antifa-como-organizacion-terrorista-sin-dar-mas-detalles.html\">una invasi\u00f3n desde dentro<\/a>. No es diferente de la de un enemigo externo, pero m\u00e1s dif\u00edcil, de muchas maneras, porque no llevan uniformes\u201d, ha declarado el presidente en su arenga a los jefes de las Fuerzas Armadas en la base militar de Quantico (Virginia).<\/p>\n<p class=\"\">El acto en la academia de la Infanter\u00eda de Marina, para el que se convoc\u00f3 a todos los altos mandos estadounidenses, con independencia de d\u00f3nde estuvieran destinados (en cualquier lugar del mundo), ten\u00eda como objeto que Trump y su secretario de Defensa, Pete Hegseth presentaran su idea de c\u00f3mo deben ser las Fuerzas Armadas estadounidenses: un ej\u00e9rcito compuesto por \u201cguerreros\u201d y no \u201cdefensores\u201d, donde las barbas y las melenas estar\u00e1n prohibidas, en las que se acabar\u00e1n <a href=\"https:\/\/elpais.com\/internacional\/2025-02-22\/un-juez-bloquea-parte-de-los-decretos-de-trump-contra-la-diversidad-y-la-inclusion.html\" target=\"_self\" rel=\"nofollow noopener\" title=\"https:\/\/elpais.com\/internacional\/2025-02-22\/un-juez-bloquea-parte-de-los-decretos-de-trump-contra-la-diversidad-y-la-inclusion.html\">los esfuerzos por fomentar la diversidad<\/a>, la correcci\u00f3n pol\u00edtica estar\u00e1 prohibida y en la que las mujeres tendr\u00e1n que alcanzar los \u201cm\u00e1ximos\u201d est\u00e1ndares masculinos para desplegarse en puestos de combate, seg\u00fan expon\u00eda el jefe del Pent\u00e1gono.<\/p>\n<p class=\"\">La arenga se convirti\u00f3 en una defensa de la conversi\u00f3n de las Fuerzas Armadas en una herramienta pol\u00edtica. Y de su uso no solo contra los enemigos externos, sino contra quienes puedan discrepar de \u00e9l dentro de Estados Unidos. \u201cEl mes pasado firm\u00e9 una orden ejecutiva para adiestrar a una fuerza de reacci\u00f3n r\u00e1pida que contribuya a sofocar disturbios civiles. Esto va a ser algo grande para la gente en esta sala, porque es el enemigo interior y tenemos que enfrentarnos a \u00e9l antes de que quede fuera de control\u201d. <\/p>\n<p class=\"\">As\u00ed, Trump aprovech\u00f3 para defender su <a href=\"https:\/\/elpais.com\/internacional\/2025-09-27\/trump-ordena-el-despliegue-del-ejercito-y-el-uso-de-la-fuerza-total-contra-el-movimiento-antifa-en-portland.html\" target=\"_self\" rel=\"nofollow noopener\" title=\"https:\/\/elpais.com\/internacional\/2025-09-27\/trump-ordena-el-despliegue-del-ejercito-y-el-uso-de-la-fuerza-total-contra-el-movimiento-antifa-en-portland.html\">despliegue de las Fuerzas Armadas en ciudades gobernadas por la oposici\u00f3n dem\u00f3crata<\/a>, para lo que argumenta que esas urbes est\u00e1n dominadas por la violencia, aunque las cifras oficiales apuntasen lo contrario. \u201cDeber\u00edamos usar algunas de esas peligrosas ciudades como puestos de entrenamiento para nuestros militares\u201d, ha llegado a sostener el presidente. <\/p>\n<p class=\"\">Bajo el mando de Hegseth, el Pent\u00e1gono ha dado el visto bueno a las \u00f3rdenes de Donald Trump para desplegar tropas de la Guardia Nacional, o incluso de la Infanter\u00eda de Marina, en ciudades gobernadas por la oposici\u00f3n dem\u00f3crata, alegando que los niveles de violencia en ellas requieren ese paso extremo. Primero, Los \u00c1ngeles, despu\u00e9s Washington, Memphis y, seg\u00fan anunci\u00f3 este fin de semana, ahora Portland en Oreg\u00f3n. \u201cLa pr\u00f3xima ser\u00e1 Chicago\u201d, promet\u00eda Trump en su intervenci\u00f3n en Quantico, repitiendo lo que viene diciendo desde hace semanas. <\/p>\n<p class=\"\">Seg\u00fan \u00e9l, ahora \u201c<a href=\"https:\/\/elpais.com\/internacional\/2025-08-21\/trump-alardea-del-despliegue-de-tropas-y-policia-federal-en-washington.html\" target=\"_self\" rel=\"nofollow noopener\" title=\"https:\/\/elpais.com\/internacional\/2025-08-21\/trump-alardea-del-despliegue-de-tropas-y-policia-federal-en-washington.html\">Washington es ahora una ciudad segur\u00edsima<\/a>. Es perfecta. De hecho, he salido a cenar con mi gente, y antes no lo hubiera hecho\u201d, se ufanaba, en un discurso en el que fue oscilando de un tema a otro sin hilo aparente, desde la necesidad de conseguir una reuni\u00f3n entre los presidentes de Rusia y Ucrania, Vlad\u00edmir Putin y Volod\u00edmir Zelenski, a los aranceles, \u201cmi quinta palabra favorita\u201d.<\/p>\n<p class=\"\">\u201cEsto es para que ning\u00fan enemigo nos amenace y las fuerzas estadounidenses se mantengan como la entidad m\u00e1s letal y dominante en el planeta, no solo durante unos pocos a\u00f1os, sino para las d\u00e9cadas y generaciones del futuro durante siglos. Debemos ser tan poderosos que ning\u00fan enemigo se atreva a amenazarnos, y tan capaces que a ning\u00fan adversario se le pueda ni ocurrir golpearnos\u201d, sosten\u00eda Trump.<\/p>\n<p class=\"\">Aunque \u00e9l mismo parece tener ideas que torpedean ese objetivo. En un momento dado, se describi\u00f3 como \u201cuna persona muy est\u00e9tica\u201d para declarar que no le gustan los barcos militares estadounidenses con tecnolog\u00eda sigilosa. \u201cNo hace falta tener un barco feo para decir que tienes tecnolog\u00eda silenciosa\u201d, sosten\u00eda. <\/p>\n<p>\u201cCapacidad, car\u00e1cter, fortaleza y buena forma\u201d<\/p>\n<p class=\"\">El presidente asegur\u00f3 que el \u201cm\u00e9rito\u201d debe ser el \u00fanico criterio que gu\u00ede a su Gobierno y a las fuerzas estadounidenses. Trump, que aleg\u00f3 juanetes para evitar ser enviado a la guerra de Vietnam, sostuvo que contratan \u201ca la gente que va a hacer el mejor trabajo\u201d. \u201cEs el modo en que se levant\u00f3 este pa\u00eds&#8230; vamos a recuperar las prioridades de la capacidad, el car\u00e1cter, la fortaleza y el estar en forma. El ej\u00e9rcito estadounidense no est\u00e1 para proteger los sentimientos de nadie, sino para proteger nuestro pa\u00eds, y no seremos pol\u00edticamente correctos a la hora<b> <\/b>de defender la libertad estadounidense\u201d.<\/p>\n<p class=\"\">En un anfiteatro cubierto, sobre un escenario de color negro repleto de banderas \u2014la estadounidense y las de los cinco ej\u00e9rcitos de las fuerzas armadas estadounidenses (ej\u00e9rcito de Tierra, Marina, Fuerza A\u00e9rea, Infanter\u00eda de Marina y Guardacostas)\u2014, el secretario de Defensa, hasta el a\u00f1o pasado presentador de la cadena de televisi\u00f3n Fox News, pronunci\u00f3 su discurso como si se tratara de una charla TED, movi\u00e9ndose de un lado al otro del escenario, ante centenares de los militares m\u00e1s condecorados y con constelaciones de estrellas en sus charreteras. <\/p>\n<p class=\"\">Su arenga enumer\u00f3 el ej\u00e9rcito que tiene en mente, y que aspira a poner en pr\u00e1ctica: \u201cL\u00edderes pol\u00edticos irresponsables nos encaminaron en la mala direcci\u00f3n y nos perdimos. Nos convertimos en el \u2018Departamento Woke\u201d, sostuvo el jefe del Pent\u00e1gono. \u201cPero ya no\u201d. \u201cLa era de la correcci\u00f3n pol\u00edtica se ha terminado. O haces el trabajo de modo disciplinado, est\u00e1s adiestrado y en forma, o te vas\u201d. Seg\u00fan Hegseth, est\u00e1 \u201charto\u201d de \u201cver formaciones de combate o cualquier otra formaci\u00f3n y ver soldados gordos\u201d. \u201cTambi\u00e9n es completamente inaceptable ver generales y almirantes rollizos en los pasillos del Pent\u00e1gono\u201d, a\u00f1adi\u00f3.<\/p>\n<p class=\"\">\u201cSi lo que estoy diciendo les deprime, entonces deber\u00edan optar por la v\u00eda honorable y dimitir\u201d, apuntaba. \u201cPero s\u00e9 que la inmensa mayor\u00eda de ustedes sienten exactamente lo contrario y se sienten liberados por mis palabras\u201d. <\/p>\n<p class=\"\">La cita hab\u00eda causado un enorme desconcierto dentro de las filas del Pent\u00e1gono. No es habitual ni recomendado por motivos de seguridad una reuni\u00f3n de tales dimensiones de l\u00edderes militares en un \u00fanico lugar. Tambi\u00e9n ha causado sorpresa el modo de la convocatoria, cargado de secretismo hasta que Trump anunci\u00f3 que se sumar\u00eda al evento. Inicialmente, el Pent\u00e1gono se hab\u00eda limitado a convocar a sus generales, sin indicar cu\u00e1l era el motivo de la reuni\u00f3n.<\/p>\n<p class=\"\">La cita es la iniciativa m\u00e1s reciente en una serie de pasos de Hegseth para transformar el Pent\u00e1gono en una instituci\u00f3n a la imagen y semejanza del concepto militar de Donald Trump. Unos pasos que llevaron el mes pasado a alterar el nombre del Departamento que encabeza. Aunque \u201cDepartamento de Defensa\u201d sigue siendo v\u00e1lido \u2014un cambio completo requerir\u00eda la aprobaci\u00f3n del Congreso\u2014, la denominaci\u00f3n preferida de esta Administraci\u00f3n es ahora <a href=\"https:\/\/elpais.com\/internacional\/2025-09-05\/trump-cambia-el-nombre-del-pentagono-por-el-de-departamento-de-guerra.html\" target=\"_self\" rel=\"nofollow noopener\" title=\"https:\/\/elpais.com\/internacional\/2025-09-05\/trump-cambia-el-nombre-del-pentagono-por-el-de-departamento-de-guerra.html\">el Departamento de Guerra<\/a>. Trump ha justificado esa decisi\u00f3n porque, seg\u00fan \u00e9l, el nuevo nombre \u2014que recupera la apelaci\u00f3n vigente hasta el final de la II Guerra Mundial\u2014 es m\u00e1s acorde con la imagen de \u201cletalidad\u201d que quiere transmitir. <\/p>\n<p class=\"\">Antes de ese cambio ret\u00f3rico hab\u00edan llegado otras reformas de mucho mayor calado, que pueden tener consecuencias durante generaciones en la composici\u00f3n del ej\u00e9rcito m\u00e1s poderoso del mundo. A su llegada, Hegseth, que hab\u00eda escrito en contra de que las mujeres pudieran ocupar puestos de combate, prohibi\u00f3 de inmediato que las personas trans pudieran enrolarse en las fuerzas armadas.<\/p>\n<p class=\"\">En sus primeras semanas de mando, el antiguo presentador de televisi\u00f3n y veterano de guerra <a href=\"https:\/\/elpais.com\/internacional\/2025-02-22\/trump-purga-a-los-altos-mandos-en-las-fuerzas-armadas-de-estados-unidos.html\" target=\"_self\" rel=\"nofollow noopener\" title=\"https:\/\/elpais.com\/internacional\/2025-02-22\/trump-purga-a-los-altos-mandos-en-las-fuerzas-armadas-de-estados-unidos.html\">ces\u00f3 a varios de los m\u00e1s altos mandos militares<\/a>, incluido el jefe del Estado Mayor. El general C. Q. Brown, el primer afroamericano que llegaba a ese puesto, hab\u00eda sido nombrado jefe de Estado Mayor del Ej\u00e9rcito de Tierra por el propio Trump durante su primer mandato. Pero Hegseth consider\u00f3 que sus posiciones eran demasiado progresistas. Otros ceses incluyeron tambi\u00e9n a mujeres en altas posiciones de mando, como Lisa Franchetti, jefa del cuerpo de Guardacostas.<\/p>\n<p class=\"\">Hegseth tambi\u00e9n ces\u00f3 a los jefes de los departamentos jur\u00eddicos de las distintas ramas de las Fuerzas Armadas, un paso que las organizaciones defensoras de los derechos civiles consideran especialmente alarmante: esos profesionales son los encargados de asesorar a los responsables del Pent\u00e1gono sobre la legalidad de los actos militares. Como, por ejemplo, <a href=\"https:\/\/elpais.com\/internacional\/2025-09-19\/trump-anuncia-un-cuarto-ataque-contra-una-presunta-narcolancha-en-el-caribe.html\" target=\"_self\" rel=\"nofollow noopener\" title=\"https:\/\/elpais.com\/internacional\/2025-09-19\/trump-anuncia-un-cuarto-ataque-contra-una-presunta-narcolancha-en-el-caribe.html\">el hundimiento con misiles de lanchas venezolanas<\/a> en aguas internacionales en el Caribe, con el argumento de que transportan drogas para su distribuci\u00f3n en Estados Unidos.<\/p>\n<p class=\"\">Este fin de semana las senadoras dem\u00f3cratas Tammy Duckworth y Mazie Hirono, ambas miembros del Comit\u00e9 de servicios armados de la C\u00e1mara Alta, enviaron una carta al jefe del Pent\u00e1gono en la que ped\u00edan transparencia en torno al evento de Quantico y ped\u00edan que la Administraci\u00f3n explicara sus planes en caso de que se produjera alg\u00fan tipo de incidente de seguridad.<\/p>\n<p class=\"\">\u201cPara una Administraci\u00f3n obsesionada con eliminar el derroche, es absurdo convocar esta reuni\u00f3n repentina e intensiva en el uso de tiempo y recursos para que nuestros mandos militares m\u00e1s altos, todos los cuales se han ganado sus posiciones mediante un rendimiento sobresaliente a lo largo de d\u00e9cadas de servicio, para que supuestamente tengan que o\u00edrle a usted, el secretario de Defensa menos cualificado del que se tiene memoria, darles lecciones sobre est\u00e1ndares militares y combate\u201d, escrib\u00edan las dos senadoras. <\/p>\n","protected":false},"excerpt":{"rendered":"El presidente estadounidense, Donald Trump, ha aprovechado una ins\u00f3lita reuni\u00f3n de todos los generales del pa\u00eds, convocada por&hellip;\n","protected":false},"author":2,"featured_media":148912,"comment_status":"","ping_status":"","sticky":false,"template":"","format":"standard","meta":{"footnotes":""},"categories":[42],"tags":[17,18,1616,352,629,13,14,2589,582,11,45449,61,62,63,64,19,20,29237,9,10,15,16,17921,33201,12,21,22,65,66,67],"class_list":{"0":"post-148911","1":"post","2":"type-post","3":"status-publish","4":"format-standard","5":"has-post-thumbnail","7":"category-internacional","8":"tag-breaking-news","9":"tag-breakingnews","10":"tag-defensa","11":"tag-donald-trump","12":"tag-estados-unidos","13":"tag-featured-news","14":"tag-featurednews","15":"tag-fuerzas-armadas","16":"tag-gobierno","17":"tag-headlines","18":"tag-infanteria","19":"tag-internacional","20":"tag-international","21":"tag-international-news","22":"tag-internationalnews","23":"tag-latest-news","24":"tag-latestnews","25":"tag-militares-carrera","26":"tag-news","27":"tag-noticias","28":"tag-noticias-destacadas","29":"tag-noticiasdestacadas","30":"tag-pentagono","31":"tag-pete-hegseth","32":"tag-titulares","33":"tag-ultimas-noticias","34":"tag-ultimasnoticias","35":"tag-world","36":"tag-world-news","37":"tag-worldnews"},"share_on_mastodon":{"url":"","error":""},"_links":{"self":[{"href":"https:\/\/www.europesays.com\/es\/wp-json\/wp\/v2\/posts\/148911","targetHints":{"allow":["GET"]}}],"collection":[{"href":"https:\/\/www.europesays.com\/es\/wp-json\/wp\/v2\/posts"}],"about":[{"href":"https:\/\/www.europesays.com\/es\/wp-json\/wp\/v2\/types\/post"}],"author":[{"embeddable":true,"href":"https:\/\/www.europesays.com\/es\/wp-json\/wp\/v2\/users\/2"}],"replies":[{"embeddable":true,"href":"https:\/\/www.europesays.com\/es\/wp-json\/wp\/v2\/comments?post=148911"}],"version-history":[{"count":0,"href":"https:\/\/www.europesays.com\/es\/wp-json\/wp\/v2\/posts\/148911\/revisions"}],"wp:featuredmedia":[{"embeddable":true,"href":"https:\/\/www.europesays.com\/es\/wp-json\/wp\/v2\/media\/148912"}],"wp:attachment":[{"href":"https:\/\/www.europesays.com\/es\/wp-json\/wp\/v2\/media?parent=148911"}],"wp:term":[{"taxonomy":"category","embeddable":true,"href":"https:\/\/www.europesays.com\/es\/wp-json\/wp\/v2\/categories?post=148911"},{"taxonomy":"post_tag","embeddable":true,"href":"https:\/\/www.europesays.com\/es\/wp-json\/wp\/v2\/tags?post=148911"}],"curies":[{"name":"wp","href":"https:\/\/api.w.org\/{rel}","templated":true}]}}