{"id":148915,"date":"2025-09-30T16:10:15","date_gmt":"2025-09-30T16:10:15","guid":{"rendered":"https:\/\/www.europesays.com\/es\/148915\/"},"modified":"2025-09-30T16:10:15","modified_gmt":"2025-09-30T16:10:15","slug":"la-femp-aprueba-la-declaracion-de-fuenlabrada-30-09-2025","status":"publish","type":"post","link":"https:\/\/www.europesays.com\/es\/148915\/","title":{"rendered":"La FEMP aprueba la Declaracion de Fuenlabrada 30-09-2025"},"content":{"rendered":"\n<p><strong>Ha sido aprobada por unanimidad en la Junta de Gobierno de la FEMP celebrada hoy en nuestra ciudad<\/strong><\/p>\n<p>Fuenlabrada ha acogido hoy la reuni\u00f3n ordinaria de la Junta de Gobierno de la Federaci\u00f3n Espa\u00f1ola de Municipios y Provincias (FEMP). En ella se ha aprobado por unanimidad la \u2018Declaraci\u00f3n de Fuenlabrada\u2019, propuesta por el alcalde, Javier Ayala, en la que se solicita a todas las administraciones una mayor autonom\u00eda local.<\/p>\n<p>Adem\u00e1s de demandar que se reconozca la autonom\u00eda y el autogobierno de los municipios, tambi\u00e9n se ha solicitado al resto de administraciones, europea, estatal y de las comunidades aut\u00f3nomas, que se disminuya la burocracia, ya que esta muchas veces dificulta el trato con los ciudadanos y ciudadanas. Para ser m\u00e1s eficientes, los ayuntamientos necesitan m\u00e1s celeridad, lo que se consigue con menos burocracia.<\/p>\n<p>El alcalde de Fuenlabrada, Javier Ayala, ha querido destacar que con esta declaraci\u00f3n \u201chemos ratificado que seguimos queriendo construir Europa desde nuestra autonom\u00eda local, y el mejor ejemplo es la FEMP, donde intentamos encontrar puntos de encuentro, reivindicando para nuestros vecinos y vecinas\u201d.<\/p>\n<p>Ayala ha puesto en valor c\u00f3mo \u201calcaldes y alcaldesas de distinto signo pol\u00edtico somos capaces de ponernos de acuerdo y como muestra hoy se han aprobado por unanimidad todas las decisiones de todos los grupos pol\u00edticos.\u201d<\/p>\n<p>La FEMP ha celebrado hoy la Junta de Gobierno en nuestra ciudad. Un encuentro donde se han analizado cuestiones de inter\u00e9s para los gobiernos locales.<\/p>\n<p>Ayer, en el marco del 45 aniversario de la FEMP, tuvo lugar tambi\u00e9n en Fuenlabrada la jornada \u2018El futuro de Europa desde la autonom\u00eda local\u2019.<\/p>\n<p>\u00a0<\/p>\n<p>\n          Declaraciones del alcalde, Javier Ayala\n         <\/p>\n","protected":false},"excerpt":{"rendered":"Ha sido aprobada por unanimidad en la Junta de Gobierno de la FEMP celebrada hoy en nuestra ciudad&hellip;\n","protected":false},"author":2,"featured_media":148916,"comment_status":"","ping_status":"","sticky":false,"template":"","format":"standard","meta":{"footnotes":""},"categories":[5],"tags":[17,18,25,24,13,14,11,19,20,9,10,15,16,23,12,21,22],"class_list":{"0":"post-148915","1":"post","2":"type-post","3":"status-publish","4":"format-standard","5":"has-post-thumbnail","7":"category-titulares","8":"tag-breaking-news","9":"tag-breakingnews","10":"tag-es","11":"tag-espana","12":"tag-featured-news","13":"tag-featurednews","14":"tag-headlines","15":"tag-latest-news","16":"tag-latestnews","17":"tag-news","18":"tag-noticias","19":"tag-noticias-destacadas","20":"tag-noticiasdestacadas","21":"tag-spain","22":"tag-titulares","23":"tag-ultimas-noticias","24":"tag-ultimasnoticias"},"share_on_mastodon":{"url":"","error":""},"_links":{"self":[{"href":"https:\/\/www.europesays.com\/es\/wp-json\/wp\/v2\/posts\/148915","targetHints":{"allow":["GET"]}}],"collection":[{"href":"https:\/\/www.europesays.com\/es\/wp-json\/wp\/v2\/posts"}],"about":[{"href":"https:\/\/www.europesays.com\/es\/wp-json\/wp\/v2\/types\/post"}],"author":[{"embeddable":true,"href":"https:\/\/www.europesays.com\/es\/wp-json\/wp\/v2\/users\/2"}],"replies":[{"embeddable":true,"href":"https:\/\/www.europesays.com\/es\/wp-json\/wp\/v2\/comments?post=148915"}],"version-history":[{"count":0,"href":"https:\/\/www.europesays.com\/es\/wp-json\/wp\/v2\/posts\/148915\/revisions"}],"wp:featuredmedia":[{"embeddable":true,"href":"https:\/\/www.europesays.com\/es\/wp-json\/wp\/v2\/media\/148916"}],"wp:attachment":[{"href":"https:\/\/www.europesays.com\/es\/wp-json\/wp\/v2\/media?parent=148915"}],"wp:term":[{"taxonomy":"category","embeddable":true,"href":"https:\/\/www.europesays.com\/es\/wp-json\/wp\/v2\/categories?post=148915"},{"taxonomy":"post_tag","embeddable":true,"href":"https:\/\/www.europesays.com\/es\/wp-json\/wp\/v2\/tags?post=148915"}],"curies":[{"name":"wp","href":"https:\/\/api.w.org\/{rel}","templated":true}]}}