{"id":148921,"date":"2025-09-30T16:13:09","date_gmt":"2025-09-30T16:13:09","guid":{"rendered":"https:\/\/www.europesays.com\/es\/148921\/"},"modified":"2025-09-30T16:13:09","modified_gmt":"2025-09-30T16:13:09","slug":"ya-es-oficial-joel-alvarez-sube-al-welter-en-rio","status":"publish","type":"post","link":"https:\/\/www.europesays.com\/es\/148921\/","title":{"rendered":"\u00a1Ya es oficial! Joel \u00c1lvarez sube al w\u00e9lter en R\u00edo"},"content":{"rendered":"<p class=\"\">La UFC confirm\u00f3 a trav\u00e9s de sus redes sociales que <b>Joel \u00c1lvarez har\u00e1 su debut en el peso w\u00e9lter en el UFC R\u00edo de Janeiro<\/b> del pr\u00f3ximo 11 de octubre (01:00 horas, <a href=\"https:\/\/play.hbomax.com\/\u00e7\" target=\"_self\" rel=\"nofollow noopener\" title=\"https:\/\/play.hbomax.com\/\u00e7\">MAX<\/a>) ante <a href=\"https:\/\/as.com\/masdeporte\/polideportivo\/joel-alvarez-ya-tiene-rival-para-dar-el-salto-vicente-luque-n\/\" target=\"_self\" rel=\"nofollow noopener\" title=\"https:\/\/as.com\/masdeporte\/polideportivo\/joel-alvarez-ya-tiene-rival-para-dar-el-salto-vicente-luque-n\/\">el brasile\u00f1o Vicente Luque<\/a>. El evento ser\u00e1 encabezado por el regreso de Charles Oliveira tras el KO de Ilia Topuria, que se enfrentar\u00e1 a Mateusz Gamrot.<b> \u201c\u00a1Hora de trabajar!\u201d, comparti\u00f3 el <\/b><b>Fen\u00f3meno<\/b> en su cuenta de Instagram. <\/p>\n<p class=\"\">\u00c1lvarez negoci\u00f3 la pelea a corto aviso, a menos de dos semanas. Luque ten\u00eda previsto medirse con Santiago Ponzinibbio, pero<b> el argentino cay\u00f3 de la cartelera por una lesi\u00f3n <\/b>de la que no se han dado detalles. Ah\u00ed surgi\u00f3 la figura de Joel, que quer\u00eda debutar en el peso w\u00e9lter, despu\u00e9s de haber realizado toda su carrera en UFC en el ligero, llegando a estar en el Top-15 <b>(fue el primer espa\u00f1ol en entrar en el ranking de la compa\u00f1\u00eda de los mejores de su peso). <\/b><\/p>\n<p class=\"\">Aunque parec\u00eda que la UFC quer\u00eda que el Fen\u00f3meno se quedase en las 155 libras, el espa\u00f1ol insisti\u00f3 en subir de peso, ya que se siente m\u00e1s c\u00f3modo a la hora de realizar las preparaciones y <a href=\"https:\/\/as.com\/masdeporte\/polideportivo\/asi-funcionan-las-categorias-de-peso-en-la-ufc-cuantos-kg-se-puede-pesar-en-cada-una-n\/\" target=\"_self\" rel=\"nofollow noopener\" title=\"https:\/\/as.com\/masdeporte\/polideportivo\/asi-funcionan-las-categorias-de-peso-en-la-ufc-cuantos-kg-se-puede-pesar-en-cada-una-n\/\">el corte no ser\u00eda tan duro<\/a><b> (Joel mide 1,91 metros y en el ligero tiene que dar 70,3 kg<\/b>). Por eso, esta es una oportunidad de oro para el gijon\u00e9s, medirse con uno de los grandes nombres de la categor\u00eda, aunque no est\u00e9 ranqueado. <b>Ser\u00e1 el antepen\u00faltimo combate de la noche. <\/b><\/p>\n<p class=\"\">La \u00faltima vez que \u00c1lvarez subi\u00f3 a la jaula fue a finales del a\u00f1o pasado, y<b> lo hizo con <\/b><a href=\"https:\/\/as.com\/masdeporte\/polideportivo\/un-brutal-ko-de-joel-alvarez-para-cerrar-el-mejor-ano-de-las-mma-espanolas-n\/\" target=\"_self\" rel=\"nofollow noopener\" title=\"https:\/\/as.com\/masdeporte\/polideportivo\/un-brutal-ko-de-joel-alvarez-para-cerrar-el-mejor-ano-de-las-mma-espanolas-n\/\"><b>un KO brutal al estadounidense Drakkar Klose<\/b><\/a><b> en el UFC de Tampa<\/b>. Ahora, es el momento de que el espa\u00f1ol se abra camino en la nueva categor\u00eda (el ligero est\u00e1 actualmente liderado por Ilia Topuria), en la que reina <a href=\"https:\/\/as.com\/masdeporte\/polideportivo\/es-oficial-makhachev-peleara-por-el-titulo-del-welter-con-della-maddalena-n\/\" target=\"_self\" rel=\"nofollow noopener\" title=\"https:\/\/as.com\/masdeporte\/polideportivo\/es-oficial-makhachev-peleara-por-el-titulo-del-welter-con-della-maddalena-n\/\">Jack Della Maddalena, que defender\u00e1 su corona ante Islam Makhachev<\/a> en noviembre. Joel, si acumula buenas victorias, <b>podr\u00eda poner su nombre sobre la mesa r\u00e1pido para entrar en la lucha por el cintur\u00f3n.<\/b> <\/p>\n<p>Noticias relacionadas<a href=\"https:\/\/as.com\/masdeporte\/polideportivo\/conor-hughes-frena-el-sueno-de-los-van-steenis-n\/\" class=\"s_m_w\" title=\"El brit\u00e1nico noque\u00f3 en el primer asalto con una high kick a Gino en la semifinal del peso ligero en PFL Europa, en el evento que se disput\u00f3 en Nantes, Francia. \" data-tb-link=\"\" rel=\"nofollow noopener\" target=\"_blank\"><img decoding=\"async\" src=\"https:\/\/www.europesays.com\/es\/wp-content\/uploads\/2025\/09\/1759248788_518_3ID3IKBM3NEG3LJ7NKLZZJ7EFE.jpg\" alt=\"Conor Hughes frena el sue\u00f1o de los Van Steenis \" class=\"\" height=\"1\" width=\"1\"   loading=\"lazy\" data-tb-thumbnail=\"\"\/><\/a><a href=\"https:\/\/as.com\/masdeporte\/polideportivo\/wow-vuelve-a-madrid-con-ibragimov-en-cabeza-n\/\" class=\"s_m_w\" title=\"La promotora de la que es accionista Ilia Topuria ya revela su pr\u00f3ximo asalto a la capital, el 13 de diciembre, con la primera defensa del cintur\u00f3n del peso ligero del daguestan\u00ed ante Tornike Svanidze. \" data-tb-link=\"\" rel=\"nofollow noopener\" target=\"_blank\"><img decoding=\"async\" src=\"https:\/\/www.europesays.com\/es\/wp-content\/uploads\/2025\/09\/42FI3IVAFVED5P5MU5523CEV7E.jpg\" alt=\"WOW vuelve a Madrid con Ibragimov en cabeza\" class=\"\" height=\"1\" width=\"1\"   loading=\"lazy\" data-tb-thumbnail=\"\"\/><\/a><\/p>\n<p class=\"\"><b>\u00a1Tus opiniones importan!<\/b> Comenta en los art\u00edculos y suscr\u00edbete gratis a nuestra <a href=\"https:\/\/asfan.as.com\/newsletters\/\" target=\"_blank\" rel=\"nofollow noopener\" title=\"https:\/\/asfan.as.com\/newsletters\/\">newsletter<\/a> y a las alertas informativas en la <a href=\"https:\/\/as.com\/aplicacion-de-as-n\/\" target=\"_blank\" rel=\"nofollow noopener\" title=\"https:\/\/as.com\/aplicacion-de-as-n\/\">App<\/a> o el canal de <a href=\"https:\/\/www.whatsapp.com\/channel\/0029VaAasdA7j6g745nz9M10\" target=\"_blank\" rel=\"nofollow noopener\" title=\"https:\/\/www.whatsapp.com\/channel\/0029VaAasdA7j6g745nz9M10\">WhatsApp<\/a>. <\/p>\n<p class=\"\">\u00bfBuscas licenciar contenido? Haz clic <a href=\"https:\/\/profesional.elpais.com\/soluciones-sindicacion?utm_medium=interno&amp;utm_source=crosslinking&amp;utm_campaign=sindicacion_as_pie_articulos\" target=\"_blank\" rel=\"nofollow noopener\" title=\"https:\/\/profesional.elpais.com\/soluciones-sindicacion?utm_medium=interno&amp;utm_source=crosslinking&amp;utm_campaign=sindicacion_as_pie_articulos\">aqu\u00ed<\/a><\/p>\n","protected":false},"excerpt":{"rendered":"La UFC confirm\u00f3 a trav\u00e9s de sus redes sociales que Joel \u00c1lvarez har\u00e1 su debut en el peso&hellip;\n","protected":false},"author":2,"featured_media":148922,"comment_status":"","ping_status":"","sticky":false,"template":"","format":"standard","meta":{"footnotes":""},"categories":[276],"tags":[168,25,24,23,167,343],"class_list":{"0":"post-148921","1":"post","2":"type-post","3":"status-publish","4":"format-standard","5":"has-post-thumbnail","7":"category-ufc","8":"tag-deportes","9":"tag-es","10":"tag-espana","11":"tag-spain","12":"tag-sports","13":"tag-ufc"},"share_on_mastodon":{"url":"","error":""},"_links":{"self":[{"href":"https:\/\/www.europesays.com\/es\/wp-json\/wp\/v2\/posts\/148921","targetHints":{"allow":["GET"]}}],"collection":[{"href":"https:\/\/www.europesays.com\/es\/wp-json\/wp\/v2\/posts"}],"about":[{"href":"https:\/\/www.europesays.com\/es\/wp-json\/wp\/v2\/types\/post"}],"author":[{"embeddable":true,"href":"https:\/\/www.europesays.com\/es\/wp-json\/wp\/v2\/users\/2"}],"replies":[{"embeddable":true,"href":"https:\/\/www.europesays.com\/es\/wp-json\/wp\/v2\/comments?post=148921"}],"version-history":[{"count":0,"href":"https:\/\/www.europesays.com\/es\/wp-json\/wp\/v2\/posts\/148921\/revisions"}],"wp:featuredmedia":[{"embeddable":true,"href":"https:\/\/www.europesays.com\/es\/wp-json\/wp\/v2\/media\/148922"}],"wp:attachment":[{"href":"https:\/\/www.europesays.com\/es\/wp-json\/wp\/v2\/media?parent=148921"}],"wp:term":[{"taxonomy":"category","embeddable":true,"href":"https:\/\/www.europesays.com\/es\/wp-json\/wp\/v2\/categories?post=148921"},{"taxonomy":"post_tag","embeddable":true,"href":"https:\/\/www.europesays.com\/es\/wp-json\/wp\/v2\/tags?post=148921"}],"curies":[{"name":"wp","href":"https:\/\/api.w.org\/{rel}","templated":true}]}}