{"id":148925,"date":"2025-09-30T16:16:15","date_gmt":"2025-09-30T16:16:15","guid":{"rendered":"https:\/\/www.europesays.com\/es\/148925\/"},"modified":"2025-09-30T16:16:15","modified_gmt":"2025-09-30T16:16:15","slug":"cro-race-recorrido-perfiles-de-etapa-y-dorsales-oficiales","status":"publish","type":"post","link":"https:\/\/www.europesays.com\/es\/148925\/","title":{"rendered":"CRO Race: Recorrido, perfiles de etapa y dorsales oficiales"},"content":{"rendered":"<p><a href=\"https:\/\/www.europesays.com\/es\/wp-content\/uploads\/2025\/09\/Cro-Race-2025-Percorso.jpg\" target=\"_blank\" rel=\"noopener\"><img fetchpriority=\"high\" decoding=\"async\" aria-describedby=\"caption-attachment-448734\" class=\"wp-image-448734  lazy\" src=\"data:image\/svg+xml,%3Csvg%20xmlns=\" http:=\"\" data-src=\"https:\/\/www.europesays.com\/es\/wp-content\/uploads\/2025\/09\/Cro-Race-2025-Percorso.jpg\" alt=\"\" width=\"700\" height=\"488\" data- data-\/><\/a><\/p>\n<p id=\"caption-attachment-448734\" class=\"wp-caption-text\">Recorrido de la edici\u00f3n 2025 \u00a9 CRO Race<\/p>\n<p><strong>Redacci\u00f3n \/\u00a0<a href=\"https:\/\/t.me\/ciclo21\" target=\"_blank\" rel=\"noopener nofollow\">Ciclo 21<\/a><\/strong><\/p>\n<p style=\"text-align: justify;\">La 10\u00aa edici\u00f3n de la <strong>CRO Race<\/strong> (2.1) se disputar\u00e1 entre <strong>el 30 de septiembre y el 5 de octubre<\/strong> entre las localidades de Split y Zagreb. El recorrido lo compondr\u00e1n 925 kil\u00f3metros repartidos entre <strong>seis jornadas<\/strong> en l\u00ednea llanas o de media monta\u00f1a.<strong> La etapa reina se vivir\u00e1 el viernes<\/strong>, con un puerto de categor\u00eda especial en el camino y un desenlace en circuito con final en alto.<\/p>\n<p style=\"text-align: justify;\">En la prueba eslovaca participar\u00e1n siete equipos de categor\u00eda WorldTeam, seis ProTeams y siete continentales. <strong>Caja Rural y Kern Pharma<\/strong> ser\u00e1n los representantes espa\u00f1oles. El vigente campe\u00f3n de la carrera es el estadounidense <strong>Brandon McNulty<\/strong>.<\/p>\n<p><strong>LAS ETAPAS 2025<\/strong><\/p>\n<p><strong>1\u00aa: Martes 30 septiembre. Split \u2013 Sinj (162,5 km)<\/strong><\/p>\n<p><a href=\"https:\/\/www.europesays.com\/es\/wp-content\/uploads\/2025\/09\/CRO-Race-1.jpg\" target=\"_blank\" rel=\"noopener\"><img loading=\"lazy\" decoding=\"async\" aria-describedby=\"caption-attachment-448736\" class=\"wp-image-448736  lazy\" src=\"data:image\/svg+xml,%3Csvg%20xmlns=\" http:=\"\" data-src=\"https:\/\/www.europesays.com\/es\/wp-content\/uploads\/2025\/09\/CRO-Race-1.jpg\" alt=\"\" width=\"850\" height=\"213\" data- data-\/><\/a><\/p>\n<p id=\"caption-attachment-448736\" class=\"wp-caption-text\">Perfil de la 1\u00aa etapa \u00a9 CRO Race<\/p>\n<p><strong>2\u00aa: Mi\u00e9rcoles 1 octubre. Biograd na Moru \u2013 Novalja (114,5 km)<\/strong><\/p>\n<p><a href=\"https:\/\/www.europesays.com\/es\/wp-content\/uploads\/2025\/09\/CRO-Race-2.jpg\" target=\"_blank\" rel=\"noopener\"><img loading=\"lazy\" decoding=\"async\" aria-describedby=\"caption-attachment-448737\" class=\"wp-image-448737  lazy\" src=\"data:image\/svg+xml,%3Csvg%20xmlns=\" http:=\"\" data-src=\"https:\/\/www.europesays.com\/es\/wp-content\/uploads\/2025\/09\/CRO-Race-2.jpg\" alt=\"\" width=\"850\" height=\"213\" data- data-\/><\/a><\/p>\n<p id=\"caption-attachment-448737\" class=\"wp-caption-text\">Perfil de la 2\u00aa etapa \u00a9 CRO Race<\/p>\n<p><strong>3\u00aa: Jueves 2 octubre. Gospi\u0107 \u2013 Rijeka (150,5 km)<\/strong><\/p>\n<p><a href=\"https:\/\/www.europesays.com\/es\/wp-content\/uploads\/2025\/09\/CRO-Race-3.jpg\" target=\"_blank\" rel=\"noopener\"><img loading=\"lazy\" decoding=\"async\" aria-describedby=\"caption-attachment-448738\" class=\"wp-image-448738  lazy\" src=\"data:image\/svg+xml,%3Csvg%20xmlns=\" http:=\"\" data-src=\"https:\/\/www.europesays.com\/es\/wp-content\/uploads\/2025\/09\/CRO-Race-3.jpg\" alt=\"\" width=\"850\" height=\"213\" data- data-\/><\/a><\/p>\n<p id=\"caption-attachment-448738\" class=\"wp-caption-text\">Perfil de la 3\u00aa etapa \u00a9 CRO Race<\/p>\n<p><strong>4\u00aa: Viernes 3 octubre. Krk \u2013 Labin (190,5 km)<\/strong><\/p>\n<p><a href=\"https:\/\/www.europesays.com\/es\/wp-content\/uploads\/2025\/09\/CRO-Race-4.jpg\" target=\"_blank\" rel=\"noopener\"><img loading=\"lazy\" decoding=\"async\" aria-describedby=\"caption-attachment-448739\" class=\"wp-image-448739  lazy\" src=\"data:image\/svg+xml,%3Csvg%20xmlns=\" http:=\"\" data-src=\"https:\/\/www.europesays.com\/es\/wp-content\/uploads\/2025\/09\/CRO-Race-4.jpg\" alt=\"\" width=\"850\" height=\"213\" data- data-\/><\/a><\/p>\n<p id=\"caption-attachment-448739\" class=\"wp-caption-text\">Perfil de la 4\u00aa etapa \u00a9 CRO Race<\/p>\n<p><strong>5\u00aa: S\u00e1bado 4 octubre. Karlovac \u2013 Sveta Nedelja (150,5 km)<\/strong><\/p>\n<p><a href=\"https:\/\/www.europesays.com\/es\/wp-content\/uploads\/2025\/09\/CRO-Race-5.jpg\" target=\"_blank\" rel=\"noopener\"><img loading=\"lazy\" decoding=\"async\" aria-describedby=\"caption-attachment-448740\" class=\"wp-image-448740  lazy\" src=\"data:image\/svg+xml,%3Csvg%20xmlns=\" http:=\"\" data-src=\"https:\/\/www.europesays.com\/es\/wp-content\/uploads\/2025\/09\/CRO-Race-5.jpg\" alt=\"\" width=\"850\" height=\"213\" data- data-\/><\/a><\/p>\n<p id=\"caption-attachment-448740\" class=\"wp-caption-text\">Perfil de la 5\u00aa etapa \u00a9 CRO Race<\/p>\n<p><strong>6\u00aa: Domingo 5 octubre. Samobor \u2013 Zagreb (156,5 km)<\/strong><\/p>\n<p><a href=\"https:\/\/www.europesays.com\/es\/wp-content\/uploads\/2025\/09\/CRO-Race-6.jpg\" target=\"_blank\" rel=\"noopener\"><img loading=\"lazy\" decoding=\"async\" aria-describedby=\"caption-attachment-448741\" class=\"wp-image-448741  lazy\" src=\"data:image\/svg+xml,%3Csvg%20xmlns=\" http:=\"\" data-src=\"https:\/\/www.europesays.com\/es\/wp-content\/uploads\/2025\/09\/CRO-Race-6.jpg\" alt=\"\" width=\"850\" height=\"213\" data- data-\/><\/a><\/p>\n<p id=\"caption-attachment-448741\" class=\"wp-caption-text\">Perfil de la 6\u00aa etapa \u00a9 CRO Race<\/p>\n<p><strong>DORSALES OFICIALES<\/strong><\/p>\n<p><a href=\"https:\/\/www.ciclo21.com\/6a-cro-race-2024-mcnulty-kogut\/\" target=\"_blank\" rel=\"noopener nofollow\"><strong>Edici\u00f3n 2024: Brandon McNulty<\/strong><\/a><\/p>\n<p><strong>PALMAR\u00c9S COMPLETO<\/strong><\/p>\n","protected":false},"excerpt":{"rendered":"Recorrido de la edici\u00f3n 2025 \u00a9 CRO Race Redacci\u00f3n \/\u00a0Ciclo 21 La 10\u00aa edici\u00f3n de la CRO Race&hellip;\n","protected":false},"author":2,"featured_media":148926,"comment_status":"","ping_status":"","sticky":false,"template":"","format":"standard","meta":{"footnotes":""},"categories":[273],"tags":[313,45450,45451,312,168,25,24,23,167],"class_list":{"0":"post-148925","1":"post","2":"type-post","3":"status-publish","4":"format-standard","5":"has-post-thumbnail","7":"category-ciclismo","8":"tag-ciclismo","9":"tag-cro-race","10":"tag-cro-race-2025","11":"tag-cycling","12":"tag-deportes","13":"tag-es","14":"tag-espana","15":"tag-spain","16":"tag-sports"},"share_on_mastodon":{"url":"","error":""},"_links":{"self":[{"href":"https:\/\/www.europesays.com\/es\/wp-json\/wp\/v2\/posts\/148925","targetHints":{"allow":["GET"]}}],"collection":[{"href":"https:\/\/www.europesays.com\/es\/wp-json\/wp\/v2\/posts"}],"about":[{"href":"https:\/\/www.europesays.com\/es\/wp-json\/wp\/v2\/types\/post"}],"author":[{"embeddable":true,"href":"https:\/\/www.europesays.com\/es\/wp-json\/wp\/v2\/users\/2"}],"replies":[{"embeddable":true,"href":"https:\/\/www.europesays.com\/es\/wp-json\/wp\/v2\/comments?post=148925"}],"version-history":[{"count":0,"href":"https:\/\/www.europesays.com\/es\/wp-json\/wp\/v2\/posts\/148925\/revisions"}],"wp:featuredmedia":[{"embeddable":true,"href":"https:\/\/www.europesays.com\/es\/wp-json\/wp\/v2\/media\/148926"}],"wp:attachment":[{"href":"https:\/\/www.europesays.com\/es\/wp-json\/wp\/v2\/media?parent=148925"}],"wp:term":[{"taxonomy":"category","embeddable":true,"href":"https:\/\/www.europesays.com\/es\/wp-json\/wp\/v2\/categories?post=148925"},{"taxonomy":"post_tag","embeddable":true,"href":"https:\/\/www.europesays.com\/es\/wp-json\/wp\/v2\/tags?post=148925"}],"curies":[{"name":"wp","href":"https:\/\/api.w.org\/{rel}","templated":true}]}}