{"id":148927,"date":"2025-09-30T16:17:12","date_gmt":"2025-09-30T16:17:12","guid":{"rendered":"https:\/\/www.europesays.com\/es\/148927\/"},"modified":"2025-09-30T16:17:12","modified_gmt":"2025-09-30T16:17:12","slug":"horarios-de-la-carrera-como-y-donde-ver-la-formula-1-con-franco-colapinto","status":"publish","type":"post","link":"https:\/\/www.europesays.com\/es\/148927\/","title":{"rendered":"horarios de la carrera, c\u00f3mo y d\u00f3nde ver la F\u00f3rmula 1 con Franco Colapinto"},"content":{"rendered":"<p>Despu\u00e9s de dos semanas de descanso, este fin de semana vuelva la acci\u00f3n a la F\u00f3rmula 1 con el<strong> Gran Premio de Singapur<\/strong> que se disputa en el Circuito Urbano Marina Bay. A partir del <strong>viernes 3 de octubre<\/strong>, <strong>Franco Colapinto<\/strong> buscar\u00e1 dar vuelta la pagina y dejar su presentaci\u00f3n para el olvido en el Gran Premio de Azerbaiy\u00e1n (Bak\u00fa), donde qued\u00f3 19\u00b0, tras un choque con <strong>Alex Albon <\/strong>que da\u00f1\u00f3 su monoplaza.<\/p>\n<p>Con tan solo 7 jornadas por delante del calendario 2025, el pilarense intentar\u00e1 repetir el buen papel que hizo en el mismo circuito el a\u00f1o pasado como piloto de <strong>Williams<\/strong>, donde<strong> termin\u00f3 en el 11\u00b0 lugar<\/strong>, a un puesto de los puntos. La fecha del pr\u00f3ximo fin de semana se tratar\u00e1 de la 23\u00b0 edici\u00f3n del GP de Singapur en la F\u00f3rmula 1. Un trazado que cuenta con poco menos de 5 kil\u00f3metros de longitud, con tres zonas de DRS y 19 curvas.<\/p>\n<p>El argentino viene padeciendo los malos resultados que le encuentra dando su <strong>A525<\/strong>, el cual parece jugarle en contra. <strong>Alpine <\/strong>se encuentra en la ultima posici\u00f3n del <strong>campeonato de constructores<\/strong> con apenas 20 puntos, a 24 del pen\u00faltimo, <strong>Haas<\/strong>. <strong>Su continuidad en la M\u00e1xima de cara a la pr\u00f3xima temporada es todo un enigma<\/strong> e incluso el asesor ejecutivo de la escuder\u00eda francesa, <strong>Flavio Briatore<\/strong>, desliz\u00f3 hace algunas semanas que la disputa por el segundo asiento del equipo en 2026 ser\u00e1 entre \u00e9l y <strong>Paul Aron<\/strong>, el estonio que ocupa un puesto como reserva. <\/p>\n<p>El desarrollo del fin de semana ser\u00e1 el cl\u00e1sico. El <strong>viernes 3 de octubre<\/strong> ser\u00e1 el primer d\u00eda de actividad, el cual constar\u00e1 de dos practicas libres. <strong>El s\u00e1bado 4<\/strong> se realizar\u00e1 el tercer entrenamiento, previo a la clasificaci\u00f3n que definir\u00e1 las posiciones en la grilla de partida. Finalmente, el <strong>domingo 5<\/strong> se llevar\u00e1 a cabo la la carrera principal a 62 giros. <\/p>\n","protected":false},"excerpt":{"rendered":"Despu\u00e9s de dos semanas de descanso, este fin de semana vuelva la acci\u00f3n a la F\u00f3rmula 1 con&hellip;\n","protected":false},"author":2,"featured_media":148928,"comment_status":"","ping_status":"","sticky":false,"template":"","format":"standard","meta":{"footnotes":""},"categories":[270],"tags":[168,25,24,306,271,272,23,167],"class_list":{"0":"post-148927","1":"post","2":"type-post","3":"status-publish","4":"format-standard","5":"has-post-thumbnail","7":"category-formula-1","8":"tag-deportes","9":"tag-es","10":"tag-espana","11":"tag-f1","12":"tag-formula-1","13":"tag-formula1","14":"tag-spain","15":"tag-sports"},"share_on_mastodon":{"url":"","error":""},"_links":{"self":[{"href":"https:\/\/www.europesays.com\/es\/wp-json\/wp\/v2\/posts\/148927","targetHints":{"allow":["GET"]}}],"collection":[{"href":"https:\/\/www.europesays.com\/es\/wp-json\/wp\/v2\/posts"}],"about":[{"href":"https:\/\/www.europesays.com\/es\/wp-json\/wp\/v2\/types\/post"}],"author":[{"embeddable":true,"href":"https:\/\/www.europesays.com\/es\/wp-json\/wp\/v2\/users\/2"}],"replies":[{"embeddable":true,"href":"https:\/\/www.europesays.com\/es\/wp-json\/wp\/v2\/comments?post=148927"}],"version-history":[{"count":0,"href":"https:\/\/www.europesays.com\/es\/wp-json\/wp\/v2\/posts\/148927\/revisions"}],"wp:featuredmedia":[{"embeddable":true,"href":"https:\/\/www.europesays.com\/es\/wp-json\/wp\/v2\/media\/148928"}],"wp:attachment":[{"href":"https:\/\/www.europesays.com\/es\/wp-json\/wp\/v2\/media?parent=148927"}],"wp:term":[{"taxonomy":"category","embeddable":true,"href":"https:\/\/www.europesays.com\/es\/wp-json\/wp\/v2\/categories?post=148927"},{"taxonomy":"post_tag","embeddable":true,"href":"https:\/\/www.europesays.com\/es\/wp-json\/wp\/v2\/tags?post=148927"}],"curies":[{"name":"wp","href":"https:\/\/api.w.org\/{rel}","templated":true}]}}