{"id":148939,"date":"2025-09-30T16:23:09","date_gmt":"2025-09-30T16:23:09","guid":{"rendered":"https:\/\/www.europesays.com\/es\/148939\/"},"modified":"2025-09-30T16:23:09","modified_gmt":"2025-09-30T16:23:09","slug":"operacion-triunfo-la-confusion-de-ivan-rojo-primer-expulsado-de-operacion-triunfo-2025-sobre-el-catalan-no-es-una-lengua-oficial","status":"publish","type":"post","link":"https:\/\/www.europesays.com\/es\/148939\/","title":{"rendered":"OPERACI\u00d3N TRIUNFO | La confusi\u00f3n de Iv\u00e1n Rojo, primer expulsado de &#8216;Operaci\u00f3n Triunfo 2025&#8217;, sobre el catal\u00e1n: \u00abNo es una lengua oficial\u00bb"},"content":{"rendered":"<p class=\"ft-text\"><strong>&#8216;<\/strong><a class=\"ft-link ft-link--decoration\" href=\"https:\/\/www.elperiodico.com\/es\/temas\/operacion-triunfo-24852\" rel=\"nofollow noopener\" target=\"_blank\"><strong>Operaci\u00f3n Triunfo<\/strong><\/a><strong>&#8216;,<\/strong> el concurso musical que empez\u00f3 su \u00faltima edici\u00f3n hace dos semanas, es un &#8216;reality&#8217; que va <strong>m\u00e1s all\u00e1 de cantar bien<\/strong> en cada gala semanal.<\/p>\n<p class=\"ft-text\">Y es que, como los concursantes son grabados en directo durante todo el d\u00eda, la audiencia puede ver la forma en que se relacionan entre ellos, lo que hablan y lo que dicen, algo que puede hacer que alguno caiga mejor o peor que otro.<\/p>\n<p class=\"ft-text\">Y uno de los m\u00e1s <strong>pol\u00e9micos<\/strong> de esta edici\u00f3n del <a class=\"ft-link ft-link--decoration\" href=\"https:\/\/www.elperiodico.com\/es\/temas\/concursos-tv-24873\" rel=\"nofollow noopener\" target=\"_blank\">concurso<\/a> ha sido<strong> Iv\u00e1n Rojo<\/strong>, que este lunes ha sido el elegido para abandonar el concurso, en una eliminatoria en la que su compa\u00f1era <strong>Claudia Arenas logr\u00f3 el 84% de apoyos.\u00a0<\/strong><\/p>\n<p>El chico m\u00e1s pol\u00e9mico de la academia<\/p>\n<p class=\"ft-text\">Adem\u00e1s de ser criticado por ir de \u00ab<strong>chulo\u00bb <\/strong>en la academia, el reci\u00e9n expulsado parece que ha dado motivos para que los espectadores se hayan puesto de acuerdo en votarle a \u00e9l para abandonar la academia.<\/p>\n<p class=\"ft-text\">La realidad es que, cuando menos, muchas son las personas a las que les ha desagradado <strong>su actitud<\/strong> y su <strong>posici\u00f3n <\/strong>en algunos debates desde su entrada. Uno de los m\u00e1s pol\u00e9micos ha sido el relacionado con las <strong>lenguas cooficiales<\/strong> de Espa\u00f1a.<\/p>\n<p>Debate sobre el uso de lenguas cooficiales<\/p>\n<p class=\"ft-text\">Durante una <strong>charla en el comedor<\/strong> con sus compa\u00f1eros Tinho (<strong>gallego<\/strong>) y Max (<strong>catal\u00e1n<\/strong>), ha salido en la conversaci\u00f3n el tema de las lenguas cooficiales. Iv\u00e1n, que trabaj\u00f3 un tiempo en <strong>Mallorca<\/strong>, ha criticado que all\u00ed se pidiera el catal\u00e1n como <strong>requisito laboral<\/strong>: \u201cYo estoy trabajando aqu\u00ed y no te estoy entendiendo, \u00bfqu\u00e9 hacemos?\u201d.<\/p>\n<p>Tinho y Max muestran su opini\u00f3n<\/p>\n<p class=\"ft-text\">Tanto el gallego como el catal\u00e1n le han explicado que el catal\u00e1n, al ser cooficial, tiene el <strong>mismo nivel que el castellano<\/strong>. El catal\u00e1n \u00abes una <strong>lengua cooficial, no es una lengua oficial<\/strong>\u00ab, ha llegado a decir. Pero sus compa\u00f1eros le han corregido: \u201cCooficial significa que es oficial\u201d, le han recordado a Rojo.\u00a0<\/p>\n<p class=\"ft-text\">Para tratar de ser m\u00e1s claro, Max le ha puesto un ejemplo de cuando<strong> contratan antes para trabajar<\/strong> a una persona que sabe cuatro idiomas que la que sabe tres.<\/p>\n<p class=\"ft-text\">Adem\u00e1s, Tinho ha defendido que los mallorquines tienen <strong>todo el derecho del mundo<\/strong> a hablar y expresarse en su lengua.<\/p>\n<p>La reacci\u00f3n en redes<\/p>\n<p class=\"ft-text\">Tras el debate en la academia, muchas son las personas que han <strong>querido seguir con \u00e9l <\/strong>en las redes. Y muchos de los seguidores del programa se han mostrado a favor de las opiniones de Tinho y Max, especialmente con el comentario del de Galicia, que ha dicho que, a\u00f1os atr\u00e1s, Mallorca se pod\u00eda mantener igual de bien<strong> sin tanto turismo<\/strong>.<\/p>\n<p class=\"ft-text\">Tambi\u00e9n ha habido quien ha afeado que el vallisoletano haya dicho cosas \u00abque literalmente no son verdad\u00bb.<\/p>\n<blockquote class=\"twitter-tweet\">\n<p lang=\"es\" dir=\"ltr\">primero de todo, ha dicho cosas que literalmente no son verdad, eso no son opiniones. y segundo, mi pensamiento es que quiero que se vaya, es un delito decirlo?<\/p>\n<p>\u2014 paula (@punksviolet) <a href=\"https:\/\/twitter.com\/punksviolet\/status\/1972264797438931220?ref_src=twsrc%5Etfw\" rel=\"nofollow noopener\" target=\"_blank\">September 28, 2025<\/a><\/p><\/blockquote>\n<p class=\"ft-text\">Y subrayan que el problema lo tiene \u00e9l porque \u00abtras varios a\u00f1os viviendo y trabajando en Mallorca no fue capaz de mantener una conversaci\u00f3n en el idioma propio de esa Comunidad Aut\u00f3noma\u00bb.<\/p>\n<blockquote class=\"twitter-tweet\">\n<p lang=\"es\" dir=\"ltr\">El problema lo tiene Iv\u00e1n, que tras varios a\u00f1os viviendo y trabajando en Mallorca no fue capaz de mantener una conversaci\u00f3n en el idioma propio de esa Comunidad Aut\u00f3noma. <br \/>Si no quiere que le hablen en otras lenguas oficiales del estado que no salga de su CA monoling\u00fce.<\/p>\n<p>\u2014 S \u2728 (@essedesar) <a href=\"https:\/\/twitter.com\/essedesar\/status\/1972323495649648730?ref_src=twsrc%5Etfw\" rel=\"nofollow noopener\" target=\"_blank\">September 28, 2025<\/a><\/p><\/blockquote>\n<p class=\"ft-text\">Pero tambi\u00e9n hay quien le ha defendido, diciendo que el <strong>\u00fanico idioma<\/strong> que hay que conocer es el espa\u00f1ol, el oficial, y menospreciando al resto de lenguas cooficiales del pa\u00eds.<\/p>\n<p class=\"ft-text\">Como siempre que se habla de lenguas, el <strong>debate est\u00e1 servido<\/strong>&#8230;<\/p>\n<p><script async src=\"https:\/\/platform.twitter.com\/widgets.js\" charset=\"utf-8\"><\/script><\/p>\n","protected":false},"excerpt":{"rendered":"&#8216;Operaci\u00f3n Triunfo&#8216;, el concurso musical que empez\u00f3 su \u00faltima edici\u00f3n hace dos semanas, es un &#8216;reality&#8217; que va&hellip;\n","protected":false},"author":2,"featured_media":148940,"comment_status":"","ping_status":"","sticky":false,"template":"","format":"standard","meta":{"footnotes":""},"categories":[171],"tags":[6061,43714,11559,4482,146,147,25,24,7625,13716,4358,9463,2457,2291,2885,222,1526,977,2978,23,45453,2886,214],"class_list":{"0":"post-148939","1":"post","2":"type-post","3":"status-publish","4":"format-standard","5":"has-post-thumbnail","7":"category-tv","8":"tag-catalan","9":"tag-cooficiales","10":"tag-debate","11":"tag-dv","12":"tag-entertainment","13":"tag-entretenimiento","14":"tag-es","15":"tag-espana","16":"tag-expulsado","17":"tag-idiomas","18":"tag-ivan","19":"tag-lenguas","20":"tag-mallorca","21":"tag-max","22":"tag-operacion","23":"tag-operacion-triunfo","24":"tag-polemica","25":"tag-primer","26":"tag-rojo","27":"tag-spain","28":"tag-tinho","29":"tag-triunfo","30":"tag-tv"},"share_on_mastodon":{"url":"","error":""},"_links":{"self":[{"href":"https:\/\/www.europesays.com\/es\/wp-json\/wp\/v2\/posts\/148939","targetHints":{"allow":["GET"]}}],"collection":[{"href":"https:\/\/www.europesays.com\/es\/wp-json\/wp\/v2\/posts"}],"about":[{"href":"https:\/\/www.europesays.com\/es\/wp-json\/wp\/v2\/types\/post"}],"author":[{"embeddable":true,"href":"https:\/\/www.europesays.com\/es\/wp-json\/wp\/v2\/users\/2"}],"replies":[{"embeddable":true,"href":"https:\/\/www.europesays.com\/es\/wp-json\/wp\/v2\/comments?post=148939"}],"version-history":[{"count":0,"href":"https:\/\/www.europesays.com\/es\/wp-json\/wp\/v2\/posts\/148939\/revisions"}],"wp:featuredmedia":[{"embeddable":true,"href":"https:\/\/www.europesays.com\/es\/wp-json\/wp\/v2\/media\/148940"}],"wp:attachment":[{"href":"https:\/\/www.europesays.com\/es\/wp-json\/wp\/v2\/media?parent=148939"}],"wp:term":[{"taxonomy":"category","embeddable":true,"href":"https:\/\/www.europesays.com\/es\/wp-json\/wp\/v2\/categories?post=148939"},{"taxonomy":"post_tag","embeddable":true,"href":"https:\/\/www.europesays.com\/es\/wp-json\/wp\/v2\/tags?post=148939"}],"curies":[{"name":"wp","href":"https:\/\/api.w.org\/{rel}","templated":true}]}}