{"id":148948,"date":"2025-09-30T16:28:08","date_gmt":"2025-09-30T16:28:08","guid":{"rendered":"https:\/\/www.europesays.com\/es\/148948\/"},"modified":"2025-09-30T16:28:08","modified_gmt":"2025-09-30T16:28:08","slug":"la-reina-letizia-celebra-la-sostenibilidad-y-la-innovacion-tecnologica-empresarial-en-los-premios-retina-2025-sociedad","status":"publish","type":"post","link":"https:\/\/www.europesays.com\/es\/148948\/","title":{"rendered":"La reina Letizia celebra la sostenibilidad y la innovaci\u00f3n tecnol\u00f3gica empresarial en los Premios Retina 2025 | Sociedad"},"content":{"rendered":"<p>Los Premios Retina ECO, organizados por PRISA Media en colaboraci\u00f3n con Capgemini, han celebrado este martes su 5\u00aa edici\u00f3n para rendir homenaje a los mejores proyectos empresariales que luchan por la sostenibilidad y la innovaci\u00f3n mediante el uso de la tecnolog\u00eda. La Reina Letizia, como ya es tradici\u00f3n, ha presidido la ceremonia, celebrada en el Teatro Real de Retiro (Madrid), donde ha entregado los seis premios a los ganadores.<\/p>\n<p>La gala estuvo presentada por la periodista Aida Bao, responsable de programas informativos de fin de semana de la Cadena SER. Despu\u00e9s tom\u00f3 la palabra Sara Aagesen, vicepresidenta tercera y ministra para la Transici\u00f3n Ecol\u00f3gica y el Reto Demogr\u00e1fico, quien ya ha formado parte del jurado en las anteriores ediciones. Aagesen destac\u00f3 que lo que une a los ganadores de este a\u00f1o y a los de las pasadas ediciones es \u00abla convicci\u00f3n de que la apuesta por la agenda verde es una oportunidad, una apuesta por el bienestar y el progreso\u00bb.<\/p>\n<p>Adem\u00e1s, a\u00f1adi\u00f3 que \u00abla transici\u00f3n ecol\u00f3gica necesita de todos -de personas, organizaciones y empresas- que miren m\u00e1s all\u00e1 del corto plazo y apuesten hoy en invertir en soluciones que sean las grandes respuestas del ma\u00f1ana\u00bb. Los proyectos ganadores son un ejemplo, por eso alab\u00f3 su visi\u00f3n para marcar el camino a seguir. \u00abGeneran esa envidia positiva\u00bb, apunt\u00f3, y dese\u00f3 \u00abque se repliquen y veamos cada vez m\u00e1s por todo el territorio\u00bb este tipo de iniciativas.<\/p>\n<p>Tras su intervenci\u00f3n, Pilar Gil, vicepresidenta de PRISA y consejera delegada de PRISA Media, record\u00f3 que la emergencia clim\u00e1tica no ha menguado desde la \u00faltima edici\u00f3n de los premios, tal y como ha constatado Espa\u00f1a a trav\u00e9s, por ejemplo, de la cat\u00e1strofe de la DANA en Valencia. \u00abNuestro recuerdo para las v\u00edctimas y nuestra m\u00e1s firme promesa de que no vamos a olvidarnos de ellas hasta que la situaci\u00f3n se normalice por completo\u00bb, a\u00f1adi\u00f3. La consejera delegada tambi\u00e9n record\u00f3 a los cuatro fallecidos en los incendios que este verano arrasaron m\u00e1s de 400.000 hect\u00e1reas. Defendi\u00f3 que cat\u00e1strofes como estas \u00abhacen m\u00e1s necesario que nunca que la lucha contra el cambio clim\u00e1tico se intensifique\u00bb. \u00abNos jugamos el planeta. Nos jugamos la vida\u00bb, asever\u00f3. Evidenci\u00f3 que en estas circunstancias es cuando iniciativas como Retina ECO encuentran su raz\u00f3n de ser y expres\u00f3 su \u00aborgullo\u00bb por el \u00ab\u00e9xito y prestigio\u00bb de los premios: \u00abSon una apuesta m\u00e1s del firme compromiso del grupo PRISA por la defensa de la sostenibilidad y de nuestro activismo militante en esta materia, como demuestran d\u00eda a d\u00eda todas y cada una de nuestras cabeceras\u00bb.<\/p>\n<p>Los premios Retina ECO se organizan con la colaboraci\u00f3n de Capgemini Espa\u00f1a y su consejero delegado, Luis Abad, lament\u00f3 tener que hablar de \u00abuna inc\u00f3moda verdad\u00bb: \u00abEl impulso hacia la sostenibilidad se est\u00e1 debilitando\u00bb. Abad se refiri\u00f3 a cuestiones como la geopol\u00edtica para argumentar esta afirmaci\u00f3n, pero tambi\u00e9n al informe Un mundo en equilibrio 2025, realizado por su empresa, en el que han constatado que, si bien las organizaciones tienen la adaptaci\u00f3n al cambio clim\u00e1tico en su radar, la implementaci\u00f3n de medidas se est\u00e1 retrasando: \u00abPersiste una brecha entre la percepci\u00f3n de estar preparados y la verdadera capacidad operativa. Por tanto, la acci\u00f3n es m\u00e1s necesaria que nunca\u00bb. <\/p>\n<p>Los ganadores de los Premios Retina 2025<\/p>\n<p>El premio Innovaci\u00f3n P\u00fablica Sostenible fue para el proyecto Ecoenergies Barcelona, de Veolia Espa\u00f1a. Miguel \u00c1ngel Huertas, director de desarrollo de Veolia Espa\u00f1a, recogi\u00f3 el premio por un proyecto de energ\u00eda sostenible realizado en colaboraci\u00f3n con el Ayuntamiento de Barcelona que suministra gases ecol\u00f3gicos, calientes y fr\u00edos, mediante regasificaci\u00f3n de gas natural licuado y biomasa procedente de la poda urbana.<\/p>\n<p>El premio en la categor\u00eda de Energ\u00eda y Recursos Verdes fue recibido por Carlos L\u00f3pez de las Heras, CEO de Tubos Reunidos. O-Next es el primer tubo de acero sin soldadura fabricado en el mundo con 0 emisiones de CO\u2082 y se sirve de energ\u00edas renovables, biog\u00e1s y acero reciclado para fabricar estos tubos que ya se han utilizado en pedidos reales.<\/p>\n<p>Rafael S\u00e1nchez Dur\u00e1n, director de Endesa en Andaluc\u00eda, Extremadura, Ceuta y Melilla, subi\u00f3 al escenario para obtener su premio en la categor\u00eda Movilidad Inteligente. El proyecto eCity, desarrollado en colaboraci\u00f3n con los Ayuntamientos de Sevilla, M\u00e1laga y Granada, desarrolla un plan para transformar estas ciudades en entornos urbanos sostenibles. Su objetivo es convertir la Isla de la Cartuja (Sevilla) en la primera zona urbana 100% renovable, un modelo que se adapta en M\u00e1laga y Granada en sus parques tecnol\u00f3gicos y barrios residenciales. Para ello, utilizan estrategias como la generaci\u00f3n renovable, movilidad el\u00e9ctrica, eficiencia en los edificios o Inteligencia Artificial.<\/p>\n<p>En la categor\u00eda de Ecosistema Sostenible, recibi\u00f3 el galard\u00f3n la innovaci\u00f3n de la empresa Semillas Fit\u00f3, que ha creado variedades de semillas que reducen hasta un 12% la huella de carbono, h\u00eddrica, energ\u00e9tica y de insumos qu\u00edmicos por tonelada. Recogi\u00f3 el galard\u00f3n Elisabet Fit\u00f3, directora Corporativa de la compa\u00f1\u00eda.<\/p>\n<p>La Paloma Cer\u00e1mica y Gres, que ha desarrollado un ladrillo fabricado con el 100% de materiales reciclados que reduce hasta un 50% de emisiones de CO\u2082 y el primero con estas caracter\u00edsticas en la Uni\u00f3n Europea, obtuvo su premio en la categor\u00eda Pyme a la innovaci\u00f3n en Sostenibilidad. Francisco Rodr\u00edguez Moreno, consejero delegado de La Paloma Cer\u00e1micas, recogi\u00f3 el reconocimiento.<\/p>\n<p>Tambi\u00e9n en esta categor\u00eda tuvo su homenaje la empresa Muelles y Ballestas Hispano Alemanas por su proyecto Movilidad Pesada, Impacto Ligero, que trabaja en la reducci\u00f3n del peso de los veh\u00edculos pesados para ahorrar combustible. Recogi\u00f3 el premio Miguel Ruiz Dealbert, CEO del grupo MBHA. <\/p>\n","protected":false},"excerpt":{"rendered":"Los Premios Retina ECO, organizados por PRISA Media en colaboraci\u00f3n con Capgemini, han celebrado este martes su 5\u00aa&hellip;\n","protected":false},"author":2,"featured_media":148949,"comment_status":"","ping_status":"","sticky":false,"template":"","format":"standard","meta":{"footnotes":""},"categories":[91],"tags":[146,147,25,24,23],"class_list":{"0":"post-148948","1":"post","2":"type-post","3":"status-publish","4":"format-standard","5":"has-post-thumbnail","7":"category-entretenimiento","8":"tag-entertainment","9":"tag-entretenimiento","10":"tag-es","11":"tag-espana","12":"tag-spain"},"share_on_mastodon":{"url":"","error":""},"_links":{"self":[{"href":"https:\/\/www.europesays.com\/es\/wp-json\/wp\/v2\/posts\/148948","targetHints":{"allow":["GET"]}}],"collection":[{"href":"https:\/\/www.europesays.com\/es\/wp-json\/wp\/v2\/posts"}],"about":[{"href":"https:\/\/www.europesays.com\/es\/wp-json\/wp\/v2\/types\/post"}],"author":[{"embeddable":true,"href":"https:\/\/www.europesays.com\/es\/wp-json\/wp\/v2\/users\/2"}],"replies":[{"embeddable":true,"href":"https:\/\/www.europesays.com\/es\/wp-json\/wp\/v2\/comments?post=148948"}],"version-history":[{"count":0,"href":"https:\/\/www.europesays.com\/es\/wp-json\/wp\/v2\/posts\/148948\/revisions"}],"wp:featuredmedia":[{"embeddable":true,"href":"https:\/\/www.europesays.com\/es\/wp-json\/wp\/v2\/media\/148949"}],"wp:attachment":[{"href":"https:\/\/www.europesays.com\/es\/wp-json\/wp\/v2\/media?parent=148948"}],"wp:term":[{"taxonomy":"category","embeddable":true,"href":"https:\/\/www.europesays.com\/es\/wp-json\/wp\/v2\/categories?post=148948"},{"taxonomy":"post_tag","embeddable":true,"href":"https:\/\/www.europesays.com\/es\/wp-json\/wp\/v2\/tags?post=148948"}],"curies":[{"name":"wp","href":"https:\/\/api.w.org\/{rel}","templated":true}]}}