{"id":148954,"date":"2025-09-30T16:31:08","date_gmt":"2025-09-30T16:31:08","guid":{"rendered":"https:\/\/www.europesays.com\/es\/148954\/"},"modified":"2025-09-30T16:31:08","modified_gmt":"2025-09-30T16:31:08","slug":"el-embajador-de-sudafrica-en-francia-fue-hallado-muerto-al-pie-de-un-rascacielos-en-paris","status":"publish","type":"post","link":"https:\/\/www.europesays.com\/es\/148954\/","title":{"rendered":"El embajador de Sud\u00e1frica en Francia fue hallado muerto al pie de un rascacielos en Par\u00eds"},"content":{"rendered":"<p>      CNN<br \/>\n        \u00a0\u2014\u00a0<\/p>\n<p class=\"paragraph inline-placeholder vossi-paragraph\" data-uri=\"es.cms.cnn.com\/_components\/paragraph\/instances\/cmg6lr1fj008327pa3rho79vr@published\" data-editable=\"text\" data-component-name=\"paragraph\" data-article-gutter=\"true\">\n            El embajador de Sud\u00e1frica en Francia fue hallado muerto al pie de un rascacielos en Par\u00eds, horas despu\u00e9s de ser reportado como desaparecido, seg\u00fan informaron a CNN los fiscales de la ciudad.\n    <\/p>\n<p class=\"paragraph inline-placeholder vossi-paragraph\" data-uri=\"es.cms.cnn.com\/_components\/paragraph\/instances\/cmg6lyido0009356ndbub9iwy@published\" data-editable=\"text\" data-component-name=\"paragraph\" data-article-gutter=\"true\">\n            Nkosinathi Emmanuel \u201cNathi\u201d Mthethwa fue hallado muerto este martes directamente debajo de un hotel Hyatt en Par\u00eds, seg\u00fan la fiscal\u00eda, que a\u00f1adi\u00f3 que el enviado hab\u00eda reservado una habitaci\u00f3n en el piso 22. La ventana de seguridad de la habitaci\u00f3n fue forzada, seg\u00fan la fiscal\u00eda, que a\u00f1adi\u00f3 que el magistrado de turno se encontraba en el lugar.\n    <\/p>\n<p class=\"paragraph inline-placeholder vossi-paragraph\" data-uri=\"es.cms.cnn.com\/_components\/paragraph\/instances\/cmg6lyido000a356nq6yy6v0v@published\" data-editable=\"text\" data-component-name=\"paragraph\" data-article-gutter=\"true\">\n            La esposa de Mthethwa denunci\u00f3 su desaparici\u00f3n el lunes, despu\u00e9s de presuntamente haber recibido un mensaje perturbador, seg\u00fan la fiscal\u00eda.\n    <\/p>\n<p class=\"paragraph inline-placeholder vossi-paragraph\" data-uri=\"es.cms.cnn.com\/_components\/paragraph\/instances\/cmg6lyido000b356n6vcb3v4f@published\" data-editable=\"text\" data-component-name=\"paragraph\" data-article-gutter=\"true\">\n            CNN se ha puesto en contacto con el Grupo de hoteles Hyatt y el Hyatt Regency, pero no ha recibido comentarios. La embajada de Sud\u00e1frica en Par\u00eds tampoco respondi\u00f3 a una solicitud de comentarios.\n    <\/p>\n<p class=\"paragraph inline-placeholder vossi-paragraph\" data-uri=\"es.cms.cnn.com\/_components\/paragraph\/instances\/cmg6lyido000c356nmyig3da1@published\" data-editable=\"text\" data-component-name=\"paragraph\" data-article-gutter=\"true\">\n            Mthethwa, de 58 a\u00f1os, fue nombrada embajador en Francia en 2023.\n    <\/p>\n<p class=\"paragraph inline-placeholder vossi-paragraph\" data-uri=\"es.cms.cnn.com\/_components\/paragraph\/instances\/cmg6lyido000d356nrdw7l8d4@published\" data-editable=\"text\" data-component-name=\"paragraph\" data-article-gutter=\"true\">\n            Esta noticia est\u00e1 en desarrollo y ser\u00e1 actualizada.\n    <\/p>\n","protected":false},"excerpt":{"rendered":"CNN \u00a0\u2014\u00a0 El embajador de Sud\u00e1frica en Francia fue hallado muerto al pie de un rascacielos en Par\u00eds,&hellip;\n","protected":false},"author":2,"featured_media":148955,"comment_status":"","ping_status":"","sticky":false,"template":"","format":"standard","meta":{"footnotes":""},"categories":[42],"tags":[17,18,8418,13,14,317,11,61,62,63,64,19,20,45455,9,10,15,16,16339,12,21,22,65,66,67],"class_list":{"0":"post-148954","1":"post","2":"type-post","3":"status-publish","4":"format-standard","5":"has-post-thumbnail","7":"category-internacional","8":"tag-breaking-news","9":"tag-breakingnews","10":"tag-embajador","11":"tag-featured-news","12":"tag-featurednews","13":"tag-francia","14":"tag-headlines","15":"tag-internacional","16":"tag-international","17":"tag-international-news","18":"tag-internationalnews","19":"tag-latest-news","20":"tag-latestnews","21":"tag-mthethwa","22":"tag-news","23":"tag-noticias","24":"tag-noticias-destacadas","25":"tag-noticiasdestacadas","26":"tag-sudafrica","27":"tag-titulares","28":"tag-ultimas-noticias","29":"tag-ultimasnoticias","30":"tag-world","31":"tag-world-news","32":"tag-worldnews"},"share_on_mastodon":{"url":"","error":""},"_links":{"self":[{"href":"https:\/\/www.europesays.com\/es\/wp-json\/wp\/v2\/posts\/148954","targetHints":{"allow":["GET"]}}],"collection":[{"href":"https:\/\/www.europesays.com\/es\/wp-json\/wp\/v2\/posts"}],"about":[{"href":"https:\/\/www.europesays.com\/es\/wp-json\/wp\/v2\/types\/post"}],"author":[{"embeddable":true,"href":"https:\/\/www.europesays.com\/es\/wp-json\/wp\/v2\/users\/2"}],"replies":[{"embeddable":true,"href":"https:\/\/www.europesays.com\/es\/wp-json\/wp\/v2\/comments?post=148954"}],"version-history":[{"count":0,"href":"https:\/\/www.europesays.com\/es\/wp-json\/wp\/v2\/posts\/148954\/revisions"}],"wp:featuredmedia":[{"embeddable":true,"href":"https:\/\/www.europesays.com\/es\/wp-json\/wp\/v2\/media\/148955"}],"wp:attachment":[{"href":"https:\/\/www.europesays.com\/es\/wp-json\/wp\/v2\/media?parent=148954"}],"wp:term":[{"taxonomy":"category","embeddable":true,"href":"https:\/\/www.europesays.com\/es\/wp-json\/wp\/v2\/categories?post=148954"},{"taxonomy":"post_tag","embeddable":true,"href":"https:\/\/www.europesays.com\/es\/wp-json\/wp\/v2\/tags?post=148954"}],"curies":[{"name":"wp","href":"https:\/\/api.w.org\/{rel}","templated":true}]}}