{"id":148975,"date":"2025-09-30T16:43:09","date_gmt":"2025-09-30T16:43:09","guid":{"rendered":"https:\/\/www.europesays.com\/es\/148975\/"},"modified":"2025-09-30T16:43:09","modified_gmt":"2025-09-30T16:43:09","slug":"hoy-nadie-escucha-un-disco-entero-porque-esta-viendo-reels-mientras-mea","status":"publish","type":"post","link":"https:\/\/www.europesays.com\/es\/148975\/","title":{"rendered":"Hoy nadie escucha un disco entero porque est\u00e1 viendo &#8216;reels&#8217; mientras mea"},"content":{"rendered":"\n<p> <strong>Santi Balmes<\/strong>, cantante de <strong>Love of Lesbian,<\/strong> alucina bastante con los cuadros que hay colgados en la pared: \u00abPerd\u00f3n, \u00bfretomamos el hilo? Es que estoy flipando con eso, acabo de verlo, no me hab\u00eda fijado\u00bb, se\u00f1ala un incre\u00edble mural en el techo (estilo <strong>Capilla Sixtina<\/strong>) en el que se muestra a un mont\u00f3n de personas tap\u00e1ndose el rostro, en el centro un tri\u00e1ngulo que parece <strong>Illuminati<\/strong>, todo de car\u00e1cter expresionista. \u00abMuy guapo\u00bb, concedo. Nos encontramos en <strong>el estudio RGF,<\/strong> peque\u00f1o espacio repleto de obras de arte contempor\u00e1neo cerca de <strong>Pr\u00edncipe P\u00edo en Madrid<\/strong>,<strong> <\/strong>donde nos hemos citado para la entrevista. <\/p>\n<p> Nuestras voces retumban un poco y Balmes parece cansado, normal si tenemos en cuenta que su grupo lleva un a\u00f1o de gira para presentar su d\u00e9cimo \u00e1lbum de estudio: <a href=\"https:\/\/open.spotify.com\/intl-es\/album\/6TvFlWWEE9wRbWnFOYOoKp\" target=\"_blank\" rel=\"nofollow noopener\">Ej\u00e9rcito de Salvaci\u00f3n.<\/a> El <strong>1 de noviembre terminar\u00e1n en el Madrid Arena<\/strong>, as\u00ed que hablamos con \u00e9l de la banda que siempre est\u00e1 en (casi) cualquier festival. <\/p>\n<p> <strong>PREGUNTA.<\/strong> <strong>Llev\u00e1is m\u00e1s de dos d\u00e9cadas tocando. \u00bfCu\u00e1l es el secreto para que un grupo dure? Y, por otro lado (es una pregunta doble), \u00bfqu\u00e9 momento identificar\u00edas como el punto de inflexi\u00f3n de la banda?<\/strong> <\/p>\n<p> RESPUESTA. Bueno, el secreto&#8230; yo creo que es darse espacio. Tener la empat\u00eda suficiente o la receptividad suficiente para no ser invasivos. Y darnos cuenta de que es un trabajo extremadamente emocional en el cual se exacerban mucho las cosas, tanto buenas como malas. Tienes que saber compartir las buenas de una manera extrema, si quieres, pero luego las malas las tienes que aprender a relativizar. En esta profesi\u00f3n todo aflora en alg\u00fan momento. Puedes llegar al famoso burnout y tener p\u00f3lvora por el exceso de intensidad&#8230; es muy importante conocer tanto a tu compa\u00f1ero de banda que en cuanto baja del ascensor sabes c\u00f3mo est\u00e1 hoy, a diez metros, solo por su mirada o por sus gestos. Al final es un arte, el de la psicolog\u00eda. En cuanto al punto de inflexi\u00f3n que dec\u00edas&#8230; pues <a href=\"https:\/\/www.youtube.com\/watch?v=tZapJzlivGY&amp;list=RDtZapJzlivGY&amp;start_radio=1\" target=\"_blank\" rel=\"nofollow noopener\">fue claramente en 1999<\/a>. A la semana de sacarlo ya vimos que hab\u00eda pasado algo muy fuerte y que eso nos iba a transformar la vida. <\/p>\n<p>               Foto: D. G.             <\/p>\n<p> <strong>P. Hubo una \u00e9poca, all\u00e1 por 2010 aproximadamente, en la que se os etiquetaba junto a muchos otros grupos (Lori Meyers, Vetusta Morla, <a href=\"https:\/\/www.vanitatis.elconfidencial.com\/famosos\/2024-04-04\/supersubmarina-novia-familia-libro-accidente-coche_3860516\/\" target=\"_blank\" rel=\"nofollow noopener\">Supersubmarina,<\/a> Sidonie&#8230;) dentro del indie.<\/strong><strong> \u00bfCrees que realmente hubo un momento en que todos esos grupos tuvisteis algo en com\u00fan o era m\u00e1s bien como el britpop, donde una etiqueta un poco vaga englobaba bandas con un sonido muy diferente?<\/strong> <\/p>\n<p> R. Pienso que nosotros coincidimos<a href=\"https:\/\/www.elconfidencial.com\/cultura\/2024-04-25\/vetusta-morla-parar-retirarse-musica-si-todo-va-bien_3873601\/\" target=\"_blank\" rel=\"nofollow noopener\"> sobre todo con Vetusta<\/a>, porque hab\u00eda un momento en que ellos eran cabezas de cartel el s\u00e1bado y nosotros el viernes. Hab\u00eda como una responsabilidad compartida por no perder la oportunidad de que las bandas de aqu\u00ed ocuparan lo que antes se le presupon\u00eda a los grupos guiris o, de manera puntual, <a href=\"https:\/\/www.elconfidencial.com\/cultura\/2025-04-12\/motor-autobus-espana-los-planetas_4106627\/\" target=\"_blank\" rel=\"nofollow noopener\">a Los Planetas.<\/a> Lo que s\u00ed ten\u00edamos en com\u00fan era que nos gustaba mucho la m\u00fasica que se hac\u00eda fuera y la trasladamos coyunturalmente al castellano. Ten\u00edamos influencias muy brit\u00e1nicas. Luego, independientemente de eso, pues a Lori les gusta Triana y a m\u00ed me gusta Antonio Vega <a href=\"https:\/\/www.elconfidencial.com\/cultura\/2025-08-08\/regreso-insurrecto-ultimo-fila_4170027\/\" target=\"_blank\" rel=\"nofollow noopener\">o El \u00daltimo de la Fila,<\/a> pero s\u00ed creo que hab\u00eda algo com\u00fan, porque adem\u00e1s todos compart\u00edamos eso de intentar que las canciones pudieran ser coreadas por miles de personas sin sentirnos culpables. Porque justo unos a\u00f1os antes parec\u00eda que eso era un pecado: se criticaba acercar el disco a la gente cuando estabas metido en el indie. <\/p>\n<p> <strong>P. Ahora que mencionas los festivales&#8230; \u00bfCrees que han cambiado mucho en los \u00faltimos a\u00f1os? Se les critica por ser macrofestivales donde la gente ya no va a escuchar m\u00fasica.<\/strong> <\/p>\n<p> R. Yo creo que lo que intentan ofrecer ahora es una recreaci\u00f3n de la vida moderna: est\u00edmulos continuos y subidones de dopamina. Todo est\u00e1 m\u00e1s fragmentado: plataformas, playlists, festivales\u2026 Nuestra generaci\u00f3n conoc\u00eda cinco o seis bandas al dedillo, sab\u00edamos hasta c\u00f3mo se llamaba la madre del guitarrista. Hoy eso ya no sucede, es casi imposible escuchar un disco entero. Incluso nuestra generaci\u00f3n ya no lo hace porque no tiene tiempo: est\u00e1 viendo reels en Instagram mientras mea. El <a href=\"https:\/\/www.elconfidencial.com\/cultura\/2024-08-06\/macrofestivales-gasto-asistencia_3937381\/\" target=\"_blank\" rel=\"nofollow noopener\">festival obedece a esa cultura pica-pica,<\/a> a la cultura random. <\/p>\n<p>              <img decoding=\"async\" class=\"inTextNews__img\" alt=\"Foto: mad-cool-2024-dua-lipa-smashing-pumpkins\" src=\"https:\/\/www.europesays.com\/es\/wp-content\/uploads\/2025\/09\/f.elconfidencial.com\/original\/f55\/c9b\/ac3\/f55c9bac3308763f303bb9765a8f19d9.jpg\"  \/>     <\/p>\n<p>TE PUEDE INTERESAR<\/p>\n<p>      <a class=\"inTextNews__title\" href=\"https:\/\/www.elconfidencial.com\/cultura\/2024-07-11\/mad-cool-2024-dua-lipa-smashing-pumpkins_3921459\/\" onclick=\"window.ECCO.emit(&#039;amplitude&#039;, { dataEventName: &#039;click_related_article_module&#039;, data: { related_article_url: &#039;https:\/\/www.elconfidencial.com\/cultura\/2024-07-11\/mad-cool-2024-dua-lipa-smashing-pumpkins_3921459\/&#039;, related_article_author: &#039;H\u00e9ctor G. Barn\u00e9s&#039;, related_article_section: &#039;cultura&#039; } })\" rel=\"nofollow noopener\" target=\"_blank\"> Mad Cool: \u00a1Milagro! Por fin, un macrofestival en Madrid sin altas dosis de sufrimiento <\/a>   <\/p>\n<p>    H\u00e9ctor Garc\u00eda Barn\u00e9s   <\/p>\n<p> <strong>P. En tu proceso creativo conviven la iron\u00eda, el surrealismo, la melancol\u00eda\u2026 \u00bfC\u00f3mo los gestionas?<\/strong> <\/p>\n<p> R. Conviven muy bien, pero \u00faltimamente tengo conflictos respecto a qui\u00e9n le va a interesar lo que siento yo. \u00bfCu\u00e1nta vanidad hay en eso? \u00bfPor qu\u00e9 das por supuesto que vas a robar 40 minutos del tiempo de alguien? Es un conflicto extra\u00f1o, porque mostrar sentimientos cantando es algo muy anormal, aunque se haga desde hace miles de a\u00f1os. No hablas de tus emociones solo con tu familia o tu pareja, sino que las sueltas al mundo. Es como colgarte de un puente con un meg\u00e1fono. Es una necesidad que seguramente obedece a alg\u00fan tipo de trastorno, la verdad. <\/p>\n<p class=\"bodyObject bodyBlockquote\">\u00abEsto de cantar es como colgarte de un puente con un meg\u00e1fono. Es una necesidad que seguramente obedece a alg\u00fan tipo de trastorno\u00bb<\/p>\n<p> <strong>P. Mencionas la vanidad, pero tambi\u00e9n diste el paso de escribir libros. \u00bfTen\u00edas miedo de que no se te tomara en serio?<\/strong> <\/p>\n<p> R. Claro. <\/p>\n<p> <strong>P. \u00bfEntonces?<\/strong> <\/p>\n<p> R. Lo necesitaba como v\u00eda expresiva. Me di cuenta de que estaba intentando canalizar todo en formato canci\u00f3n, cuando algunas ideas ped\u00edan ser relato o novela. La creatividad era desbordante y tuve que ordenar el \u201carmario de juguetes\u201d: qu\u00e9 ideas iban con m\u00fasica y cu\u00e1les eran literarias. Ese discernimiento te lleva en realidad toda la vida. Puedes aprender a hacer letras sencillas, con melod\u00eda que acompa\u00f1e la emoci\u00f3n, pero a veces lo vuelcas todo en la letra y queda demasiado intenso. En el pop anglosaj\u00f3n, muchas letras son m\u00e1s simbolistas y su sentido se entiende a trav\u00e9s de los arreglos, <a href=\"https:\/\/www.elconfidencial.com\/cultura\/2024-11-10\/de-la-atlantida-a-david-bowie-por-que-mitos-estan-hoy-mas-vivos_3998420\/\" target=\"_blank\" rel=\"nofollow noopener\">escuchas a Bowie hablar de marcianos<\/a> y no entiendes lo que te est\u00e1 queriendo decir hasta que escuchas tambi\u00e9n la melod\u00eda. En castellano somos m\u00e1s literarios. <\/p>\n<p> <strong>P.<\/strong> <strong>\u00bfSe pierde alguna vez ese miedo a no ser tomado en serio?<\/strong> <\/p>\n<p> R. Creo que siempre hay miedos, porque desde el minuto uno lo que haces queda a merced de la opini\u00f3n ajena. Y la opini\u00f3n ahora se vende muy barata: te has pasado cuatro a\u00f1os haciendo una pel\u00edcula y alguien la juzga en 15 segundos, sin contexto. Los contextos hist\u00f3ricos se han perdido totalmente, hay gente que <a href=\"https:\/\/www.elconfidencial.com\/cultura\/2025-07-04\/todo-lo-que-sabemos-vuelta-escenarios-oasis-1tna-1qrt_4165778\/\" target=\"_self\" rel=\"nofollow noopener\">pensar\u00e1 que Oasis influy\u00f3<\/a> en los Beatles. Y con la inteligencia artificial, el batiburrillo ser\u00e1 a\u00fan mayor: todo parecer\u00e1 igual, falso o verdadero, izquierda o derecha. <\/p>\n<p> <strong>P.<\/strong> <strong>Como artista, \u00bfte da miedo la inteligencia artificial en la creaci\u00f3n?<\/strong> <\/p>\n<p> R. La semana pasada estuve probando un programa, me hizo una canci\u00f3n en un minuto&#8230; y jam\u00e1s hab\u00eda sido tan infeliz. El valor del arte est\u00e1 en los procesos: el pescador en el lago que est\u00e1 horas hasta atrapar al pez, el japon\u00e9s soplando las esporas del sake, yo qu\u00e9 s\u00e9. Son los procesos los que dan sentido a la obra. Y si se ningunean, todo acabar\u00e1 pareciendo igual, aunque haya alguien que consiga a trav\u00e9s de eso hacer maravillas, me alucina que le pidas a una IA que te haga una canci\u00f3n tipo \u00ab60 hippies, Liverpooliana\u00bb y te haga algo que podr\u00eda <a href=\"https:\/\/www.elconfidencial.com\/cultura\/2024-12-09\/concierto-paul-mccartney-madrid-divertido_4020258\/\" target=\"_blank\" rel=\"nofollow noopener\">estar tocando Paul McCartney. <\/a>Si no se legisla, todo quedar\u00e1 en la misma l\u00ednea horizontal: falso o verdadero dar\u00e1 igual. Creo que nos vamos a enfrentar a uno de los dilemas m\u00e1s salvajes de la historia de la humanidad. <\/p>\n<p> <img decoding=\"async\" .=\"\" a=\"\" alt=\"Santi Balmes: \" bandas=\"\" class=\"articlephoto news-width-text\" contenido=\"\" d.=\"\" data-bottom-x=\"2000\" data-bottom-y=\"2666\" data-height=\"2133\" data-top-x=\"0\" data-top-y=\"0\" data-width=\"1600\" forcesize=\"true\" generar=\"\" imglink=\"\" las=\"\" longdesc=\"Santi Balmes: \" obliga=\"\" para=\"\" se=\"\" seguir=\"\" simplemente=\"\" sourcepicture=\"e938ebaafa56377529a6ba3c15c6b078.jpg\" src=\"https:\/\/www.europesays.com\/es\/wp-content\/uploads\/2025\/09\/f.elconfidencial.com\/original\/e93\/8eb\/aaf\/e938ebaafa56377529a6ba3c15c6b078.jpg\"\/> <\/p>\n<p> <strong>P.<\/strong> <strong>Y relacionado con eso&#8230; en un panorama musical dominado por lo inmediato y lo digital, \u00bfqu\u00e9 lugar ocupa la m\u00fasica m\u00e1s conceptual?<\/strong> <\/p>\n<p> R. Creo que a\u00fan hay gente que regresa a lo anal\u00f3gico, a los libros. Pero se obliga a las bandas a generar contenido continuo, ef\u00edmero, simplemente para seguir presentes. Me preocupa esa homogeneizaci\u00f3n: al final <a href=\"https:\/\/www.elconfidencial.com\/cultura\/2025-07-17\/precariedad-musica-industria-pumuky-songs_4160921\/\" target=\"_self\" rel=\"nofollow noopener\">parece que se hace m\u00e1s para Instagram<\/a> o para las redes que para tu propio proyecto, todo poco preparado o con urgencia. Todos subimos el mismo selfie con el p\u00fablico detr\u00e1s, intentando gestionar lo que pas\u00f3 en M\u00e1laga o en Pontevedra\u2026 \u00bfQu\u00e9 sentido tiene todo? Pero bueno, yo a\u00fan estoy en el siglo XX, hay gente que ha nacido en el siglo XXI y te aseguro que estos debates seguro que no los tienen. <\/p>\n<p class=\"bodyObject bodyBlockquote\">\u00abLa semana pasada estuve probando la IA, me hizo una canci\u00f3n en un minuto&#8230; y jam\u00e1s hab\u00eda sido tan infeliz\u00bb<\/p>\n<p> <strong>P. Muchas veces has mencionado a Radiohead. \u00bfQu\u00e9 nuevas influencias musicales han entrado en tu universo creativo en este tiempo?<\/strong> <\/p>\n<p> R. He estado escuchando \u00faltimamente a Rusowsky, por mis hijas&#8230; y a Nico Roig, m\u00fasica en catal\u00e1n, pero tambi\u00e9n hacer un ejercicio de nuevas influencias puede ser escuchar (si nunca lo hab\u00edas escuchado) <a href=\"https:\/\/www.elconfidencial.com\/cultura\/2009-06-12\/blue-note-70-anos-de-jazz-y-buena-musica_349363\/\" target=\"_blank\" rel=\"nofollow noopener\">a Coltrane <\/a>o a Robbie Williams. He vuelto tambi\u00e9n a <a href=\"https:\/\/www.elconfidencial.com\/cultura\/2024-09-01\/kalorama-madrid-2024-cronica-lcd-soundsystem-massive-attack_3952382\/\" target=\"_blank\" rel=\"nofollow noopener\">Massive Attack<\/a> como un loco, pero por el ejercicio de revisitar, como releer el libro correcto, que me gusta mucho. <\/p>\n<p> <strong>P. Y hablando <a href=\"https:\/\/www.elconfidencial.com\/cultura\/2025-09-03\/radiohead-lo-confirma-estas-son-las-4-fechas-de-conciertos-en-madrid-y-el-dia-que-las-entradas-saldran-a-la-venta_4201751\/\" target=\"_blank\" rel=\"nofollow noopener\">de nuevo de Radiohead,<\/a> se les ha criticado e incluso intentado boicotear por no posicionarse con Gaza. \u00bfCrees que los m\u00fasicos est\u00e1is obligados a tener un altavoz pol\u00edtico?<\/strong> <\/p>\n<p> <strong>R.<\/strong> No creo que sea estrictamente necesario librar todas las batallas, con la madurez aprendes a elegir tus guerras. <a href=\"https:\/\/www.elconfidencial.com\/television\/eurovision\/2025-05-08\/todos-los-concursantes-de-eurovision-que-han-pedido-formalmente-que-israel-deje-de-ser-parte-del-festival_4124947\/\" target=\"_self\" rel=\"nofollow noopener\">El caso de Palestina y Gaza s\u00ed me parece excepcional<\/a>, un genocidio con su puesta en escena, un teatro, y nosotros nos ve\u00edamos en la obligaci\u00f3n de hacer algo. No s\u00e9, nuestra decepci\u00f3n con Estados Unidos en los \u00faltimos a\u00f1os ya nos ha generado hartazgo. La pol\u00edtica se ha convertido en un espect\u00e1culo, los pol\u00edticos parecen influencers&#8230; incluso los entierros, como el de Charlie Kirk con esos fuegos artificiales. Pero tambi\u00e9n es l\u00edcito no pronunciarse, y tampoco somos expertos en geopol\u00edtica. No s\u00e9, lo de decidir tocar o no en festivales&#8230; depende de la situaci\u00f3n econ\u00f3mica de cada uno. <\/p>\n","protected":false},"excerpt":{"rendered":"Santi Balmes, cantante de Love of Lesbian, alucina bastante con los cuadros que hay colgados en la pared:&hellip;\n","protected":false},"author":2,"featured_media":148976,"comment_status":"","ping_status":"","sticky":false,"template":"","format":"standard","meta":{"footnotes":""},"categories":[174],"tags":[255,146,147,25,24,256,23],"class_list":{"0":"post-148975","1":"post","2":"type-post","3":"status-publish","4":"format-standard","5":"has-post-thumbnail","7":"category-famosos","8":"tag-celebrities","9":"tag-entertainment","10":"tag-entretenimiento","11":"tag-es","12":"tag-espana","13":"tag-famosos","14":"tag-spain"},"share_on_mastodon":{"url":"","error":""},"_links":{"self":[{"href":"https:\/\/www.europesays.com\/es\/wp-json\/wp\/v2\/posts\/148975","targetHints":{"allow":["GET"]}}],"collection":[{"href":"https:\/\/www.europesays.com\/es\/wp-json\/wp\/v2\/posts"}],"about":[{"href":"https:\/\/www.europesays.com\/es\/wp-json\/wp\/v2\/types\/post"}],"author":[{"embeddable":true,"href":"https:\/\/www.europesays.com\/es\/wp-json\/wp\/v2\/users\/2"}],"replies":[{"embeddable":true,"href":"https:\/\/www.europesays.com\/es\/wp-json\/wp\/v2\/comments?post=148975"}],"version-history":[{"count":0,"href":"https:\/\/www.europesays.com\/es\/wp-json\/wp\/v2\/posts\/148975\/revisions"}],"wp:featuredmedia":[{"embeddable":true,"href":"https:\/\/www.europesays.com\/es\/wp-json\/wp\/v2\/media\/148976"}],"wp:attachment":[{"href":"https:\/\/www.europesays.com\/es\/wp-json\/wp\/v2\/media?parent=148975"}],"wp:term":[{"taxonomy":"category","embeddable":true,"href":"https:\/\/www.europesays.com\/es\/wp-json\/wp\/v2\/categories?post=148975"},{"taxonomy":"post_tag","embeddable":true,"href":"https:\/\/www.europesays.com\/es\/wp-json\/wp\/v2\/tags?post=148975"}],"curies":[{"name":"wp","href":"https:\/\/api.w.org\/{rel}","templated":true}]}}