{"id":14900,"date":"2025-07-30T22:04:15","date_gmt":"2025-07-30T22:04:15","guid":{"rendered":"https:\/\/www.europesays.com\/es\/14900\/"},"modified":"2025-07-30T22:04:15","modified_gmt":"2025-07-30T22:04:15","slug":"reedicion-del-album-a-duo-de-lindsey-buckingham-y-stevie-nicks","status":"publish","type":"post","link":"https:\/\/www.europesays.com\/es\/14900\/","title":{"rendered":"Reedici\u00f3n del \u00e1lbum a d\u00fao de Lindsey Buckingham y Stevie Nicks"},"content":{"rendered":"<p>Buckingham Nicks es el \u00fanico Lp que publicaron a d\u00fao en 1973 Lindsey Buckingham y Stevie Nicks, que posteriormente se unir\u00edan a Fleetwood Mac para dar un cambio radical al grupo brit\u00e1nico de blues, que pas\u00f3 a convertirse en una referencia del rock estadounidense desde la segunda mitad de los a\u00f1os 70 y que a\u00fan sigue en activo. El pr\u00f3ximo 19 de septiembre se reedita remasterizado y hoy lo anticipamos. <\/p>\n","protected":false},"excerpt":{"rendered":"Buckingham Nicks es el \u00fanico Lp que publicaron a d\u00fao en 1973 Lindsey Buckingham y Stevie Nicks, que&hellip;\n","protected":false},"author":2,"featured_media":14901,"comment_status":"","ping_status":"","sticky":false,"template":"","format":"standard","meta":{"footnotes":""},"categories":[170],"tags":[146,147,25,24,184,185,133,1448,9895,1986,1987,9894,23],"class_list":{"0":"post-14900","1":"post","2":"type-post","3":"status-publish","4":"format-standard","5":"has-post-thumbnail","7":"category-musica","8":"tag-entertainment","9":"tag-entretenimiento","10":"tag-es","11":"tag-espana","12":"tag-music","13":"tag-musica","14":"tag-online","15":"tag-radio","16":"tag-reedicion-del-album-a-duo-de-lindsey-buckingham-y-stevie-nicks","17":"tag-rne","18":"tag-rtve-play","19":"tag-sin-rodeos","20":"tag-spain"},"share_on_mastodon":{"url":"","error":""},"_links":{"self":[{"href":"https:\/\/www.europesays.com\/es\/wp-json\/wp\/v2\/posts\/14900","targetHints":{"allow":["GET"]}}],"collection":[{"href":"https:\/\/www.europesays.com\/es\/wp-json\/wp\/v2\/posts"}],"about":[{"href":"https:\/\/www.europesays.com\/es\/wp-json\/wp\/v2\/types\/post"}],"author":[{"embeddable":true,"href":"https:\/\/www.europesays.com\/es\/wp-json\/wp\/v2\/users\/2"}],"replies":[{"embeddable":true,"href":"https:\/\/www.europesays.com\/es\/wp-json\/wp\/v2\/comments?post=14900"}],"version-history":[{"count":0,"href":"https:\/\/www.europesays.com\/es\/wp-json\/wp\/v2\/posts\/14900\/revisions"}],"wp:featuredmedia":[{"embeddable":true,"href":"https:\/\/www.europesays.com\/es\/wp-json\/wp\/v2\/media\/14901"}],"wp:attachment":[{"href":"https:\/\/www.europesays.com\/es\/wp-json\/wp\/v2\/media?parent=14900"}],"wp:term":[{"taxonomy":"category","embeddable":true,"href":"https:\/\/www.europesays.com\/es\/wp-json\/wp\/v2\/categories?post=14900"},{"taxonomy":"post_tag","embeddable":true,"href":"https:\/\/www.europesays.com\/es\/wp-json\/wp\/v2\/tags?post=14900"}],"curies":[{"name":"wp","href":"https:\/\/api.w.org\/{rel}","templated":true}]}}