{"id":149000,"date":"2025-09-30T16:59:08","date_gmt":"2025-09-30T16:59:08","guid":{"rendered":"https:\/\/www.europesays.com\/es\/149000\/"},"modified":"2025-09-30T16:59:08","modified_gmt":"2025-09-30T16:59:08","slug":"regresaria-para-el-boxeo-vs-nate-diaz-mas-cipolletti","status":"publish","type":"post","link":"https:\/\/www.europesays.com\/es\/149000\/","title":{"rendered":"regresar\u00eda para el boxeo vs. Nate D\u00edaz \u2013 M\u00e1s Cipolletti"},"content":{"rendered":"<p><a data-player-guid=\"d2f9674e-3717-5a71-8681-95fd39f91d46\" href=\"https:\/\/www.espn.com\/mma\/fighter\/_\/id\/2506549\/dustin-poirier\" rel=\"nofollow noopener\" target=\"_blank\">Dustin Poirier<\/a> no est\u00e1 cerca de salir de la jubilaci\u00f3n de las artes marciales mixtas, pero entrar\u00eda en un anillo de boxeo si eso significara enfrentar <a data-player-guid=\"a3c0f543-a658-cb1a-216d-43e224368074\" href=\"https:\/\/www.espn.com\/mma\/fighter\/_\/id\/2335679\/nate-diaz\" rel=\"nofollow noopener\" target=\"_blank\">Nate D\u00edaz<\/a>.<\/p>\n<p>Poirier, de 36 a\u00f1os, se retir\u00f3 de la UFC en julio, en un <a href=\"https:\/\/www.espn.com\/mma\/story\/_\/id\/45780404\/holloway-wins-ufc-318-main-event-poirier-retirement-fight\" rel=\"nofollow noopener\" target=\"_blank\">aparici\u00f3n final<\/a> contra <a data-player-guid=\"7e45261b-2ad6-dd5a-d2b8-c1056ad16e5f\" href=\"http:\/\/www.espn.com\/mma\/fighter\/_\/id\/2614933\/max-holloway\" rel=\"nofollow noopener\" target=\"_blank\">Max Holloway<\/a> en su estado natal de Louisiana. Ha dejado en claro que no tiene intenci\u00f3n de pelear nuevamente, pero hizo una declaraci\u00f3n sorpresa en las redes sociales el lunes.<\/p>\n<p>\u201cZuffa Boxing, [12 rounds]Nathaniel, lo har\u00eda, \u201cPoirier <a href=\"https:\/\/x.com\/DustinPoirier\/status\/1972884857102717423\" rel=\"nofollow\">escribi\u00f3 en x<\/a>. \u201cSolo [one] M\u00e1s pelea que tomar\u00eda \u201c.<\/p>\n<p>Poirier (30-10) y D\u00edaz (21-13) estaban programados para luchar en el UFC en 2018 en Nueva York, pero el enfrentamiento finalmente fracas\u00f3, y cada luchador culpa al otro por no suceder. Poirier afirm\u00f3 que las prolongadas negociaciones de D\u00edaz con el UFC en la pelea fueron la raz\u00f3n principal por la que no sucedi\u00f3, mientras que D\u00edaz acus\u00f3 a Poirier de tirar de la enchufe debido a lesiones persistentes. D\u00edaz incluso dijo que sinti\u00f3 que mantuvo una victoria sobre Poirier debido a la decisi\u00f3n de Poirier de abordar las lesiones en su cadera.<\/p>\n<p>D\u00edaz, de 40 a\u00f1os, dej\u00f3 el UFC en 2022 para buscar oportunidades fuera del oct\u00e1gono. Hizo su debut en el boxeo profesional contra <a data-player-guid=\"693715fa-6a0d-3abd-81cb-19842decc27f\" href=\"http:\/\/www.espn.com\/mma\/fighter\/_\/id\/5123196\/jake-paul\" rel=\"nofollow noopener\" target=\"_blank\">Jake Paul<\/a> en 2023 y perdido por una decisi\u00f3n un\u00e1nime. En su \u00faltima aparici\u00f3n, derrot\u00f3 al ex rival de UFC <a data-player-guid=\"564f0a09-4826-6861-cd4d-39e6e0eb6dcf\" href=\"https:\/\/www.espn.com\/mma\/fighter\/_\/id\/2500857\/jorge-masvidal\" rel=\"nofollow noopener\" target=\"_blank\">Jorge Masdal<\/a> en un concurso de boxeo en julio de 2024. Ha expresado inter\u00e9s en regresar al UFC en alg\u00fan momento. Todav\u00eda no ha respondido a la propuesta de Poirier.<\/p>\n<p>\u201cEstoy jubilado, he terminado, pero Nate es uno que se escap\u00f3\u201d, escribi\u00f3 Poirier.<\/p>\n<p>El lunes, Zuffa Boxing anunci\u00f3 un largo plazo <a href=\"https:\/\/www.espn.com\/boxing\/story\/_\/id\/46425819\/zuffa-boxing-lands-media-deal-paramount+-cbs\" rel=\"nofollow noopener\" target=\"_blank\">Trato de transmisi\u00f3n de EE. UU.<\/a> con Paramount+ y CBS. La promoci\u00f3n, que se fund\u00f3 a principios de este a\u00f1o, est\u00e1 dirigida por la CEO de UFC, Dana White.<\/p>\n<p><a href=\"https:\/\/www.espn.com\/mma\/story\/_\/id\/46435006\/dustin-poirier-return-boxing-match-vs-nate-diaz\" rel=\"nofollow noopener\" target=\"_blank\">Fuente<\/a><\/p>\n","protected":false},"excerpt":{"rendered":"Dustin Poirier no est\u00e1 cerca de salir de la jubilaci\u00f3n de las artes marciales mixtas, pero entrar\u00eda en&hellip;\n","protected":false},"author":2,"featured_media":149001,"comment_status":"","ping_status":"","sticky":false,"template":"","format":"standard","meta":{"footnotes":""},"categories":[276],"tags":[168,25,24,23,167,343],"class_list":{"0":"post-149000","1":"post","2":"type-post","3":"status-publish","4":"format-standard","5":"has-post-thumbnail","7":"category-ufc","8":"tag-deportes","9":"tag-es","10":"tag-espana","11":"tag-spain","12":"tag-sports","13":"tag-ufc"},"share_on_mastodon":{"url":"","error":""},"_links":{"self":[{"href":"https:\/\/www.europesays.com\/es\/wp-json\/wp\/v2\/posts\/149000","targetHints":{"allow":["GET"]}}],"collection":[{"href":"https:\/\/www.europesays.com\/es\/wp-json\/wp\/v2\/posts"}],"about":[{"href":"https:\/\/www.europesays.com\/es\/wp-json\/wp\/v2\/types\/post"}],"author":[{"embeddable":true,"href":"https:\/\/www.europesays.com\/es\/wp-json\/wp\/v2\/users\/2"}],"replies":[{"embeddable":true,"href":"https:\/\/www.europesays.com\/es\/wp-json\/wp\/v2\/comments?post=149000"}],"version-history":[{"count":0,"href":"https:\/\/www.europesays.com\/es\/wp-json\/wp\/v2\/posts\/149000\/revisions"}],"wp:featuredmedia":[{"embeddable":true,"href":"https:\/\/www.europesays.com\/es\/wp-json\/wp\/v2\/media\/149001"}],"wp:attachment":[{"href":"https:\/\/www.europesays.com\/es\/wp-json\/wp\/v2\/media?parent=149000"}],"wp:term":[{"taxonomy":"category","embeddable":true,"href":"https:\/\/www.europesays.com\/es\/wp-json\/wp\/v2\/categories?post=149000"},{"taxonomy":"post_tag","embeddable":true,"href":"https:\/\/www.europesays.com\/es\/wp-json\/wp\/v2\/tags?post=149000"}],"curies":[{"name":"wp","href":"https:\/\/api.w.org\/{rel}","templated":true}]}}