{"id":149006,"date":"2025-09-30T17:04:09","date_gmt":"2025-09-30T17:04:09","guid":{"rendered":"https:\/\/www.europesays.com\/es\/149006\/"},"modified":"2025-09-30T17:04:09","modified_gmt":"2025-09-30T17:04:09","slug":"nota-de-prensa-tecnibasket-categoria-alevin-federacion-de-baloncesto-de-castilla-la-mancha","status":"publish","type":"post","link":"https:\/\/www.europesays.com\/es\/149006\/","title":{"rendered":"NOTA DE PRENSA TECNIBASKET CATEGORIA ALEVIN \u2013 Federaci\u00f3n de Baloncesto de Castilla La Mancha"},"content":{"rendered":"<p><strong>HORAS Y SEDES DE ENTRENAMIENTO DIA 4 DE OCTUBRE<\/strong><\/p>\n<p>Despu\u00e9s de la nota de prensa publicada en d\u00edas anteriores, indicando la programaci\u00f3n que se va a llevar a cabo en el nuevo proceso de Tecnibasket,\u00a0 de las selecciones provinciales Alevines.<\/p>\n<p>Las jornadas de entrenamientos ser\u00e1n los s\u00e1bados o domingos en turno de ma\u00f1ana.<\/p>\n<p>La programaci\u00f3n para este proceso es el siguiente:<\/p>\n<p><strong>*** Hay opci\u00f3n de poder cambiar los d\u00edas 11 y 25 de octubre a 12 y 26, en algunas provincias, se informar\u00e1, lo antes posible.<\/strong><\/p>\n<p><img fetchpriority=\"high\" decoding=\"async\" width=\"686\" height=\"194\" src=\"https:\/\/www.europesays.com\/es\/wp-content\/uploads\/2025\/09\/imagen-24.png\" alt=\"\" class=\"wp-image-39595\"  \/><\/p>\n<p><strong>Para poder asistir a estas concentraciones, deber\u00e1n apuntarse en el siguiente enlace \u2013 <\/strong><a href=\"https:\/\/docs.google.com\/forms\/d\/e\/1FAIpQLSf0Ts1vH0roRxHTqsWtzDBDqIdK8dqXtVvFl6H8B5kBeq0jAA\/viewform?usp=header\" rel=\"nofollow noopener\" target=\"_blank\"><strong>PINCHA AQU\u00cd<\/strong><\/a><strong>.<\/strong><\/p>\n<p>* La asistencia a los entrenamientos es fundamental para la elecci\u00f3n de l@s jugador@s en las respectivas selecciones.<\/p>\n<p>* Todos los entrenamientos son a puerta cerrada.<\/p>\n<p>* Es <strong>obligatorio<\/strong> que tod@s l@s jugador@s que se presenten a estas concentraciones, est\u00e9n dados de alta previamente en el programa SOMOS DEPORTE 2025\/2026.<\/p>\n<p>.<\/p>\n<p class=\"has-medium-font-size\"><strong>LUGARES Y HORARIOS DE CONCENTRACION DEL DIA 4 DE OCTUBRE DE 2025,<\/strong><\/p>\n<p class=\"has-medium-font-size\"><strong>PROVINCIA DE CIUDAD REAL<\/strong><\/p>\n<p><strong>La concentraci\u00f3n se realizar\u00e1 en MANZANARES<\/strong><\/p>\n<p><strong>PABELLON: ANTONIO CABA<\/strong><\/p>\n<p><img loading=\"lazy\" decoding=\"async\" width=\"688\" height=\"79\" src=\"https:\/\/www.europesays.com\/es\/wp-content\/uploads\/2025\/09\/imagen-25.png\" alt=\"\" class=\"wp-image-39596\"  \/><\/p>\n<p>.<\/p>\n<p class=\"has-medium-font-size\"><strong>PROVINCIA DE TOLEDO<\/strong><\/p>\n<p><strong>La concentraci\u00f3n se realizar\u00e1 en TOLEDO<\/strong><\/p>\n<p><strong>PABELLON: FABRICA DE ARMAS<\/strong><\/p>\n<p><img loading=\"lazy\" decoding=\"async\" width=\"685\" height=\"78\" src=\"https:\/\/www.europesays.com\/es\/wp-content\/uploads\/2025\/09\/imagen-26.png\" alt=\"\" class=\"wp-image-39597\"  \/><\/p>\n<p>.<\/p>\n<p class=\"has-medium-font-size\"><strong>PROVINCIA DE ALBACETE<\/strong><\/p>\n<p><strong>La concentraci\u00f3n se realizar\u00e1 en ALBACETE<\/strong><\/p>\n<p><strong>PABELLON: VIRGEN DE LOS LLANOS<\/strong><\/p>\n<p><img loading=\"lazy\" decoding=\"async\" width=\"682\" height=\"125\" src=\"https:\/\/www.europesays.com\/es\/wp-content\/uploads\/2025\/09\/imagen-27.png\" alt=\"\" class=\"wp-image-39598\"  \/><\/p>\n<p>.<\/p>\n<p class=\"has-medium-font-size\"><strong>PROVINCIA DE GUADALAJARA<\/strong><\/p>\n<p><strong>La concentraci\u00f3n se realizar\u00e1 en MARCHAMALO<\/strong><\/p>\n<p><strong>PABELLON: GARCIA FRAGUAS<\/strong><\/p>\n<p><img loading=\"lazy\" decoding=\"async\" width=\"685\" height=\"76\" src=\"https:\/\/www.europesays.com\/es\/wp-content\/uploads\/2025\/09\/imagen-28.png\" alt=\"\" class=\"wp-image-39599\"  \/><\/p>\n<p>.<\/p>\n<p class=\"has-medium-font-size\"><strong>PROVINCIA DE CUENCA<\/strong><\/p>\n<p><strong>La concentraci\u00f3n se realizar\u00e1 en CUENCA<\/strong><\/p>\n<p><strong>PABELLON: SAN FERNANDO<\/strong><\/p>\n<p><img loading=\"lazy\" decoding=\"async\" width=\"688\" height=\"83\" src=\"https:\/\/www.europesays.com\/es\/wp-content\/uploads\/2025\/09\/imagen-29.png\" alt=\"\" class=\"wp-image-39600\"  \/><\/p>\n","protected":false},"excerpt":{"rendered":"HORAS Y SEDES DE ENTRENAMIENTO DIA 4 DE OCTUBRE Despu\u00e9s de la nota de prensa publicada en d\u00edas&hellip;\n","protected":false},"author":2,"featured_media":149007,"comment_status":"","ping_status":"","sticky":false,"template":"","format":"standard","meta":{"footnotes":""},"categories":[269],"tags":[299,298,168,25,24,23,167],"class_list":{"0":"post-149006","1":"post","2":"type-post","3":"status-publish","4":"format-standard","5":"has-post-thumbnail","7":"category-baloncesto","8":"tag-baloncesto","9":"tag-basketball","10":"tag-deportes","11":"tag-es","12":"tag-espana","13":"tag-spain","14":"tag-sports"},"share_on_mastodon":{"url":"","error":""},"_links":{"self":[{"href":"https:\/\/www.europesays.com\/es\/wp-json\/wp\/v2\/posts\/149006","targetHints":{"allow":["GET"]}}],"collection":[{"href":"https:\/\/www.europesays.com\/es\/wp-json\/wp\/v2\/posts"}],"about":[{"href":"https:\/\/www.europesays.com\/es\/wp-json\/wp\/v2\/types\/post"}],"author":[{"embeddable":true,"href":"https:\/\/www.europesays.com\/es\/wp-json\/wp\/v2\/users\/2"}],"replies":[{"embeddable":true,"href":"https:\/\/www.europesays.com\/es\/wp-json\/wp\/v2\/comments?post=149006"}],"version-history":[{"count":0,"href":"https:\/\/www.europesays.com\/es\/wp-json\/wp\/v2\/posts\/149006\/revisions"}],"wp:featuredmedia":[{"embeddable":true,"href":"https:\/\/www.europesays.com\/es\/wp-json\/wp\/v2\/media\/149007"}],"wp:attachment":[{"href":"https:\/\/www.europesays.com\/es\/wp-json\/wp\/v2\/media?parent=149006"}],"wp:term":[{"taxonomy":"category","embeddable":true,"href":"https:\/\/www.europesays.com\/es\/wp-json\/wp\/v2\/categories?post=149006"},{"taxonomy":"post_tag","embeddable":true,"href":"https:\/\/www.europesays.com\/es\/wp-json\/wp\/v2\/tags?post=149006"}],"curies":[{"name":"wp","href":"https:\/\/api.w.org\/{rel}","templated":true}]}}