{"id":149008,"date":"2025-09-30T17:05:10","date_gmt":"2025-09-30T17:05:10","guid":{"rendered":"https:\/\/www.europesays.com\/es\/149008\/"},"modified":"2025-09-30T17:05:10","modified_gmt":"2025-09-30T17:05:10","slug":"el-barca-informa-de-la-via-y-el-formato-de-recepcion-de-entradas-ante-el-psg","status":"publish","type":"post","link":"https:\/\/www.europesays.com\/es\/149008\/","title":{"rendered":"El Bar\u00e7a informa de la v\u00eda y el formato de recepci\u00f3n de entradas ante el PSG"},"content":{"rendered":"<p>                        Los socios con pase en Montju\u00efc las dos \u00faltimas temporadas encontrar\u00e1n sus entradas en formato digital en la app de socios, entre 24 y 3 horas antes del partido<br \/>\nEl resto de socios que hayan adquirido entradas las recibir\u00e1n en un PDF a trav\u00e9s de un correo electr\u00f3nico.\n<\/p>\n<p><img src=\"https:\/\/www.mundodeportivo.com\/files\/image_449_220\/uploads\/2025\/09\/28\/68d979d16a8ab.jpeg\" data-full-src=\"https:\/\/www.europesays.com\/es\/wp-content\/uploads\/2025\/09\/68d979d16a8ab.jpeg\" alt=\"Horizontal\" width=\"449\" height=\"220\" class=\"nolazy\" decoding=\"async\" fetchpriority=\"high\"\/><\/p>\n<p class=\"caption-title \">Aficionados del Bar\u00e7a en el Estadi Ol\u00edmpic antes del partido ante la Real Sociedad<\/p>\n<p>Judit Cartiel \/ Getty<\/p>\n<ul>\n<li style=\"vertical-align:top\">\n<\/li>\n<\/ul>\n<p>\n                        Actualizado a  30\/09\/2025 17:27 CEST\n                    <\/p>\n<p data-gtm-element-container=\"modulo-texto-link\" class=\"paragraph\">El <strong>FC Barcelona<\/strong> est\u00e1 comunicando por e-mail a sus socios c\u00f3mo recibir\u00e1n sus entradas para el partido de este mi\u00e9rcoles (21 h.\/Movistar Liga de Campeones) contra el <strong>Paris Saint-Germain<\/strong> en la segunda jornada de la &#8216;fase liga&#8217; de la <strong>Champions League<\/strong>.\u00a0 Los\u00a0<\/p>\n<p data-gtm-element-container=\"modulo-texto-link\" class=\"paragraph\">Los\u00a016.151 socios y socias que tuvieron el pase para e<strong>l Estadi Ol\u00edmpic Llu\u00eds Companys de Montju\u00efc<\/strong> durante las temporadas 2023\/24 y 2024\/25 y comprado, con precio reducido (de 11 a 37 euros) y proporcional al importe del pase de una temporada, encontrar\u00e1n sus entradas en formato digital en la app de socios, entre 24 y 3 horas antes del partido.<\/p>\n<p>    Lee tambi\u00e9n<\/p>\n<p data-gtm-element-container=\"modulo-texto-link\" class=\"paragraph\">Por lo que respecta al resto de socios y socias que hayan adquirido entradas por el<strong> Bar\u00e7a-PSG,<\/strong> las recibir\u00e1n en un PDF a trav\u00e9s de un correo electr\u00f3nico.\u00a0El club azulgrana recuerda que las localidades ser\u00e1n nominales y que solo se podr\u00e1n adquirir a trav\u00e9s de los canales oficiales.<\/p>\n<p>\n        Mostrar comentarios\n    <\/p>\n<p>{\u00aballowComment\u00bb:\u00bballowed\u00bb,\u00bbarticleId\u00bb:\u00bbarticle-1002542151&#8243;,\u00bburl\u00bb:\u00bbhttps:\\\/\\\/www.mundodeportivo.com\\\/futbol\\\/fc-barcelona\\\/20250930\\\/1002542151\\\/barca-informa-formato-recepcion-entradas-psg.html\u00bb,\u00bblivefyre-url\u00bb:\u00bbarticle-1002542151&#8243;}<\/p>\n<p>Cargando siguiente contenido&#8230;\n                <\/p>\n","protected":false},"excerpt":{"rendered":"Los socios con pase en Montju\u00efc las dos \u00faltimas temporadas encontrar\u00e1n sus entradas en formato digital en la&hellip;\n","protected":false},"author":2,"featured_media":149009,"comment_status":"","ping_status":"","sticky":false,"template":"","format":"standard","meta":{"footnotes":""},"categories":[268],"tags":[168,25,24,280,282,281,23,167],"class_list":{"0":"post-149008","1":"post","2":"type-post","3":"status-publish","4":"format-standard","5":"has-post-thumbnail","7":"category-futbol","8":"tag-deportes","9":"tag-es","10":"tag-espana","11":"tag-football","12":"tag-futbol","13":"tag-soccer","14":"tag-spain","15":"tag-sports"},"share_on_mastodon":{"url":"","error":""},"_links":{"self":[{"href":"https:\/\/www.europesays.com\/es\/wp-json\/wp\/v2\/posts\/149008","targetHints":{"allow":["GET"]}}],"collection":[{"href":"https:\/\/www.europesays.com\/es\/wp-json\/wp\/v2\/posts"}],"about":[{"href":"https:\/\/www.europesays.com\/es\/wp-json\/wp\/v2\/types\/post"}],"author":[{"embeddable":true,"href":"https:\/\/www.europesays.com\/es\/wp-json\/wp\/v2\/users\/2"}],"replies":[{"embeddable":true,"href":"https:\/\/www.europesays.com\/es\/wp-json\/wp\/v2\/comments?post=149008"}],"version-history":[{"count":0,"href":"https:\/\/www.europesays.com\/es\/wp-json\/wp\/v2\/posts\/149008\/revisions"}],"wp:featuredmedia":[{"embeddable":true,"href":"https:\/\/www.europesays.com\/es\/wp-json\/wp\/v2\/media\/149009"}],"wp:attachment":[{"href":"https:\/\/www.europesays.com\/es\/wp-json\/wp\/v2\/media?parent=149008"}],"wp:term":[{"taxonomy":"category","embeddable":true,"href":"https:\/\/www.europesays.com\/es\/wp-json\/wp\/v2\/categories?post=149008"},{"taxonomy":"post_tag","embeddable":true,"href":"https:\/\/www.europesays.com\/es\/wp-json\/wp\/v2\/tags?post=149008"}],"curies":[{"name":"wp","href":"https:\/\/api.w.org\/{rel}","templated":true}]}}