{"id":149021,"date":"2025-09-30T17:12:09","date_gmt":"2025-09-30T17:12:09","guid":{"rendered":"https:\/\/www.europesays.com\/es\/149021\/"},"modified":"2025-09-30T17:12:09","modified_gmt":"2025-09-30T17:12:09","slug":"psg-kvaratskhelia-se-perdera-el-partido-de-champions-contra-barcelona-pero-neves-reaparece","status":"publish","type":"post","link":"https:\/\/www.europesays.com\/es\/149021\/","title":{"rendered":"PSG: Kvaratskhelia se perder\u00e1 el partido de Champions contra Barcelona, pero Neves reaparece"},"content":{"rendered":"<p>BARCELONA (AP) \u2014 Paris Saint-Germain no contar\u00e1 con el extremo Khvicha Kvaratskhelia para la visita al Barcelona en la Liga de Campeones el mi\u00e9rcoles.<\/p>\n<p>Kvaratskhelia fue reemplazado el s\u00e1bado durante el descanso en la victoria ante Auxerre en la liga francesa debido a una lesi\u00f3n en el muslo, seg\u00fan se inform\u00f3.<\/p>\n<p>Sin embargo, Vitinha, quien sali\u00f3 al final de la primera mitad contra Auxerre, y su compa\u00f1ero de mediocampo Jo\u00e3o Neves \u2014quien se perdi\u00f3 los dos \u00faltimos partidos de la Ligue 1 por una lesi\u00f3n en el muslo\u2014 fueron incluidos en la convocatoria del PSG anunciada el martes. El capit\u00e1n Marquinhos fue descartado por un problema muscular en el muslo.<\/p>\n<p>El PSG se enfrenta a Barcelona con una diezmada delantera.<\/p>\n<p>Ousmane Demb\u00e9l\u00e9, flamante ganador del Bal\u00f3n de Oro, y el atacante D\u00e9sir\u00e9 Dou\u00e9 a\u00fan se recuperan de lesiones sufridas en compromisos con la selecci\u00f3n de Francia este mes. <\/p>\n<p>___<\/p>\n<p>Deportes AP: https:\/\/apnews.com\/hub\/deportes<\/p>\n","protected":false},"excerpt":{"rendered":"BARCELONA (AP) \u2014 Paris Saint-Germain no contar\u00e1 con el extremo Khvicha Kvaratskhelia para la visita al Barcelona en&hellip;\n","protected":false},"author":2,"featured_media":149022,"comment_status":"","ping_status":"","sticky":false,"template":"","format":"standard","meta":{"footnotes":""},"categories":[93],"tags":[168,25,24,23,167],"class_list":{"0":"post-149021","1":"post","2":"type-post","3":"status-publish","4":"format-standard","5":"has-post-thumbnail","7":"category-deportes","8":"tag-deportes","9":"tag-es","10":"tag-espana","11":"tag-spain","12":"tag-sports"},"share_on_mastodon":{"url":"","error":""},"_links":{"self":[{"href":"https:\/\/www.europesays.com\/es\/wp-json\/wp\/v2\/posts\/149021","targetHints":{"allow":["GET"]}}],"collection":[{"href":"https:\/\/www.europesays.com\/es\/wp-json\/wp\/v2\/posts"}],"about":[{"href":"https:\/\/www.europesays.com\/es\/wp-json\/wp\/v2\/types\/post"}],"author":[{"embeddable":true,"href":"https:\/\/www.europesays.com\/es\/wp-json\/wp\/v2\/users\/2"}],"replies":[{"embeddable":true,"href":"https:\/\/www.europesays.com\/es\/wp-json\/wp\/v2\/comments?post=149021"}],"version-history":[{"count":0,"href":"https:\/\/www.europesays.com\/es\/wp-json\/wp\/v2\/posts\/149021\/revisions"}],"wp:featuredmedia":[{"embeddable":true,"href":"https:\/\/www.europesays.com\/es\/wp-json\/wp\/v2\/media\/149022"}],"wp:attachment":[{"href":"https:\/\/www.europesays.com\/es\/wp-json\/wp\/v2\/media?parent=149021"}],"wp:term":[{"taxonomy":"category","embeddable":true,"href":"https:\/\/www.europesays.com\/es\/wp-json\/wp\/v2\/categories?post=149021"},{"taxonomy":"post_tag","embeddable":true,"href":"https:\/\/www.europesays.com\/es\/wp-json\/wp\/v2\/tags?post=149021"}],"curies":[{"name":"wp","href":"https:\/\/api.w.org\/{rel}","templated":true}]}}