{"id":149023,"date":"2025-09-30T17:14:11","date_gmt":"2025-09-30T17:14:11","guid":{"rendered":"https:\/\/www.europesays.com\/es\/149023\/"},"modified":"2025-09-30T17:14:11","modified_gmt":"2025-09-30T17:14:11","slug":"estrellas-de-hollywood-jeff-bezos-y-lauren-sanchez-como-testigos","status":"publish","type":"post","link":"https:\/\/www.europesays.com\/es\/149023\/","title":{"rendered":"estrellas de Hollywood, Jeff Bezos y Lauren S\u00e1nchez como testigos"},"content":{"rendered":"<p><img decoding=\"async\" class=\"voc-author__img\" src=\"https:\/\/www.europesays.com\/es\/wp-content\/uploads\/2025\/08\/autor-6797-foto-1.png\" alt=\"Daniella Bejarano\"\/><\/p>\n<p class=\"voc-p\" style=\"\"><a href=\"https:\/\/www.abc.es\/gente\/sydney-sweeney-desata-polemica-anuncio-vaqueros-raza-20250731102354-nt.html\" target=\"_self\" data-voc-vtm-id=\"in-text-traffic\" title=\"Sydney Sweeney\" data-mrf-link=\"www.abc.es\" rel=\"nofollow noopener\">Sydney Sweeney<\/a> no escatim\u00f3 en fantas\u00eda para celebrar sus 28 a\u00f1os. La actriz de &#8216;Euphoria&#8217; sopl\u00f3 las velas el pasado domingo en &#8216;Vibiana&#8217;, uno de los espacios m\u00e1s exclusivos de Los \u00c1ngeles, con una fiesta que convirti\u00f3 la noche en un aut\u00e9ntico <strong>viaje interplanetario<\/strong>. Bajo el lema \u00abBienvenidos al planeta Sydney \ud83d\udc7d\ud83d\udef8\ud83d\ude80\u00bb, la artista se rode\u00f3 de amigos, estrellas de Hollywood y hasta de <a href=\"https:\/\/www.abc.es\/gente\/jeff-bezos-lauren-sanchez-casan-venecia-celebridades-20250628092508-nt.html\" target=\"_self\" data-voc-vtm-id=\"in-text-traffic\" title=\"Jeff Bezos y Lauren S\u00e1nchez\" data-mrf-link=\"www.abc.es\" rel=\"nofollow noopener\">Jeff Bezos y Lauren S\u00e1nchez<\/a>, que disfrutaron como dos invitados m\u00e1s de la velada y dejaron en claro su cercan\u00eda con la int\u00e9rprete de &#8216;Los Voyeurs&#8217;.<\/p>\n<p class=\"voc-p\" style=\"\">El evento, que cont\u00f3 con una <strong>tem\u00e1tica gal\u00e1ctica<\/strong> cuidadosamente dise\u00f1ada, incluy\u00f3 decoraci\u00f3n inspirada en la NASA, un pastel de cumplea\u00f1os con cielo estrellado, karaoke y hasta una masterclass de twerking para que nadie se quedara sentado. Cientos de asistentes, entre ellos <strong>Glenn Powell<\/strong>, su compa\u00f1ero en &#8216;Cualquiera menos t\u00fa&#8217;, que apareci\u00f3 vestido de astronauta, se sumaron a la <strong>divertida propuesta.<\/strong><\/p>\n<p class=\"voc-p\" style=\"\">Sweeney fue el centro de todas las miradas con un minivestido plateado salpicado de estrellas en 3D, una creaci\u00f3n de &#8216;The Blonds&#8217; que <strong>homenajeaba directamente a Britney Spears<\/strong> y a la est\u00e9tica de su disco Circus. <\/p>\n<p class=\"voc-p\" style=\"\">Por su parte, Bezos no dud\u00f3 en rendir tributo a su propia carrera espacial con una chaqueta azul marino de <strong>Blue Origin<\/strong>, mientras que Lauren S\u00e1nchez opt\u00f3 por un minivestido plateado metalizado a juego con la homenajeada. La pareja, que se cas\u00f3 el pasado junio en Venecia, pos\u00f3 sonriente en las im\u00e1genes que la propia actriz comparti\u00f3 en Instagram, donde dej\u00f3 constancia del \u00e9xito de la fiesta.<\/p>\n<p class=\"voc-p\" style=\"\">El cumplea\u00f1os tambi\u00e9n sirvi\u00f3 como presentaci\u00f3n oficial de <strong>Scooter Braun<\/strong>, el  conocido productor musical con quien se le vincula sentimentalmente a la actriz. Ambos, que se conoci\u00f3 precisamente en la boda de Bezos y S\u00e1nchez, no se escondieron ante el p\u00fablico: bailaron juntos y compartieron confidencias en p\u00fablico. \u00abElla se divierte con Scooter y disfruta saliendo con \u00e9l\u00bb, confirm\u00f3 una fuente a &#8216;People&#8217;. Tanto Sweeney como Braun parecen haber rehecho sus vidas tras relaciones largas y medi\u00e1ticas: ella con <strong>Jonathan Davino<\/strong>, tras siete a\u00f1os juntos; \u00e9l tras su divorcio de <strong>Yael Cohen<\/strong>, madre de sus tres hijos.<\/p>\n<p class=\"voc-p\" style=\"\">La noche fue un despliegue de glamour y diversi\u00f3n con un marcado aire retro-futurista que conquist\u00f3 tanto a sus amigos como a sus fans. Wiz Khalifa, Diplo y otros rostros conocidos tampoco quisieron perderse la cita, que acab\u00f3 convirti\u00e9ndose en un aut\u00e9ntico acontecimiento social.<\/p>\n<p class=\"voc-p\" style=\"\">Sweeney, que recientemente viaj\u00f3 a Utah y describi\u00f3 la experiencia como \u00abun peque\u00f1o viaje a Marte\u00bb, volvi\u00f3 a mostrar su gusto por las tem\u00e1ticas espaciales. Y aunque Britney Spears<strong> no estuvo en la lista de invitados<\/strong>, su esp\u00edritu estuvo muy presente en un cumplea\u00f1os que, m\u00e1s que una fiesta, fue un aut\u00e9ntico espect\u00e1culo de Hollywood.<\/p>\n<p>Reportar un error<\/p>\n","protected":false},"excerpt":{"rendered":"Sydney Sweeney no escatim\u00f3 en fantas\u00eda para celebrar sus 28 a\u00f1os. La actriz de &#8216;Euphoria&#8217; sopl\u00f3 las velas&hellip;\n","protected":false},"author":2,"featured_media":149024,"comment_status":"","ping_status":"","sticky":false,"template":"","format":"standard","meta":{"footnotes":""},"categories":[91],"tags":[17181,146,147,25,24,782,2328,1505,45461,17180,20468,199,23,15408,15407,7970],"class_list":{"0":"post-149023","1":"post","2":"type-post","3":"status-publish","4":"format-standard","5":"has-post-thumbnail","7":"category-entretenimiento","8":"tag-bezos","9":"tag-entertainment","10":"tag-entretenimiento","11":"tag-es","12":"tag-espana","13":"tag-estrellas","14":"tag-fiesta","15":"tag-hollywood","16":"tag-interplanetaria","17":"tag-jeff","18":"tag-lauren","19":"tag-sanchez","20":"tag-spain","21":"tag-sweeney","22":"tag-sydney","23":"tag-testigos"},"share_on_mastodon":{"url":"","error":""},"_links":{"self":[{"href":"https:\/\/www.europesays.com\/es\/wp-json\/wp\/v2\/posts\/149023","targetHints":{"allow":["GET"]}}],"collection":[{"href":"https:\/\/www.europesays.com\/es\/wp-json\/wp\/v2\/posts"}],"about":[{"href":"https:\/\/www.europesays.com\/es\/wp-json\/wp\/v2\/types\/post"}],"author":[{"embeddable":true,"href":"https:\/\/www.europesays.com\/es\/wp-json\/wp\/v2\/users\/2"}],"replies":[{"embeddable":true,"href":"https:\/\/www.europesays.com\/es\/wp-json\/wp\/v2\/comments?post=149023"}],"version-history":[{"count":0,"href":"https:\/\/www.europesays.com\/es\/wp-json\/wp\/v2\/posts\/149023\/revisions"}],"wp:featuredmedia":[{"embeddable":true,"href":"https:\/\/www.europesays.com\/es\/wp-json\/wp\/v2\/media\/149024"}],"wp:attachment":[{"href":"https:\/\/www.europesays.com\/es\/wp-json\/wp\/v2\/media?parent=149023"}],"wp:term":[{"taxonomy":"category","embeddable":true,"href":"https:\/\/www.europesays.com\/es\/wp-json\/wp\/v2\/categories?post=149023"},{"taxonomy":"post_tag","embeddable":true,"href":"https:\/\/www.europesays.com\/es\/wp-json\/wp\/v2\/tags?post=149023"}],"curies":[{"name":"wp","href":"https:\/\/api.w.org\/{rel}","templated":true}]}}