{"id":149036,"date":"2025-09-30T17:21:10","date_gmt":"2025-09-30T17:21:10","guid":{"rendered":"https:\/\/www.europesays.com\/es\/149036\/"},"modified":"2025-09-30T17:21:10","modified_gmt":"2025-09-30T17:21:10","slug":"alejandro-rubio-se-alza-con-la-pina-de-oro","status":"publish","type":"post","link":"https:\/\/www.europesays.com\/es\/149036\/","title":{"rendered":"Alejandro Rubio se alza con la Pi\u00f1a de Oro"},"content":{"rendered":"<p>Alejandro Rubio, de la Escuela Taurina de El Yiyo, de Madri, se alz\u00f3 con el triunfo en El Hoyo de Pinares en la XIV edici\u00f3n de la Pi\u00f1a de Oro 2025, tras la celebraci\u00f3n de la segunda novillada en la que empat\u00f3 a trofeos con Ra\u00fal Caama\u00f1o, de la Escuelta Taurina Domingo Ortega, de Toledo.\u00a0<\/p>\n<p>V\u00edctor Huertas lidi\u00f3 en El Hoyo de Pinares un encierro con raza y personalidad, con un registro excelente que mantuvo el inter\u00e9s y la constancia que ha sacado la raza del encaste Santa Coloma, destacando su comportamiento y humillaci\u00f3n, con ejemplares de clase y buena nota destacando el 2\u00ba y el 4\u00ba por su movilidad y fijeza.<\/p>\n<p>Abri\u00f3 la tarde el de la E.T. de Toledo, Ra\u00fal Caama\u00f1o, con Cubano, n\u00ba 13, al que mostr\u00f3 los vuelos de su capote en un leve saludo sin estirarse a la ver\u00f3nica con limpieza. Con la franela, el toledano comenz\u00f3 con el trasteo junto a tablas con oficio, sabiendo lo que ten\u00eda delante y mostr\u00f3 la tela hasta que meti\u00f3 al eral someti\u00e9ndole para salir a los medios y dejar un toreo limpio y con templanza, tirando de recursos de novillero. Corri\u00f3 la mano en redondos ligando en ocasiones buen toreo. Por la zurda el novillo se le ce\u00f1\u00eda un poquito y se quedaba algo mas corto, pero lig\u00f3 dos series al natural muy templadas y toreras. Cuaj\u00f3 una bonita faena. Con el acero dej\u00f3 una estocada ligeramente ca\u00edda y atravesada y se le concedi\u00f3 una oreja.\u00a0<\/p>\n<p>El segundo en saltar al ruedo fue Chubasquito, n\u00ba 7, y lo recibi\u00f3 a la ver\u00f3nica el de la E.T. de Jos\u00e9 Cubero &#8216;El Yiyo&#8217;, Alejandro Rubio, estir\u00e1ndose y abriendo el comp\u00e1s, alargando los vuelos del capote y aprovechando la inercia de las embestidas del de V\u00edctor Huertas. Realiz\u00f3 un buen quite el sobresaliente Samuel Montero por chicuelinas. En la muleta compuso Alejandro Rubio una faena de muy buen oficio, muy templada y con un buen hilo argumentada por ambas manos, toreando con reposo y temple sin obligar al eral, tirando con suavidad y corriendo los brazos. Estuvo firme e inteligente el chaval, pero fall\u00f3 con el acero dejando una estocada ca\u00edda y atravesada, lo que pinch\u00f3 una faena de premio gordo. Al novillo se le premi\u00f3 con la vuelta al ruedo.<\/p>\n<p>El tercero de la tarde, Cubalero, n\u00ba 3, encastado y exigente, fue un ejemplar con movilidad frente al que puso decisi\u00f3n y voluntad Ra\u00fal Caama\u00f1o, estir\u00e1ndose a la ver\u00f3nica y rematando con una revolera en los medios. En banderillas buena lidia de Manuel Mac\u00edas, que ya se hab\u00eda desmonterado en el primero en un buen par. Dej\u00f3 un buen segundo par Roque Vega en todo lo alto. Con la muleta, el de la escuela de Domingo Ortega compuso una faena de lances por el derecho de muchos muletazos y de buena actitud. Lig\u00f3 series limpias y toreras por el pit\u00f3n izquierdo, dejando naturales muy sentidos. Con el acero dej\u00f3 estocada que fue escupiendo el novillo, pero hizo su efecto y se le concedi\u00f3 una oreja que, por el momento, le hac\u00eda candidato al triunfo final.\u00a0<\/p>\n<p>Extraordinario fue el cuarto, n\u00ba 5, Jugador, un novillo con clase y fondo, humillando en el capote de Alejandro Rubio que aprovech\u00f3 el recorrido para dejar un saludo meritorio por ver\u00f3nicas y rematando con una serie de chicuelinas. En la muleta puso mucho de su parte el de la escuela de El Yiyo, pues ten\u00eda ganas de triunfo y fe en el novillo que ayudaba. Compuso faena de muletazos lentos y acompasados de mucha transmisi\u00f3n llegando a los tendidos y mostrando una buena actitud en los remates. Aprovech\u00f3 el buen recorrido del novillo por el izquierdo para firmar naturales de calidad llevando con reposo al de V\u00edctor Huertas que tomaba la franela con ritmo y humillaci\u00f3n. Remat\u00f3 faena con una estocada en lo alto dejando al novillo sin puntilla y se le pidieron las dos orejas que el presidente concedi\u00f3 de inmediato, sacando el pa\u00f1uelo azul como premio de la vuelta al ruedo al novillo.<\/p>\n<p>Finalizado el festejo, el jurado de esta XIV edici\u00f3n de la Pi\u00f1a de Oro de El Hoyo de Pinares dilucid\u00f3 tras el empate a trofeos el conceder este a\u00f1o el premio a Alejandro Rubio por las dos buenas faenas realizadas en la tarde. Tras la entrega abandonaron el ruedo los dos novilleros en hombros, siendo ovacionados por un p\u00fablico que sali\u00f3 contento del recinto por lo demostrado por estos dos j\u00f3venes novilleros. \u00a0<\/p>\n","protected":false},"excerpt":{"rendered":"Alejandro Rubio, de la Escuela Taurina de El Yiyo, de Madri, se alz\u00f3 con el triunfo en El&hellip;\n","protected":false},"author":2,"featured_media":149037,"comment_status":"","ping_status":"","sticky":false,"template":"","format":"standard","meta":{"footnotes":""},"categories":[277],"tags":[373,168,42980,1309,25,24,23,167,625,1952,374,444],"class_list":{"0":"post-149036","1":"post","2":"type-post","3":"status-publish","4":"format-standard","5":"has-post-thumbnail","7":"category-toreo","8":"tag-bullfighting","9":"tag-deportes","10":"tag-el-hoyo-de-pinares","11":"tag-encierro","12":"tag-es","13":"tag-espana","14":"tag-spain","15":"tag-sports","16":"tag-tauromaquia","17":"tag-toledo","18":"tag-toreo","19":"tag-toros"},"share_on_mastodon":{"url":"","error":""},"_links":{"self":[{"href":"https:\/\/www.europesays.com\/es\/wp-json\/wp\/v2\/posts\/149036","targetHints":{"allow":["GET"]}}],"collection":[{"href":"https:\/\/www.europesays.com\/es\/wp-json\/wp\/v2\/posts"}],"about":[{"href":"https:\/\/www.europesays.com\/es\/wp-json\/wp\/v2\/types\/post"}],"author":[{"embeddable":true,"href":"https:\/\/www.europesays.com\/es\/wp-json\/wp\/v2\/users\/2"}],"replies":[{"embeddable":true,"href":"https:\/\/www.europesays.com\/es\/wp-json\/wp\/v2\/comments?post=149036"}],"version-history":[{"count":0,"href":"https:\/\/www.europesays.com\/es\/wp-json\/wp\/v2\/posts\/149036\/revisions"}],"wp:featuredmedia":[{"embeddable":true,"href":"https:\/\/www.europesays.com\/es\/wp-json\/wp\/v2\/media\/149037"}],"wp:attachment":[{"href":"https:\/\/www.europesays.com\/es\/wp-json\/wp\/v2\/media?parent=149036"}],"wp:term":[{"taxonomy":"category","embeddable":true,"href":"https:\/\/www.europesays.com\/es\/wp-json\/wp\/v2\/categories?post=149036"},{"taxonomy":"post_tag","embeddable":true,"href":"https:\/\/www.europesays.com\/es\/wp-json\/wp\/v2\/tags?post=149036"}],"curies":[{"name":"wp","href":"https:\/\/api.w.org\/{rel}","templated":true}]}}