{"id":149038,"date":"2025-09-30T17:22:13","date_gmt":"2025-09-30T17:22:13","guid":{"rendered":"https:\/\/www.europesays.com\/es\/149038\/"},"modified":"2025-09-30T17:22:13","modified_gmt":"2025-09-30T17:22:13","slug":"dana-white-y-el-boxeo-dana-white-quiere-aduenarse-del-boxeo-con-zuffa-boxing-y-cambiar-sus-reglas","status":"publish","type":"post","link":"https:\/\/www.europesays.com\/es\/149038\/","title":{"rendered":"Dana White y el boxeo Dana White quiere adue\u00f1arse del boxeo con Zuffa Boxing y cambiar sus reglas"},"content":{"rendered":"<p class=\"\"><a href=\"https:\/\/as.com\/masdeporte\/polideportivo\/dana-white-magnate-de-ufc-detras-del-canelo-vs-crawford-cual-es-su-papel-en-el-futuro-del-boxeo-n\/\" target=\"_self\" rel=\"nofollow noopener\" title=\"https:\/\/as.com\/masdeporte\/polideportivo\/dana-white-magnate-de-ufc-detras-del-canelo-vs-crawford-cual-es-su-papel-en-el-futuro-del-boxeo-n\/\">Dana White<\/a> no es un hombre de medias tintas. La industria del combate lo conoce como un operador agresivo que <b>transform\u00f3 a la UFC en un imperio global<\/b>. Ahora, mira al boxeo con la misma ambici\u00f3n con la que hace m\u00e1s de 20 a\u00f1os tom\u00f3 una empresa tambaleante y la convirti\u00f3 en una marca ampliamente reconocida.<\/p>\n<p class=\"\">Su plan no es t\u00edmido. Ya fund\u00f3 una liga llamada <b>Zuffa Boxing<\/b> que iniciar\u00e1 en 2026 con el respaldo de <a href=\"https:\/\/as.com\/masdeporte\/polideportivo\/quien-es-turki-al-sheikh-el-nuevo-rey-midas-del-boxeo-y-dueno-de-la-ud-almeria-n\/\" target=\"_self\" rel=\"nofollow noopener\" title=\"https:\/\/as.com\/masdeporte\/polideportivo\/quien-es-turki-al-sheikh-el-nuevo-rey-midas-del-boxeo-y-dueno-de-la-ud-almeria-n\/\">Turki Alalashikh<\/a>, la figura m\u00e1s influyente del entretenimiento deportivo en Arabia Saudita. La plataforma de transmisi\u00f3n ser\u00e1 <b>Paramount+<\/b> y el calendario inicial contempla 12 carteleras en un a\u00f1o. La regularidad es clave porque White observa en el boxeo, la dispersi\u00f3n como una enfermedad cr\u00f3nica.<\/p>\n<p class=\"\">En su estrategia, los organismos tradicionales como <b>CMB, AMB, OMB y FIB<\/b> no tendr\u00e1n espacio. White anunci\u00f3 que su proyecto<b> tendr\u00e1 su propio cintur\u00f3n<\/b>, sin aspirar a que sea reconocido como t\u00edtulo mundial. En cambio, los ganadores del cintur\u00f3n<b> Zuffa podr\u00e1n disputar el t\u00edtulo de la revista <\/b><b>The Ring<\/b> y participar en la llamada Temporada de Riad. Con un movimiento que pretende marginar a los organismos hist\u00f3ricos y dar poder a una sola insignia.<\/p>\n<p>Un ring bajo luces LED<\/p>\n<p class=\"\">El combate entre <a href=\"https:\/\/mexico.as.com\/boxeo\/canelo-vs-crawford-en-vivo-gala-de-boxeo-hoy-en-directo-n\/\" target=\"_self\" rel=\"nofollow noopener\" title=\"https:\/\/mexico.as.com\/boxeo\/canelo-vs-crawford-en-vivo-gala-de-boxeo-hoy-en-directo-n\/\">Canelo \u00c1lvarez y Terence Crawford<\/a>, celebrado en septiembre, fue el laboratorio de White. Ese espect\u00e1culo, promocionado bajo su tutela, incluy\u00f3 un detalle revelador. <b>Incorporar\u00e1 luces LED alrededor del ring<\/b>. El presidente de la UFC confirm\u00f3 que est\u00e1 trabajando en un nuevo dise\u00f1o para el encordado, con la idea de redefinir no s\u00f3lo el escenario sino tambi\u00e9n el reglamento.<\/p>\n<p class=\"\">Cuando se le pregunt\u00f3 por la posibilidad de alterar las reglas, White sonri\u00f3 en la entrevista con The Ring. No entreg\u00f3 una lista de modificaciones concretas, aunque asegur\u00f3 que no le temblar\u00eda la mano en hacerlo. <\/p>\n<p>Una alianza de poder<\/p>\n<p class=\"\">La ofensiva de White no es un capricho aislado. <b>TKO Group Holdings<\/b>, la compa\u00f1\u00eda que controla a <b>UFC y WWE<\/b>, se fusion\u00f3 con entidades saud\u00edes bajo el mando de Alalashikh. La operaci\u00f3n cre\u00f3 un frente financiero y pol\u00edtico con la capacidad de alterar los cimientos del boxeo. El presidente de Paramount Direct-to-Consumer, Cindy Holland, describi\u00f3 la alianza como una apuesta para ofrecer deportes premium durante todo el a\u00f1o y construir valor con contenido exclusivo.<\/p>\n<p class=\"\">White tambi\u00e9n encontr\u00f3 respaldo en <b>Nick Khan, presidente de WWE<\/b> y experto en boxeo, quien en el pasado gestion\u00f3 carreras de figuras como James Toney y <b>Manny Pacquiao.<\/b> <\/p>\n<p class=\"\">El boxeo tradicional lleva d\u00e9cadas siendo gobernado por promotores con intereses fragmentados. <b>Eddie Hearn y Oscar de la Hoya<\/b>, dos de los nombres m\u00e1s relevantes, representan la vieja guardia que White pretende dejar atr\u00e1s. <\/p>\n<p class=\"\">Con ese discurso, White se coloca como antagonista y redentor al mismo tiempo. Su figura se alimenta del choque con las instituciones como fue <b>Don King, Bob Arum o Richard Schaefer.<\/b><\/p>\n<p>El espect\u00e1culo como religi\u00f3n<\/p>\n<p class=\"\">La pelea \u00c1lvarez vs Crawford en Las Vegas <b>marc\u00f3 r\u00e9cords de asistencia en el Allegiant Stadium. <\/b>Fue la demostraci\u00f3n de que la mezcla de capital saud\u00ed, marketing televisivo y producci\u00f3n al estilo UFC puede multiplicar la atracci\u00f3n del boxeo, junto al mayor rostro dentro de la industria como es Canelo.<\/p>\n<p><img decoding=\"async\" src=\"https:\/\/www.europesays.com\/es\/wp-content\/uploads\/2025\/09\/PDZEP3AYUVPCRL47K3Y2TSUGB4.jpg\" alt=\"Dana White quiere adue\u00f1arse del boxeo con Zuffa Boxing y cambiar sus reglas\" height=\"1791\" width=\"2687\"   loading=\"lazy\"\/>Terence Crawford le arrebat\u00f3 el t\u00edtulo de Indiscutible al Canelo el 13 de septiembre.IAN MAULENoticias relacionadas<a href=\"https:\/\/as.com\/us\/masdeporte\/david-benavidez-sostiene-que-el-canelo-alvarez-le-tiene-miedo-n\/\" class=\"s_m_w\" title=\"Canelo busca recuperar su grandeza tras caer ante Crawford, mientras Benavidez insiste en un pleito con el tapat\u00edo\" data-tb-link=\"\" rel=\"nofollow noopener\" target=\"_blank\"><img decoding=\"async\" src=\"https:\/\/www.europesays.com\/es\/wp-content\/uploads\/2025\/09\/MIVJ6KQ2TNBT3DE3IPQKZA22DE.jpg\" alt=\"David Benavidez sostiene que el Canelo \u00c1lvarez le tiene miedo\" class=\"\" height=\"1\" width=\"1\"   loading=\"lazy\" data-tb-thumbnail=\"\"\/><\/a><a href=\"https:\/\/as.com\/us\/masdeporte\/cartelera-jake-paul-vs-gervonta-davis-tendra-un-combate-femenil-historico-n\/\" class=\"s_m_w\" title=\"Baumgardner defiende sus t\u00edtulos con un combate 12 asaltos de 3 minutos contra Beaudoin\" data-tb-link=\"\" rel=\"nofollow noopener\" target=\"_blank\"><img decoding=\"async\" src=\"https:\/\/www.europesays.com\/es\/wp-content\/uploads\/2025\/09\/M4PXCW4AK5CCLN6XSFANHUKDWY.jpg\" alt=\"Cartelera Jake Paul vs. Gervonta Davis tendr\u00e1 un combate femenil hist\u00f3rico\" class=\"\" height=\"1\" width=\"1\"   loading=\"lazy\" data-tb-thumbnail=\"\"\/><\/a><\/p>\n<p class=\"\">La radiograf\u00eda de Dana White revela a un hombre obsesionado con el control. Su proyecto no admite espacios compartidos con promotores rivales ni con organismos sancionadores. La historia muestra que cada intento de <b>centralizar el boxe<\/b><b>o<\/b> ha chocado contra la fragmentaci\u00f3n inherente del deporte. Sin embargo, White llega con recursos in\u00e9ditos y la experiencia de haber creado un producto global en una disciplina que era de nicho.<\/p>\n<p class=\"\"><b>\u00a1Tus opiniones importan!<\/b> Comenta en los art\u00edculos y suscr\u00edbete gratis a nuestra <a href=\"https:\/\/asfan.as.com\/newsletters\/\" target=\"_blank\" rel=\"nofollow noopener\" title=\"https:\/\/asfan.as.com\/newsletters\/\">newsletter<\/a> y a las alertas informativas en la <a href=\"https:\/\/as.com\/aplicacion-de-as-n\/\" target=\"_blank\" rel=\"nofollow noopener\" title=\"https:\/\/as.com\/aplicacion-de-as-n\/\">App<\/a> o el canal de <a href=\"https:\/\/www.whatsapp.com\/channel\/0029VaAasdA7j6g745nz9M10\" target=\"_blank\" rel=\"nofollow noopener\" title=\"https:\/\/www.whatsapp.com\/channel\/0029VaAasdA7j6g745nz9M10\">WhatsApp<\/a>. \u00bfBuscas licenciar contenido? Haz clic <a href=\"https:\/\/profesional.elpais.com\/soluciones-sindicacion?utm_medium=interno&amp;utm_source=crosslinking&amp;utm_campaign=sindicacion_as_pie_articulos\" target=\"_blank\" rel=\"nofollow noopener\" title=\"https:\/\/profesional.elpais.com\/soluciones-sindicacion?utm_medium=interno&amp;utm_source=crosslinking&amp;utm_campaign=sindicacion_as_pie_articulos\">aqu\u00ed<\/a><\/p>\n","protected":false},"excerpt":{"rendered":"Dana White no es un hombre de medias tintas. La industria del combate lo conoce como un operador&hellip;\n","protected":false},"author":2,"featured_media":99271,"comment_status":"","ping_status":"","sticky":false,"template":"","format":"standard","meta":{"footnotes":""},"categories":[276],"tags":[168,25,24,23,167,343],"class_list":{"0":"post-149038","1":"post","2":"type-post","3":"status-publish","4":"format-standard","5":"has-post-thumbnail","7":"category-ufc","8":"tag-deportes","9":"tag-es","10":"tag-espana","11":"tag-spain","12":"tag-sports","13":"tag-ufc"},"share_on_mastodon":{"url":"","error":""},"_links":{"self":[{"href":"https:\/\/www.europesays.com\/es\/wp-json\/wp\/v2\/posts\/149038","targetHints":{"allow":["GET"]}}],"collection":[{"href":"https:\/\/www.europesays.com\/es\/wp-json\/wp\/v2\/posts"}],"about":[{"href":"https:\/\/www.europesays.com\/es\/wp-json\/wp\/v2\/types\/post"}],"author":[{"embeddable":true,"href":"https:\/\/www.europesays.com\/es\/wp-json\/wp\/v2\/users\/2"}],"replies":[{"embeddable":true,"href":"https:\/\/www.europesays.com\/es\/wp-json\/wp\/v2\/comments?post=149038"}],"version-history":[{"count":0,"href":"https:\/\/www.europesays.com\/es\/wp-json\/wp\/v2\/posts\/149038\/revisions"}],"wp:featuredmedia":[{"embeddable":true,"href":"https:\/\/www.europesays.com\/es\/wp-json\/wp\/v2\/media\/99271"}],"wp:attachment":[{"href":"https:\/\/www.europesays.com\/es\/wp-json\/wp\/v2\/media?parent=149038"}],"wp:term":[{"taxonomy":"category","embeddable":true,"href":"https:\/\/www.europesays.com\/es\/wp-json\/wp\/v2\/categories?post=149038"},{"taxonomy":"post_tag","embeddable":true,"href":"https:\/\/www.europesays.com\/es\/wp-json\/wp\/v2\/tags?post=149038"}],"curies":[{"name":"wp","href":"https:\/\/api.w.org\/{rel}","templated":true}]}}