{"id":149045,"date":"2025-09-30T17:28:11","date_gmt":"2025-09-30T17:28:11","guid":{"rendered":"https:\/\/www.europesays.com\/es\/149045\/"},"modified":"2025-09-30T17:28:11","modified_gmt":"2025-09-30T17:28:11","slug":"koke-dice-la-verdad-mbappe-le-ha-comido-la-tostada-a-vinicius","status":"publish","type":"post","link":"https:\/\/www.europesays.com\/es\/149045\/","title":{"rendered":"Koke dice la verdad, Mbapp\u00e9 le ha comido la tostada a Vinicius"},"content":{"rendered":"<p data-mrf-recirculation=\"Links P\u00e1rrafos\" class=\"ue-c-article__paragraph paragraph ue-c-article--first-letter-highlighted\">La imagen del partido fue ese <strong>cara a cara entre Koke y Vinicius<\/strong>. El capit\u00e1n rojiblanco sac\u00f3 del partido al brasile\u00f1o con sus comentarios, dici\u00e9ndole que <strong>el bueno en el Real Madrid es Kylian Mbapp\u00e9<\/strong>. En Buenas Noches y Buenos Goles, <strong>Javi N\u00e1cher<\/strong>, <strong>Nacho Palencia <\/strong>y <strong>Jessica Figueroa<\/strong> analizan el choque entre ambos.<\/p>\n<p>Koke le dice a Vinicius que el bueno del Madrid es Kylian<\/p>\n<p data-mrf-recirculation=\"Links P\u00e1rrafos\" class=\"ue-c-article__paragraph paragraph\"><strong>Javi Nacher: <\/strong>\u00abVinicius cae siempre en las provocaciones, <strong>Koke cambi\u00f3 el partido de Vinicius<\/strong> desde ese choque. Estaba haciendo un partidazo y <strong>a ra\u00edz de ese pique Vinicius desapareci\u00f3<\/strong> y dej\u00f3 de estar conectado, baj\u00f3 mucho la intensidad\u00bb.<\/p>\n<blockquote class=\"ue-c-article__blockquote\">\n<p>Vinicius estaba haciendo un partidazo y Koke le sac\u00f3 del partido con sus provocaciones<\/p>\n<p>Javi N\u00e1cher<\/p><\/blockquote>\n<p><img decoding=\"async\" width=\"1980\" height=\"1320\" class=\"ue-c-article__image lazyload\" alt=\"Vinicius y Koke, en el derbi\" loading=\"lazy\" src=\"https:\/\/www.europesays.com\/es\/wp-content\/uploads\/2025\/09\/68dae55a3a57a.jpeg\"\/><\/p>\n<p>Vinicius y Koke, en el derbiGETTY IMAGES<\/p>\n<p data-mrf-recirculation=\"Links P\u00e1rrafos\" class=\"ue-c-article__paragraph paragraph\"><strong>Jessica Figueroa:<\/strong> \u00abEs verdad lo que dice Koke. <strong>Mbapp\u00e9 no le est\u00e1 comiendo la tostada a Vinicius, se la ha comido ya<\/strong>. <strong>Vinicius ya no es intocable, ya no es l\u00edder y ya no tiene el respeto de sus compa\u00f1eros<\/strong>. Lo que hace Koke es de veterano y sabe que es muy f\u00e1cil sacar a Vinicius del partido\u00bb.<\/p>\n<blockquote class=\"ue-c-article__blockquote\">\n<p>Vinicius ya no es intocable, ya no es l\u00edder y ya no tiene el respeto de sus compa\u00f1eros<\/p>\n<p>Jessica Figueroa<\/p><\/blockquote>\n<p data-mrf-recirculation=\"Links P\u00e1rrafos\" class=\"ue-c-article__paragraph paragraph\"><strong>Nacho Palencia: <\/strong>\u00ab<strong>Koke no ten\u00eda que haber jugado<\/strong> ese partido porque <strong>tendr\u00eda que estar expulsado<\/strong> por su <strong>partido ante el Rayo<\/strong>, sabe que ese tipo de cosas le desestabilizan. <strong>No utiliza cosas feas o personales, simplemente le llama malo y que el bueno es Mbapp\u00e9<\/strong>. Estoy muy a favor de lo que hizo Koke, le faltaba tener m\u00e1s aura, m\u00e1s carisma.<\/p>\n","protected":false},"excerpt":{"rendered":"La imagen del partido fue ese cara a cara entre Koke y Vinicius. El capit\u00e1n rojiblanco sac\u00f3 del&hellip;\n","protected":false},"author":2,"featured_media":149046,"comment_status":"","ping_status":"","sticky":false,"template":"","format":"standard","meta":{"footnotes":""},"categories":[268],"tags":[168,25,24,280,282,281,23,167],"class_list":{"0":"post-149045","1":"post","2":"type-post","3":"status-publish","4":"format-standard","5":"has-post-thumbnail","7":"category-futbol","8":"tag-deportes","9":"tag-es","10":"tag-espana","11":"tag-football","12":"tag-futbol","13":"tag-soccer","14":"tag-spain","15":"tag-sports"},"share_on_mastodon":{"url":"","error":""},"_links":{"self":[{"href":"https:\/\/www.europesays.com\/es\/wp-json\/wp\/v2\/posts\/149045","targetHints":{"allow":["GET"]}}],"collection":[{"href":"https:\/\/www.europesays.com\/es\/wp-json\/wp\/v2\/posts"}],"about":[{"href":"https:\/\/www.europesays.com\/es\/wp-json\/wp\/v2\/types\/post"}],"author":[{"embeddable":true,"href":"https:\/\/www.europesays.com\/es\/wp-json\/wp\/v2\/users\/2"}],"replies":[{"embeddable":true,"href":"https:\/\/www.europesays.com\/es\/wp-json\/wp\/v2\/comments?post=149045"}],"version-history":[{"count":0,"href":"https:\/\/www.europesays.com\/es\/wp-json\/wp\/v2\/posts\/149045\/revisions"}],"wp:featuredmedia":[{"embeddable":true,"href":"https:\/\/www.europesays.com\/es\/wp-json\/wp\/v2\/media\/149046"}],"wp:attachment":[{"href":"https:\/\/www.europesays.com\/es\/wp-json\/wp\/v2\/media?parent=149045"}],"wp:term":[{"taxonomy":"category","embeddable":true,"href":"https:\/\/www.europesays.com\/es\/wp-json\/wp\/v2\/categories?post=149045"},{"taxonomy":"post_tag","embeddable":true,"href":"https:\/\/www.europesays.com\/es\/wp-json\/wp\/v2\/tags?post=149045"}],"curies":[{"name":"wp","href":"https:\/\/api.w.org\/{rel}","templated":true}]}}