{"id":149066,"date":"2025-09-30T17:41:10","date_gmt":"2025-09-30T17:41:10","guid":{"rendered":"https:\/\/www.europesays.com\/es\/149066\/"},"modified":"2025-09-30T17:41:10","modified_gmt":"2025-09-30T17:41:10","slug":"convocatoria-de-acceso-a-determinadas-listas-de-empleo-abiertas","status":"publish","type":"post","link":"https:\/\/www.europesays.com\/es\/149066\/","title":{"rendered":"Convocatoria de acceso a determinadas Listas de Empleo abiertas"},"content":{"rendered":"<p><a href=\"https:\/\/www.gobiernodecanarias.org\/educacion\/web\/personal\/docente\/oferta\/interinos-sustitutos\/ampliacion-de-listas-de-empleo\/2024\/convocatoria-listas-abiertas\/\" target=\"_blank\" rel=\"noreferrer noopener nofollow\">Ir a la convocatoria Listas Abiertas<\/a>.<\/p>\n<p>Desde <strong>USTEA<\/strong>, informamos al <strong>personal docente interino y aspirante<\/strong> con inter\u00e9s en trabajar en las Islas Canarias sobre la <strong>apertura continua de las listas de empleo<\/strong> para el nombramiento de personal interino en el \u00e1mbito educativo no universitario.<\/p>\n<p>La Consejer\u00eda de Educaci\u00f3n del Gobierno de Canarias mantiene un procedimiento de acceso a listas de empleo abierto de forma permanente durante el curso.<\/p>\n<p>Plazos<\/p>\n<p><strong>Fecha de \u00faltima modificaci\u00f3n:<\/strong>\u00a0<strong>24 de septiembre de 2025.<\/strong><\/p>\n<p><strong>Fecha de publicaci\u00f3n:<\/strong>\u00a06 de marzo de 2024.<\/p>\n<p><strong>Plazo de presentaci\u00f3n de la solicitud y de la documentaci\u00f3n:<\/strong>\u00a0A partir del 19 de febrero de 2025.<\/p>\n<p><strong>Claves de la Convocatoria<\/strong><\/p>\n<ul class=\"wp-block-list\">\n<li><strong>Procedimiento Base:<\/strong> La <strong>Resoluci\u00f3n de 15 de febrero de 2024<\/strong> establece el procedimiento para el acceso a estas listas de empleo abiertas, facilitando la incorporaci\u00f3n de nuevas personas aspirantes.<\/li>\n<li><strong>Plazo de Solicitud:<\/strong> El plazo es de car\u00e1cter <strong>abierto y continuo durante todo el a\u00f1o escolar<\/strong>. Es importante consultar las resoluciones concretas, ya que algunas especialidades se abren o cierran en fechas espec\u00edficas para la incorporaci\u00f3n inmediata.<\/li>\n<li><strong>Especialidades <\/strong>abiertas tanto del cuerpo de maestras y maestros como de ense\u00f1anza secundaria.<\/li>\n<\/ul>\n<p><strong>\u00bfC\u00f3mo presentar la solicitud?<\/strong><\/p>\n<p>Las solicitudes y la documentaci\u00f3n requerida deben presentarse <strong>por v\u00eda telem\u00e1tica<\/strong> a trav\u00e9s del enlace habilitado en la web oficial del Gobierno de Canarias.<\/p>\n<p>Recomendamos al profesorado interesado consultar la web oficial, que contiene la Resoluci\u00f3n y las \u00faltimas notas informativas (como las de octubre de 2024 y febrero de 2025) que detallan las especialidades abiertas en cada momento y los requisitos espec\u00edficos.<\/p>\n<p><strong>Acceso a la informaci\u00f3n oficial y al tr\u00e1mite de solicitud:<\/strong><\/p>\n<p><a href=\"https:\/\/www.gobiernodecanarias.org\/educacion\/web\/personal\/docente\/oferta\/interinos-sustitutos\/ampliacion-de-listas-de-empleo\/2024\/convocatoria-listas-abiertas\/\" target=\"_blank\" rel=\"noreferrer noopener nofollow\">Ir a la convocatoria Listas Abiertas<\/a>.<\/p>\n","protected":false},"excerpt":{"rendered":"Ir a la convocatoria Listas Abiertas. Desde USTEA, informamos al personal docente interino y aspirante con inter\u00e9s en&hellip;\n","protected":false},"author":2,"featured_media":149067,"comment_status":"","ping_status":"","sticky":false,"template":"","format":"standard","meta":{"footnotes":""},"categories":[8],"tags":[17,18,25,24,13,14,11,19,20,9,10,15,16,23,12,21,22],"class_list":{"0":"post-149066","1":"post","2":"type-post","3":"status-publish","4":"format-standard","5":"has-post-thumbnail","7":"category-espana","8":"tag-breaking-news","9":"tag-breakingnews","10":"tag-es","11":"tag-espana","12":"tag-featured-news","13":"tag-featurednews","14":"tag-headlines","15":"tag-latest-news","16":"tag-latestnews","17":"tag-news","18":"tag-noticias","19":"tag-noticias-destacadas","20":"tag-noticiasdestacadas","21":"tag-spain","22":"tag-titulares","23":"tag-ultimas-noticias","24":"tag-ultimasnoticias"},"share_on_mastodon":{"url":"","error":""},"_links":{"self":[{"href":"https:\/\/www.europesays.com\/es\/wp-json\/wp\/v2\/posts\/149066","targetHints":{"allow":["GET"]}}],"collection":[{"href":"https:\/\/www.europesays.com\/es\/wp-json\/wp\/v2\/posts"}],"about":[{"href":"https:\/\/www.europesays.com\/es\/wp-json\/wp\/v2\/types\/post"}],"author":[{"embeddable":true,"href":"https:\/\/www.europesays.com\/es\/wp-json\/wp\/v2\/users\/2"}],"replies":[{"embeddable":true,"href":"https:\/\/www.europesays.com\/es\/wp-json\/wp\/v2\/comments?post=149066"}],"version-history":[{"count":0,"href":"https:\/\/www.europesays.com\/es\/wp-json\/wp\/v2\/posts\/149066\/revisions"}],"wp:featuredmedia":[{"embeddable":true,"href":"https:\/\/www.europesays.com\/es\/wp-json\/wp\/v2\/media\/149067"}],"wp:attachment":[{"href":"https:\/\/www.europesays.com\/es\/wp-json\/wp\/v2\/media?parent=149066"}],"wp:term":[{"taxonomy":"category","embeddable":true,"href":"https:\/\/www.europesays.com\/es\/wp-json\/wp\/v2\/categories?post=149066"},{"taxonomy":"post_tag","embeddable":true,"href":"https:\/\/www.europesays.com\/es\/wp-json\/wp\/v2\/tags?post=149066"}],"curies":[{"name":"wp","href":"https:\/\/api.w.org\/{rel}","templated":true}]}}