{"id":149119,"date":"2025-09-30T18:18:10","date_gmt":"2025-09-30T18:18:10","guid":{"rendered":"https:\/\/www.europesays.com\/es\/149119\/"},"modified":"2025-09-30T18:18:10","modified_gmt":"2025-09-30T18:18:10","slug":"gema-sera-la-nueva-encargada-de-la-tienda-mientras-isabel-se-presenta-en-la-fabrica","status":"publish","type":"post","link":"https:\/\/www.europesays.com\/es\/149119\/","title":{"rendered":"Gema ser\u00e1 la nueva encargada de la tienda mientras Isabel se presenta en la f\u00e1brica"},"content":{"rendered":"<p>En <b>el cap\u00edtulo de hoy de Sue\u00f1os de libertad<\/b>&#8230;<\/p>\n<p><b>Isabel<\/b> ha descubierto que su prometido le est\u00e1 ocultando algo. Tras ver una foto de Gabriel en el peri\u00f3dico junto a los De la Reina, la joven ha intentado aclarar la situaci\u00f3n hablando con el personal de la f\u00e1brica, pero se ha quedado con a\u00fan m\u00e1s dudas.<\/p>\n<p><b>Gabriel <\/b><b><a title=\"se ha puesto muy nervioso \" href=\"https:\/\/www.antena3.com\/series\/suenos-de-libertad\/gabriel-pone-nervioso-enterarse-que-isabel-esta-fabrica-descubrira-quien-realidad_2025093068dbee273ce0ad1de88fe1da.html\" target=\"_blank\" rel=\"nofollow noopener\">se ha puesto muy nervioso <\/a><\/b>al enterarse que \u201cuna mujer estaba buscando a su novio D\u00e1maso\u201d en la colonia. Si Isabel desvela detalles de su vida en Paris, todo su esfuerzo en hundir a Dami\u00e1n y su familia habr\u00e1 sido en vano.<\/p>\n<p>Mientras tanto, <b>Digna<\/b> se prepara para la lectura del testamento de don Pedro. Ha compartido con sus hijos lo que le ha contado Dami\u00e1n sobre que <b><a title=\"don Pedro es el verdadero responsable de la muerte de Jes\u00fas\" href=\"https:\/\/www.antena3.com\/series\/suenos-de-libertad\/damian-cuenta-verdad-digna-don-pedro-dejo-morir-jesus_2025092968da9ca63ce0ad1de88acaea.html\" target=\"_blank\" rel=\"nofollow noopener\">don Pedro es el verdadero responsable de la muerte de Jes\u00fas<\/a><\/b>, y los tres est\u00e1n muy tensos. Temen que su difunto marido haya dejado por escrito que fue ella la responsable.<\/p>\n<p>Por su parte, Marta ha comunicado a Tasio que <b><a title=\"necesita apartarse de su cargo en la empresa\" href=\"https:\/\/www.antena3.com\/series\/suenos-de-libertad\/marta-limite-comunica-tasio-que-necesita-dejar-sus-funciones-fabrica-temporalmente-tocado-fondo_2025093068dbe72416355c411db793b7.html\" target=\"_blank\" rel=\"nofollow noopener\">necesita apartarse de su cargo en la empresa<\/a><\/b>. Su dolor por la marcha de Fina ha salido de control y ha perjudicado el lanzamiento del nuevo perfume, que hasta ahora ha sido un fracaso. Sin embargo, lo tiene muy claro qui\u00e9n debe sustituirla: Carmen.<\/p>\n<p>Y <b>Carmen quiere que sea Gema quien la sustituya<\/b> y quien se convierta en la nueva encargada de la tienda. \u00a1La joven no puede creerse que sea ella la elegida!<\/p>\n<p>En la casa De la Reina,<b> Bego\u00f1a <\/b>ha comentado con Manuela que no se siente muy bien. Est\u00e1 mareada y no le ha sentado bien el desayuno&#8230;\u00bfestar\u00e1 enferma o puede ser algo m\u00e1s?<\/p>\n<p>Vuelve a ver este <b><a title=\"capitulazo de Sue\u00f1os de libertad en atresplayer.\" href=\"https:\/\/www.atresplayer.com\/antena3\/series\/suenos-de-libertad\/\" target=\"_blank\" rel=\"nofollow noopener\">capitulazo de Sue\u00f1os de libertad en atresplayer.<\/a><\/b><\/p>\n","protected":false},"excerpt":{"rendered":"En el cap\u00edtulo de hoy de Sue\u00f1os de libertad&#8230; Isabel ha descubierto que su prometido le est\u00e1 ocultando&hellip;\n","protected":false},"author":2,"featured_media":149120,"comment_status":"","ping_status":"","sticky":false,"template":"","format":"standard","meta":{"footnotes":""},"categories":[171],"tags":[146,147,25,24,23,214],"class_list":{"0":"post-149119","1":"post","2":"type-post","3":"status-publish","4":"format-standard","5":"has-post-thumbnail","7":"category-tv","8":"tag-entertainment","9":"tag-entretenimiento","10":"tag-es","11":"tag-espana","12":"tag-spain","13":"tag-tv"},"share_on_mastodon":{"url":"","error":""},"_links":{"self":[{"href":"https:\/\/www.europesays.com\/es\/wp-json\/wp\/v2\/posts\/149119","targetHints":{"allow":["GET"]}}],"collection":[{"href":"https:\/\/www.europesays.com\/es\/wp-json\/wp\/v2\/posts"}],"about":[{"href":"https:\/\/www.europesays.com\/es\/wp-json\/wp\/v2\/types\/post"}],"author":[{"embeddable":true,"href":"https:\/\/www.europesays.com\/es\/wp-json\/wp\/v2\/users\/2"}],"replies":[{"embeddable":true,"href":"https:\/\/www.europesays.com\/es\/wp-json\/wp\/v2\/comments?post=149119"}],"version-history":[{"count":0,"href":"https:\/\/www.europesays.com\/es\/wp-json\/wp\/v2\/posts\/149119\/revisions"}],"wp:featuredmedia":[{"embeddable":true,"href":"https:\/\/www.europesays.com\/es\/wp-json\/wp\/v2\/media\/149120"}],"wp:attachment":[{"href":"https:\/\/www.europesays.com\/es\/wp-json\/wp\/v2\/media?parent=149119"}],"wp:term":[{"taxonomy":"category","embeddable":true,"href":"https:\/\/www.europesays.com\/es\/wp-json\/wp\/v2\/categories?post=149119"},{"taxonomy":"post_tag","embeddable":true,"href":"https:\/\/www.europesays.com\/es\/wp-json\/wp\/v2\/tags?post=149119"}],"curies":[{"name":"wp","href":"https:\/\/api.w.org\/{rel}","templated":true}]}}