{"id":149163,"date":"2025-09-30T18:45:09","date_gmt":"2025-09-30T18:45:09","guid":{"rendered":"https:\/\/www.europesays.com\/es\/149163\/"},"modified":"2025-09-30T18:45:09","modified_gmt":"2025-09-30T18:45:09","slug":"el-hapoel-tel-aviv-tumba-al-barca-con-su-futuro-en-la-euroliga-en-el-aire-por-la-matanza-en-gaza-baloncesto-deportes","status":"publish","type":"post","link":"https:\/\/www.europesays.com\/es\/149163\/","title":{"rendered":"El Hapoel Tel Aviv tumba al Bar\u00e7a con su futuro en la Euroliga en el aire por la matanza en Gaza | Baloncesto | Deportes"},"content":{"rendered":"<p class=\"\">En pleno debate planetario sobre si el mundo del deporte debe expulsar a los equipos israel\u00edes de todas sus competiciones <a href=\"https:\/\/elpais.com\/internacional\/2025-09-30\/ultima-hora-del-conflicto-en-oriente-proximo-en-directo.html\" target=\"_self\" rel=\"nofollow noopener\" title=\"https:\/\/elpais.com\/internacional\/2025-09-30\/ultima-hora-del-conflicto-en-oriente-proximo-en-directo.html\">ante la masacre en la franja de Gaza,<\/a> el Bar\u00e7a visit\u00f3 este martes al Hapoel Tel Aviv en el arranque de la Euroliga. El choque entre los azulgranas y el ganador el curso pasado de la Eurocup, disputado en el Arena 8888 de Sof\u00eda (Bulgaria), se sald\u00f3 con una victoria de los debutantes en un enfrentamiento que transcurri\u00f3 sin un solo incidente pero en medio de un ambiente enrarecido por las palabras que pronunci\u00f3 este lunes el CEO de la competici\u00f3n, Paulius Motiejunas. El dirigente lituano afirm\u00f3 en Dub\u00e1i en una rueda de prensa que el torneo, un club privado, est\u00e1 monitorizando la situaci\u00f3n que se vive en el enclave palestino y que <a href=\"https:\/\/elpais.com\/deportes\/futbol\/2025-09-26\/la-fifa-y-la-uefa-esperan-que-las-federaciones-se-nieguen-a-jugar-contra-israel.html\" target=\"_self\" rel=\"nofollow noopener\" title=\"https:\/\/elpais.com\/deportes\/futbol\/2025-09-26\/la-fifa-y-la-uefa-esperan-que-las-federaciones-se-nieguen-a-jugar-contra-israel.html\">esperar\u00e1 a ver si la UEFA y la FIFA deciden suspender a Israel<\/a> de las competiciones internacionales antes de tomar una decisi\u00f3n.<\/p>\n<p class=\"\">Las declaraciones de Motiejunas fueron un jarro de agua fr\u00eda para el Hapoel, uno de los grandes presupuestos de la Euroliga. El club de Tel Aviv incorpor\u00f3 este verano, entre otros, a Vasilije Micic, dos veces ganador del torneo con el Efes, tras tres a\u00f1os en la NBA. El jugador serbio (18 puntos, 3 rebotes y 2 asistencias) es uno de los m\u00e1s diferenciales del continente por su manejo de bal\u00f3n y su capacidad anotadora, muy bien acompa\u00f1ado este martes por Antonio Blakeney (20-1), Daniel Oturu (18-4-1) y Chris Jones (12-2-3), que tambi\u00e9n aterriz\u00f3 en Israel este verano despu\u00e9s de su buena temporada en el Valencia.<\/p>\n<p>M\u00e1s informaci\u00f3n<\/p>\n<p class=\"\">El Bar\u00e7a de Joan Pe\u00f1arroya se estren\u00f3 con una derrota en su primer partido oficial del curso pese a los cinco fichajes, algunos con tanto cartel como Tornike Shengelia o Will Clyburn (23 puntos, 7 rebotes, 2 asistencias), brillante este martes en el lanzamiento. El equipo azulgrana fue incapaz de frenar el caudal ofensivo del conjunto dirigido por Dimitrios Itoudis, que se fue al descanso con 51 puntos y termin\u00f3 el encuentro con 103.<\/p>\n<p class=\"\">Adem\u00e1s del Hapoel, en la Euroliga, que esta temporada ha pasado de 18 equipos a 20, milita el Maccabi Tel Aviv, que ahora mismo se est\u00e1 enfrentando al Efes en Podgorica, la capital de Montenegro \u2014en vez de en Estambul\u2014, para salvaguardar la seguridad del partido. <\/p>\n<p class=\"\">La continuidad de los dos clubes israel\u00edes en el torneo est\u00e1 en entredicho despu\u00e9s de <a href=\"https:\/\/elpais.com\/deportes\/ciclismo\/2025-09-14\/los-activistas-en-favor-de-palestina-toman-las-calles-de-madrid-y-acaban-con-la-vuelta-a-espana.html\" target=\"_self\" rel=\"nofollow noopener\" title=\"https:\/\/elpais.com\/deportes\/ciclismo\/2025-09-14\/los-activistas-en-favor-de-palestina-toman-las-calles-de-madrid-y-acaban-con-la-vuelta-a-espana.html\">la repercusi\u00f3n mundial que tuvo la suspensi\u00f3n de la \u00faltima etapa de la Vuelta<\/a> por las manifestaciones propalestinas en Madrid y la presi\u00f3n de algunos Gobiernos, entre los que est\u00e1 el espa\u00f1ol. Lo sucedido en la capital del pa\u00eds fue un elemento fundamental para que la <a href=\"https:\/\/elpais.com\/deportes\/futbol\/2025-09-25\/el-futbol-mundial-se-plantea-expulsar-a-israel-de-todas-sus-competiciones.html\" target=\"_self\" rel=\"nofollow noopener\" title=\"https:\/\/elpais.com\/deportes\/futbol\/2025-09-25\/el-futbol-mundial-se-plantea-expulsar-a-israel-de-todas-sus-competiciones.html\">FIFA y la UEFA hayan comenzado a mantener conversaciones para expulsar<\/a> de sus competiciones a los equipos israel\u00edes ante la situaci\u00f3n en Gaza, calificada hace dos semanas como \u201cgenocidio\u201d por el Consejo de Derechos Humanos de la ONU. <\/p>\n<p class=\"\">La decisi\u00f3n que tomen los dos grandes organismos que rigen el f\u00fatbol ser\u00e1 esencial para que el resto de deportes muevan ficha. La Federaci\u00f3n Internacional de Baloncesto (FIBA) solo actuar\u00e1 contra la participaci\u00f3n de selecciones, clubes y deportistas israel\u00edes si lo ordena el Comit\u00e9 Ol\u00edmpico Intencional (COI). Las grandes instituciones del deporte mundial <a href=\"https:\/\/elpais.com\/deportes\/2025-09-17\/la-paralisis-de-las-grandes-instituciones-deportivas-ante-la-ofensiva-de-israel-en-la-franja-de-gaza.html\" target=\"_self\" rel=\"nofollow noopener\" title=\"https:\/\/elpais.com\/deportes\/2025-09-17\/la-paralisis-de-las-grandes-instituciones-deportivas-ante-la-ofensiva-de-israel-en-la-franja-de-gaza.html\">no han reaccionado como s\u00ed lo hicieron ante la invasi\u00f3n rusa de Ucrania<\/a> pese a los m\u00e1s de 65.000 muertos en la Franja, la gran mayor\u00eda de ellos civiles. <\/p>\n<p class=\"\">Los equipos israel\u00edes se estrenaron la semana pasada en la Europa League, la segunda mayor competici\u00f3n continental de f\u00fatbol, y este martes lo han hecho en la Euroliga, por mucho que su futuro en ambos torneos contin\u00fae en el aire.<\/p>\n","protected":false},"excerpt":{"rendered":"En pleno debate planetario sobre si el mundo del deporte debe expulsar a los equipos israel\u00edes de todas&hellip;\n","protected":false},"author":2,"featured_media":149164,"comment_status":"","ping_status":"","sticky":false,"template":"","format":"standard","meta":{"footnotes":""},"categories":[93],"tags":[299,40094,1540,68,168,25,24,833,45502,14013,73,79,45503,74,8869,8283,732,18264,23,167,6674,22477,7603],"class_list":{"0":"post-149163","1":"post","2":"type-post","3":"status-publish","4":"format-standard","5":"has-post-thumbnail","7":"category-deportes","8":"tag-baloncesto","9":"tag-coi","10":"tag-competiciones","11":"tag-conflicto-arabe-israeli","12":"tag-deportes","13":"tag-es","14":"tag-espana","15":"tag-euroliga","16":"tag-fc-barcelona-baloncesto","17":"tag-fifa","18":"tag-franja-gaza","19":"tag-genocidio","20":"tag-hapoel-tel-aviv-baloncesto","21":"tag-israel","22":"tag-joan-penarroya","23":"tag-jugadores-baloncesto","24":"tag-onu","25":"tag-protestas-sociales","26":"tag-spain","27":"tag-sports","28":"tag-uefa","29":"tag-vasilije-micic","30":"tag-vuelta-espana"},"share_on_mastodon":{"url":"","error":""},"_links":{"self":[{"href":"https:\/\/www.europesays.com\/es\/wp-json\/wp\/v2\/posts\/149163","targetHints":{"allow":["GET"]}}],"collection":[{"href":"https:\/\/www.europesays.com\/es\/wp-json\/wp\/v2\/posts"}],"about":[{"href":"https:\/\/www.europesays.com\/es\/wp-json\/wp\/v2\/types\/post"}],"author":[{"embeddable":true,"href":"https:\/\/www.europesays.com\/es\/wp-json\/wp\/v2\/users\/2"}],"replies":[{"embeddable":true,"href":"https:\/\/www.europesays.com\/es\/wp-json\/wp\/v2\/comments?post=149163"}],"version-history":[{"count":0,"href":"https:\/\/www.europesays.com\/es\/wp-json\/wp\/v2\/posts\/149163\/revisions"}],"wp:featuredmedia":[{"embeddable":true,"href":"https:\/\/www.europesays.com\/es\/wp-json\/wp\/v2\/media\/149164"}],"wp:attachment":[{"href":"https:\/\/www.europesays.com\/es\/wp-json\/wp\/v2\/media?parent=149163"}],"wp:term":[{"taxonomy":"category","embeddable":true,"href":"https:\/\/www.europesays.com\/es\/wp-json\/wp\/v2\/categories?post=149163"},{"taxonomy":"post_tag","embeddable":true,"href":"https:\/\/www.europesays.com\/es\/wp-json\/wp\/v2\/tags?post=149163"}],"curies":[{"name":"wp","href":"https:\/\/api.w.org\/{rel}","templated":true}]}}