{"id":149171,"date":"2025-09-30T18:50:09","date_gmt":"2025-09-30T18:50:09","guid":{"rendered":"https:\/\/www.europesays.com\/es\/149171\/"},"modified":"2025-09-30T18:50:09","modified_gmt":"2025-09-30T18:50:09","slug":"ee-uu-anuncia-que-recuperara-el-estandar-masculino-en-el-ejercito","status":"publish","type":"post","link":"https:\/\/www.europesays.com\/es\/149171\/","title":{"rendered":"EE.UU. anuncia que recuperar\u00e1 el \u00abest\u00e1ndar masculino\u00bb en el Ej\u00e9rcito"},"content":{"rendered":"<p>El <strong>secretario de Defensa estadounidense, Pete Hegseth, <\/strong>ha anunciado este martes que impondr\u00e1 directivas con el fin de restablecer el \u00abm\u00e1s alto est\u00e1ndar masculino\u00bb en un Ej\u00e9rcito con nuevos requerimientos f\u00edsicos para evitar as\u00ed <strong>soldados \u00abgordos\u00bb y \u00abbarbudos\u00bb.<\/strong><\/p>\n<p>\u00abHoy, bajo mi direcci\u00f3n, cada servicio se asegurar\u00e1 de que todos los requisitos para cada combatiente [&#8230;] se ajusten exclusivamente al m\u00e1s alto est\u00e1ndar masculino\u00bb, ha dicho Hegseth en una base del Cuerpo de Infanter\u00eda de Marina en Virginia. Adem\u00e1s, ha avanzado que \u00abla <strong>era del liderazgo pol\u00edticamente correcto<\/strong> y excesivamente sensible termina ahora mismo\u00bb.<\/p>\n<p>El jefe del Pent\u00e1gono ha lanzado as\u00ed una cr\u00edtica contra la diversidad y la <strong>existencia de \u00absoldados gordos\u00bb<\/strong> en las formaciones. As\u00ed, ha advertido que es \u00abcompletamente inaceptable\u00bb y<strong> \u00abda mala imagen\u00bb<\/strong> ver a \u00abgenerales y almirantes gordos\u00bb. Tambi\u00e9n ha ordenado que todo miembro, sin importar el rango, debe realizar <strong>ex\u00e1menes f\u00edsicos y mediciones<\/strong> \u00abdos veces al a\u00f1o, cada a\u00f1o de servicio\u00bb.<\/p>\n<p>Eliminaci\u00f3n de pol\u00edticas de diversidad<\/p>\n<p>Entre las directivas comunicadas por Hegseth, sobresalen los<strong> \u00abest\u00e1ndares de aseo personal\u00bb<\/strong> para acabar con las \u00abbarbas, el cabello largo y las expresiones superficiales e individuales\u00bb, una <strong>revisi\u00f3n <\/strong>en \u00abcada forma de educaci\u00f3n militar profesional\u00bb y la <strong>eliminaci\u00f3n de pol\u00edticas de diversidad,<\/strong> equidad e inclusi\u00f3n (DEI). \u00abNo quiero que mi hijo sirva junto a tropas que no est\u00e1n en forma ni en unidades de combate con mujeres que no pueden cumplir con los mismos est\u00e1ndares f\u00edsicos de combate que los hombres\u00bb, ha manifestado.<\/p>\n<blockquote class=\"twitter-tweet\" data-media-max-width=\"560\">\n<p lang=\"es\" dir=\"ltr\">\u201c\ud83d\udd34 Donald Trump y su secretario de guerra decretan el fin de lo que llaman \u00abpol\u00edticamente correcto\u00bb en el Ej\u00e9rcito estadounidense<\/p>\n<p>\u25aa\ufe0fEl presidente de EE.UU. asegura que quiere recuperar el m\u00e1s alto est\u00e1ndar masculino en el Ej\u00e9rcito<\/p>\n<p>\ud83c\udf99\ufe0f <a href=\"https:\/\/twitter.com\/maria_carou?ref_src=twsrc%5Etfw\" rel=\"nofollow noopener\" target=\"_blank\">@maria_carou<\/a>, corresponsal <a href=\"https:\/\/t.co\/IIZELfKfJu\" rel=\"nofollow\">pic.twitter.com\/IIZELfKfJu<\/a>\u201c<\/p>\n<p>\u2014 Radio 5 (@radio5_rne) <a href=\"https:\/\/twitter.com\/radio5_rne\/status\/1973031121945571433?ref_src=twsrc%5Etfw\" rel=\"nofollow noopener\" target=\"_blank\">September 30, 2025<\/a><\/p><\/blockquote>\n<p>Del mismo modo, Hegseth ha insinuado nuevos<strong> cambios en el liderazgo,<\/strong> dado que, en su opini\u00f3n, \u00abdurante demasiado tiempo, se ha ascendido a demasiados l\u00edderes uniformados por razones equivocadas: por su raza, por cuotas de g\u00e9nero y por supuestos logros hist\u00f3ricos\u00bb. El secretario de Defensa ha rechazado el cambio clim\u00e1tico y ha insistido en que no habr\u00e1 \u00abm\u00e1s divisi\u00f3n, distracci\u00f3n ni delirios de g\u00e9nero, no m\u00e1s escombros\u00bb. \u00abHemos terminado con esa mierda\u00bb, ha concluido. <\/p>\n<p>Hegseth, veterano del Ej\u00e9rcito de Tierra, ha manifestado en repetidas ocasiones su desprecio por altos cargos que, seg\u00fan \u00e9l, han introducido<strong> ideolog\u00eda liberal en la cultura militar <\/strong>estadounidense. Por ello, ha destituido a varios generales desde que asumi\u00f3 el cargo a comienzos de este a\u00f1o. En mayo comunic\u00f3 su intenci\u00f3n de reducir en al menos un 20% el n\u00famero de generales y almirantes de cuatro estrellas.<\/p>\n<p>Trump considera resucitar los acorazados<\/p>\n<p>Por otro lado, <strong>el presidente estadounidense Donald Trump<\/strong> ha adelantado que el secretario de Defensa anunciar\u00e1 pr\u00f3ximamente importantes reformas con el fin de<strong> agilizar las adquisiciones<\/strong> y acelerar las ventas al extranjero de equipamiento militar. \u00abEl problema es que tenemos que conseguir que las empresas que fabrican este equipo, que es el mejor del mundo, lo hagan m\u00e1s r\u00e1pido\u00bb, ha expresado el mandatario.<\/p>\n<p>Del mismo modo, considera <strong>resucitar el concepto del acorazado,<\/strong> nav\u00edo propio de ataque masivo, que no produce ya ninguna Armada. \u00abCreo que deber\u00edamos comenzar a pensar en los acorazados [&#8230;]. No hab\u00eda nada que los pudiera detener [&#8230;]. Algunos dir\u00e1n que es tecnolog\u00eda obsoleta. Pero, no s\u00e9. [&#8230;]. Es algo que estamos, de hecho, considerando\u00bb, ha asegurado Trump frente a la congregaci\u00f3n de generales, a los que ha advertido que <strong>\u00absi no son verdaderos guerreros\u00bb, los despedir\u00e1.  <\/strong><\/p>\n<p>Para Trump, los aranceles que su Ejecutivo impone a otros pa\u00edses proporcionan miles de millones de d\u00f3lares, lo que ha considerado \u00absuficiente para comprar un mont\u00f3n de acorazados\u00bb.<\/p>\n<p>El presidente estadounidense tambi\u00e9n se refiri\u00f3 con nostalgia al <strong>acorazado Iowa,<\/strong> el \u00faltimo nav\u00edo de esta clase que sirvi\u00f3 en la Armada estadounidense, y que se ha convertido en un museo flotante anclado en el puerto de Los \u00c1ngeles.<\/p>\n<p>EE.UU. fue el \u00faltimo pa\u00eds que cont\u00f3 con acorazados en su Armada. El <strong>Missouri<\/strong>, un nav\u00edo de la clase Iowa de acorazados, terminado en 1944, fue retirado de servicio en marzo de 1992. Con un desplazamiento de 58.000 toneladas, los acorazados de la serie Iowa eran los <strong>nav\u00edos m\u00e1s grandes construidos,<\/strong> solo superados por los portaaviones, y contaban con nueve ca\u00f1ones de 16 pulgadas distribuidos en tres masivas torres.<\/p>\n<p>Los gigantescos acorazados del pasado son considerados por las armadas modernas como <strong>dinosaurios vulnerables a los modernos portaaviones,<\/strong> destructores, cruceros y submarinos, ya que estos cuentan con armamento muy superior a los ca\u00f1ones pesados de nav\u00edos como los Iowa. <\/p>\n<p>En la actualidad, <strong>Rusia <\/strong>cuenta con una unidad en activo de la clase Kirov, un nav\u00edo de guerra de la era sovi\u00e9tica y propulsi\u00f3n nuclear con un tama\u00f1o comparable con los acorazados, aunque en la Armada rusa son catalogados como <strong>cruceros de batalla.<\/strong><\/p>\n<p>Revoluci\u00f3n en el Pent\u00e1gono desde la llegada de Trump<\/p>\n<p>Desde que Trump asumiera el cargo, el Pent\u00e1gono ha experimentado una serie de transformaciones, entre las que sobresalen despidos, <a href=\"https:\/\/www.rtve.es\/noticias\/20220216\/libros-prohibidos-eeuu\/2291582.shtml\" target=\"_blank\" rel=\"nofollow noopener\">la prohibici\u00f3n de ciertos libros en bibliotecas<\/a> o la orden de atacar a barcos que transportan droga frente a las costas de Venezuela. El mandatario ha expresado ante la audiencia que \u00absi intentan envenenar a nuestro pueblo, <strong>los borraremos del mapa\u00bb.<\/strong><\/p>\n<p>En septiembre, Trump firm\u00f3 una orden ejecutiva para renombrar el Departamento de Defensa por el <strong>Departamento de Guerra, <\/strong>aunque el cambio de nombre requerir\u00e1 la aprobaci\u00f3n del Congreso. <\/p>\n<p>Asimismo, la Administraci\u00f3n ha anunciado un plan con el que se enviar\u00e1n despliegues de la Guardia Civil a Chicago, despu\u00e9s de que este fin de semana <a href=\"https:\/\/www.rtve.es\/noticias\/20250927\/trump-anuncia-despliegue-tropas-portland\/16747360.shtml\" target=\"_blank\" rel=\"nofollow noopener\">se extendieran tropas a Portland, Oreg\u00f3n.<\/a> As\u00ed, Trump aumenta la presencia de militares y fuerzas de agencias federales en <strong>ciudades dem\u00f3cratas<\/strong> ante lo que considera \u00abuna guerra interna librada por migrantes ilegales\u00bb y cuya intenci\u00f3n es deportarles.<\/p>\n<p>\t\t\t\t\t\t<script async src=\"https:\/\/platform.twitter.com\/widgets.js\" charset=\"utf-8\"><\/script><\/p>\n","protected":false},"excerpt":{"rendered":"El secretario de Defensa estadounidense, Pete Hegseth, ha anunciado este martes que impondr\u00e1 directivas con el fin de&hellip;\n","protected":false},"author":2,"featured_media":149172,"comment_status":"","ping_status":"","sticky":false,"template":"","format":"standard","meta":{"footnotes":""},"categories":[42],"tags":[17,18,13,14,11,61,62,63,64,19,20,9,10,15,16,12,21,22,65,66,67],"class_list":{"0":"post-149171","1":"post","2":"type-post","3":"status-publish","4":"format-standard","5":"has-post-thumbnail","7":"category-internacional","8":"tag-breaking-news","9":"tag-breakingnews","10":"tag-featured-news","11":"tag-featurednews","12":"tag-headlines","13":"tag-internacional","14":"tag-international","15":"tag-international-news","16":"tag-internationalnews","17":"tag-latest-news","18":"tag-latestnews","19":"tag-news","20":"tag-noticias","21":"tag-noticias-destacadas","22":"tag-noticiasdestacadas","23":"tag-titulares","24":"tag-ultimas-noticias","25":"tag-ultimasnoticias","26":"tag-world","27":"tag-world-news","28":"tag-worldnews"},"share_on_mastodon":{"url":"","error":""},"_links":{"self":[{"href":"https:\/\/www.europesays.com\/es\/wp-json\/wp\/v2\/posts\/149171","targetHints":{"allow":["GET"]}}],"collection":[{"href":"https:\/\/www.europesays.com\/es\/wp-json\/wp\/v2\/posts"}],"about":[{"href":"https:\/\/www.europesays.com\/es\/wp-json\/wp\/v2\/types\/post"}],"author":[{"embeddable":true,"href":"https:\/\/www.europesays.com\/es\/wp-json\/wp\/v2\/users\/2"}],"replies":[{"embeddable":true,"href":"https:\/\/www.europesays.com\/es\/wp-json\/wp\/v2\/comments?post=149171"}],"version-history":[{"count":0,"href":"https:\/\/www.europesays.com\/es\/wp-json\/wp\/v2\/posts\/149171\/revisions"}],"wp:featuredmedia":[{"embeddable":true,"href":"https:\/\/www.europesays.com\/es\/wp-json\/wp\/v2\/media\/149172"}],"wp:attachment":[{"href":"https:\/\/www.europesays.com\/es\/wp-json\/wp\/v2\/media?parent=149171"}],"wp:term":[{"taxonomy":"category","embeddable":true,"href":"https:\/\/www.europesays.com\/es\/wp-json\/wp\/v2\/categories?post=149171"},{"taxonomy":"post_tag","embeddable":true,"href":"https:\/\/www.europesays.com\/es\/wp-json\/wp\/v2\/tags?post=149171"}],"curies":[{"name":"wp","href":"https:\/\/api.w.org\/{rel}","templated":true}]}}