{"id":149213,"date":"2025-09-30T19:15:07","date_gmt":"2025-09-30T19:15:07","guid":{"rendered":"https:\/\/www.europesays.com\/es\/149213\/"},"modified":"2025-09-30T19:15:07","modified_gmt":"2025-09-30T19:15:07","slug":"bueno-destaca-el-gran-exito-de-las-actividades-para-mayores-celebradas-este-martes","status":"publish","type":"post","link":"https:\/\/www.europesays.com\/es\/149213\/","title":{"rendered":"Bueno destaca el gran \u00e9xito de las actividades para mayores celebradas este martes"},"content":{"rendered":"<p>La delegada del Mayor del Ayuntamiento de Algeciras, Patricia Bueno, ha destacado el gran \u00e9xito de participaci\u00f3n y ambiente vivido durante las actividades organizadas este martes dentro del programa municipal destinado a las personas mayores de la ciudad con motivo de la conmemoraci\u00f3n del D\u00eda Internacional del Mayor.<\/p>\n<p>En la jornada de hoy, el Centro de Pensionistas de La Uni\u00f3n ha acogido, organizado por este colectivo, en primer lugar, un desayuno-convivencia a las 10:00 horas, que ha reunido a numerosos mayores en un espacio de encuentro y convivencia, donde asisti\u00f3 el delegado municipal de Fomento Econ\u00f3mico y Empleo, \u00c1lvaro M\u00e1rquez. Ya por la tarde, a las 18:00 horas, y con la asistencia de la delegada de Atenci\u00f3n al Mayor, Patricia Bueno, se ha celebrado el tradicional concurso de tortillas y reposter\u00eda, en el que los participantes han demostrado, una vez m\u00e1s, su creatividad y talento culinario.\u00a0<\/p>\n<p>Adem\u00e1s, tambi\u00e9n se ha producido el homenaje que La Uni\u00f3n ha realizado a uno de sus usuarios, Antonio Pacheco Silva, de noventa a\u00f1os de edad, consistente en una placa conmemorativa coincidiendo con las actividades programadas por el D\u00eda del Mayor.<\/p>\n<p>Patricia Bueno ha agradecido \u201cla magn\u00edfica respuesta de nuestros mayores, que convierten cada actividad en una aut\u00e9ntica celebraci\u00f3n de convivencia y alegr\u00eda\u201d, y ha subrayado que \u201cdesde el Ayuntamiento seguiremos apostando firmemente por este tipo de propuestas que promueven el envejecimiento activo, fortalecen los v\u00ednculos sociales a la vez que hacen ciudad\u201d.<\/p>\n<p>Estas actividades forman parte de la agenda permanente impulsada por la Delegaci\u00f3n del Mayor para fomentar el bienestar f\u00edsico, emocional y social de las personas mayores de Algeciras.La delegada del Mayor del Ayuntamiento de Algeciras, Patricia Bueno, ha destacado el gran \u00e9xito de participaci\u00f3n y ambiente vivido durante las actividades organizadas este martes dentro del programa municipal destinado a las personas mayores de la ciudad con motivo de la conmemoraci\u00f3n del D\u00eda Internacional del Mayor.<br \/>En la jornada de hoy, el Centro de Pensionistas de La Uni\u00f3n ha acogido, organizado por este colectivo, en primer lugar, un desayuno-convivencia a las 10:00 horas, que ha reunido a numerosos mayores en un espacio de encuentro y convivencia, donde asisti\u00f3 el delegado municipal de Fomento Econ\u00f3mico y Empleo, \u00c1lvaro M\u00e1quez. Ya por la tarde, a las 18:00 horas, y con la asistencia de la delegada de Atenci\u00f3n al Mayor, Patricia Bueno, se ha celebrado el tradicional concurso de tortillas y reposter\u00eda, en el que los participantes han demostrado, una vez m\u00e1s, su creatividad y talento culinario.\u00a0<br \/>\u00a0 \u00a0 Adem\u00e1s, tambi\u00e9n se ha producido el homenaje que La Uni\u00f3n ha realizado a uno de sus usuarios, Antonio Pacheco Silva, de noventa a\u00f1os de edad, consistente en una placa conmemorativa coincidiendo con las actividades programadas por el D\u00eda del Mayor.<br \/>Patricia Bueno ha agradecido \u201cla magn\u00edfica respuesta de nuestros mayores, que convierten cada actividad en una aut\u00e9ntica celebraci\u00f3n de convivencia y alegr\u00eda\u201d, y ha subrayado que \u201cdesde el Ayuntamiento seguiremos apostando firmemente por este tipo de propuestas que promueven el envejecimiento activo, fortalecen los v\u00ednculos sociales a la vez que hacen ciudad\u201d.<br \/>Estas actividades forman parte de la agenda permanente impulsada por la Delegaci\u00f3n del Mayor para fomentar el bienestar f\u00edsico, emocional y social de las personas mayores de Algeciras.<\/p>\n","protected":false},"excerpt":{"rendered":"La delegada del Mayor del Ayuntamiento de Algeciras, Patricia Bueno, ha destacado el gran \u00e9xito de participaci\u00f3n y&hellip;\n","protected":false},"author":2,"featured_media":149214,"comment_status":"","ping_status":"","sticky":false,"template":"","format":"standard","meta":{"footnotes":""},"categories":[8],"tags":[17,18,25,24,13,14,11,19,20,9,10,15,16,23,12,21,22],"class_list":{"0":"post-149213","1":"post","2":"type-post","3":"status-publish","4":"format-standard","5":"has-post-thumbnail","7":"category-espana","8":"tag-breaking-news","9":"tag-breakingnews","10":"tag-es","11":"tag-espana","12":"tag-featured-news","13":"tag-featurednews","14":"tag-headlines","15":"tag-latest-news","16":"tag-latestnews","17":"tag-news","18":"tag-noticias","19":"tag-noticias-destacadas","20":"tag-noticiasdestacadas","21":"tag-spain","22":"tag-titulares","23":"tag-ultimas-noticias","24":"tag-ultimasnoticias"},"share_on_mastodon":{"url":"","error":""},"_links":{"self":[{"href":"https:\/\/www.europesays.com\/es\/wp-json\/wp\/v2\/posts\/149213","targetHints":{"allow":["GET"]}}],"collection":[{"href":"https:\/\/www.europesays.com\/es\/wp-json\/wp\/v2\/posts"}],"about":[{"href":"https:\/\/www.europesays.com\/es\/wp-json\/wp\/v2\/types\/post"}],"author":[{"embeddable":true,"href":"https:\/\/www.europesays.com\/es\/wp-json\/wp\/v2\/users\/2"}],"replies":[{"embeddable":true,"href":"https:\/\/www.europesays.com\/es\/wp-json\/wp\/v2\/comments?post=149213"}],"version-history":[{"count":0,"href":"https:\/\/www.europesays.com\/es\/wp-json\/wp\/v2\/posts\/149213\/revisions"}],"wp:featuredmedia":[{"embeddable":true,"href":"https:\/\/www.europesays.com\/es\/wp-json\/wp\/v2\/media\/149214"}],"wp:attachment":[{"href":"https:\/\/www.europesays.com\/es\/wp-json\/wp\/v2\/media?parent=149213"}],"wp:term":[{"taxonomy":"category","embeddable":true,"href":"https:\/\/www.europesays.com\/es\/wp-json\/wp\/v2\/categories?post=149213"},{"taxonomy":"post_tag","embeddable":true,"href":"https:\/\/www.europesays.com\/es\/wp-json\/wp\/v2\/tags?post=149213"}],"curies":[{"name":"wp","href":"https:\/\/api.w.org\/{rel}","templated":true}]}}