{"id":149217,"date":"2025-09-30T19:17:08","date_gmt":"2025-09-30T19:17:08","guid":{"rendered":"https:\/\/www.europesays.com\/es\/149217\/"},"modified":"2025-09-30T19:17:08","modified_gmt":"2025-09-30T19:17:08","slug":"el-irudek-bidasoa-irun-no-quiere-perder-la-estela-de-los-primeros-clasificados","status":"publish","type":"post","link":"https:\/\/www.europesays.com\/es\/149217\/","title":{"rendered":"El Irudek Bidasoa Irun no quiere perder la estela de los primeros clasificados"},"content":{"rendered":"<p> Mucho tiempo va a pasar entre el partido de la tercera jornada (pasado jueves) y el de la cuarta (pr\u00f3ximo s\u00e1bado) para el Irudek  &#8230; Bidasoa Irun.<\/p>\n<p class=\"v-p\">Despu\u00e9s de que los amarillos empataran ante el Ademar Le\u00f3n se jugaron el resto de los partidos y s\u00f3lo Granollers y Torrelavega pueden alardear de haber sumado todos los puntos en juego, seis. No as\u00ed el Bar\u00e7a pero porque aplaz\u00f3 su partido. <\/p>\n<p class=\"v-p\">Los irundarras siguen invictos y tiene la oportunidad de quitarse el sabor agridulce del empate ante el Ademar en la visita que rendir\u00e1n el s\u00e1bado (20.00 horas) al Nava, un equipo que en la \u00faltima jornada plant\u00f3 cara al Granollers (37-33), que tambi\u00e9n perdi\u00f3 en su otra salida, 29-25 ante el Villa de Aranda, y que sum\u00f3 dos puntos frente al Cangas, 34-33. <\/p>\n<p class=\"v-p\">El Nava es otro de esos equipos tan dif\u00edciles de doblegar en su casa, si bien la temporada pasada consigui\u00f3 parecido n\u00famero de puntos como local (catorce) que como visitante (trece). Fue octavo al final de la liga y contra el Bidasoa gan\u00f3 el duelo en la cancha segoviana (37-33) y perdi\u00f3 en Artaleku (37-29).<\/p>\n<p>El Flensburg sigue invicto<\/p>\n<p class=\"v-p\">En el repaso a los resultados de los rivales que tendr\u00e1 el Bidasoa en el grupo de la European League, destaca la victoria del <strong>Flensburg-Handewitt <\/strong>alem\u00e1n por 32-26 ante el Stuttgart, con un parcial final de 12-4. Es su cuarta victoria consecutiva, que suma a los dos empates iniciales. <\/p>\n<p class=\"v-p\">Por su parte, el<strong> Saint-Raphael Var Handball<\/strong> se queda en la zona media de la liga francesa, noveno, tras su derrota por 30-36 contra el Tremblay, con quien estaba empatado a puntos. <\/p>\n<p class=\"v-p\">En Ruman\u00eda, el <strong>Potaissa Turda<\/strong> arrastra dos derrotas y un empate, tras caer 32-29 ante el l\u00edder Buzau. <\/p>\n","protected":false},"excerpt":{"rendered":"Mucho tiempo va a pasar entre el partido de la tercera jornada (pasado jueves) y el de la&hellip;\n","protected":false},"author":2,"featured_media":149218,"comment_status":"","ping_status":"","sticky":false,"template":"","format":"standard","meta":{"footnotes":""},"categories":[278],"tags":[376,2645,45508,168,25,24,6885,375,7599,7600,13327,566,2615,23,167],"class_list":{"0":"post-149217","1":"post","2":"type-post","3":"status-publish","4":"format-standard","5":"has-post-thumbnail","7":"category-balonmano","8":"tag-balonmano","9":"tag-bidasoa","10":"tag-clasificados","11":"tag-deportes","12":"tag-es","13":"tag-espana","14":"tag-estela","15":"tag-handball","16":"tag-irudek","17":"tag-irun","18":"tag-perder","19":"tag-primeros","20":"tag-quiere","21":"tag-spain","22":"tag-sports"},"share_on_mastodon":{"url":"","error":""},"_links":{"self":[{"href":"https:\/\/www.europesays.com\/es\/wp-json\/wp\/v2\/posts\/149217","targetHints":{"allow":["GET"]}}],"collection":[{"href":"https:\/\/www.europesays.com\/es\/wp-json\/wp\/v2\/posts"}],"about":[{"href":"https:\/\/www.europesays.com\/es\/wp-json\/wp\/v2\/types\/post"}],"author":[{"embeddable":true,"href":"https:\/\/www.europesays.com\/es\/wp-json\/wp\/v2\/users\/2"}],"replies":[{"embeddable":true,"href":"https:\/\/www.europesays.com\/es\/wp-json\/wp\/v2\/comments?post=149217"}],"version-history":[{"count":0,"href":"https:\/\/www.europesays.com\/es\/wp-json\/wp\/v2\/posts\/149217\/revisions"}],"wp:featuredmedia":[{"embeddable":true,"href":"https:\/\/www.europesays.com\/es\/wp-json\/wp\/v2\/media\/149218"}],"wp:attachment":[{"href":"https:\/\/www.europesays.com\/es\/wp-json\/wp\/v2\/media?parent=149217"}],"wp:term":[{"taxonomy":"category","embeddable":true,"href":"https:\/\/www.europesays.com\/es\/wp-json\/wp\/v2\/categories?post=149217"},{"taxonomy":"post_tag","embeddable":true,"href":"https:\/\/www.europesays.com\/es\/wp-json\/wp\/v2\/tags?post=149217"}],"curies":[{"name":"wp","href":"https:\/\/api.w.org\/{rel}","templated":true}]}}