{"id":149260,"date":"2025-09-30T19:47:08","date_gmt":"2025-09-30T19:47:08","guid":{"rendered":"https:\/\/www.europesays.com\/es\/149260\/"},"modified":"2025-09-30T19:47:08","modified_gmt":"2025-09-30T19:47:08","slug":"colapinto-vuelve-a-correr-este-fin-de-semana-donde-y-a-que-hora-singapur-2025-cadena-3-en-la-f1","status":"publish","type":"post","link":"https:\/\/www.europesays.com\/es\/149260\/","title":{"rendered":"Colapinto vuelve a correr este fin de semana: d\u00f3nde y a qu\u00e9 hora &#8211; Singapur 2025 &#8211; Cadena 3 en la F1"},"content":{"rendered":"<p>Luego del Gran Premio de <strong>Azerbaij\u00e1n<\/strong>, en el que <strong>Franco Colapinto<\/strong> termin\u00f3 decimonoveno, el piloto argentino vuelve a correr este fin de semana en una nueva carrera de la <strong>F\u00f3rmula 1<\/strong>.<\/p>\n<p>Este fin de semana se viene el <strong>GP de Singapur<\/strong>, uno de los circuitos callejeros tradicionales y con el condimento de que se disputa de noche.<\/p>\n<p>Este condimento ser\u00e1 favorable para los fan\u00e1ticos argentinos del automovilismo ya que la carrera ser\u00e1 en un horario c\u00f3modo para el pa\u00eds.<\/p>\n<p>\/Inicio C\u00f3digo Embebido\/<\/p>\n<p>\t\t\t\t\t<a class=\"enlace-absoluto\" aria-label=\"Colapinto record\u00f3 la dif\u00edcil etapa de su vida al mudarse a Europa: &quot;Estaba solo&quot;\" href=\"https:\/\/www.cadena3.com\/noticia\/cadena-3-en-la-f1\/colapinto-recordo-la-dificil-etapa-de-su-vida-al-mudarse-a-europa-estaba-solo_467874\" rel=\"nofollow noopener\" target=\"_blank\">\t\t\t\t\t\t\t\t<a href=\"https:\/\/www.cadena3.com\/seccion\/cadena-3-en-la-f1\/863\/cadena-3-en-la-f1\/1424\" rel=\"nofollow noopener\" target=\"_blank\">Cadena 3 en la F1<\/a>\t\t\t\t\t\t\t\t\t\t<\/p>\n<p class=\"bajada\">El piloto argentino record\u00f3 el duro camino que recorri\u00f3 para cumplir su sue\u00f1o de llegar a la F\u00f3rmula 1.<\/p>\n<p>\/Fin C\u00f3digo Embebido\/<\/p>\n<p>El <strong>GP de Singapur<\/strong> se corre desde el a\u00f1o <strong>2008<\/strong> y solamente no fue utilizado desde la pandemia.<\/p>\n<p><b>Horarios del Gran Premio de Singapur<\/b><\/p>\n<p><b>Viernes<\/b><\/p>\n<p>Pr\u00e1ctica 1: 6.30<\/p>\n<p>Pr\u00e1ctica 2: 10.00<\/p>\n<p><b>S\u00e1bado<\/b><\/p>\n<p>Pr\u00e1ctica 3: 6.30<\/p>\n<p>Clasificaci\u00f3n: 10.00<\/p>\n<p><b>Domingo<\/b><\/p>\n<p>Carrera: 9.00+<\/p>\n<p><b style=\"\">C\u00f3mo le fue a Colapinto en este circuito<\/b><\/p>\n<p>En <strong>2024<\/strong>, el piloto argentino hab\u00eda tenido un arranque prometedor desde la <strong>12\u00aa posici\u00f3n<\/strong> de largada y logr\u00f3 llegar a estar <strong>sexto<\/strong> durante la carrera.<\/p>\n<p>Pero finalmente termin\u00f3 decimoprimero, a nada de los puestos que suman puntos.<\/p>\n<p>Lectura r\u00e1pida<\/p>\n<p><strong>\u00bfQu\u00e9 carrera se llevar\u00e1 a cabo este fin de semana?<\/strong> El <strong>GP de Singapur<\/strong> de la <strong>F\u00f3rmula 1<\/strong>.<\/p>\n<p><strong>\u00bfQui\u00e9n es el piloto argentino mencionado?<\/strong> <strong>Franco Colapinto<\/strong>.<\/p>\n<p><strong>\u00bfCu\u00e1ndo se corre el GP de Singapur?<\/strong> Este fin de semana, con horarios espec\u00edficos para cada d\u00eda.<\/p>\n<p><strong>\u00bfD\u00f3nde se disputa esta carrera?<\/strong> En el circuito callejero de <strong>Singapur<\/strong>.<\/p>\n<p><strong>\u00bfC\u00f3mo le fue a Colapinto en la carrera anterior en este circuito?<\/strong> Termin\u00f3 decimoprimero, despu\u00e9s de haber estado en la <strong>12\u00aa posici\u00f3n<\/strong> de largada y llegar a ser <strong>sexto<\/strong> durante la carrera.<\/p>\n","protected":false},"excerpt":{"rendered":"Luego del Gran Premio de Azerbaij\u00e1n, en el que Franco Colapinto termin\u00f3 decimonoveno, el piloto argentino vuelve a&hellip;\n","protected":false},"author":2,"featured_media":149261,"comment_status":"","ping_status":"","sticky":false,"template":"","format":"standard","meta":{"footnotes":""},"categories":[270],"tags":[45513,45514,168,25,24,306,271,272,1723,45512,23,167],"class_list":{"0":"post-149260","1":"post","2":"type-post","3":"status-publish","4":"format-standard","5":"has-post-thumbnail","7":"category-formula-1","8":"tag-automovilismo-argentino","9":"tag-circuito-callejero","10":"tag-deportes","11":"tag-es","12":"tag-espana","13":"tag-f1","14":"tag-formula-1","15":"tag-formula1","16":"tag-franco-colapinto","17":"tag-gran-premio-de-singapur","18":"tag-spain","19":"tag-sports"},"share_on_mastodon":{"url":"","error":""},"_links":{"self":[{"href":"https:\/\/www.europesays.com\/es\/wp-json\/wp\/v2\/posts\/149260","targetHints":{"allow":["GET"]}}],"collection":[{"href":"https:\/\/www.europesays.com\/es\/wp-json\/wp\/v2\/posts"}],"about":[{"href":"https:\/\/www.europesays.com\/es\/wp-json\/wp\/v2\/types\/post"}],"author":[{"embeddable":true,"href":"https:\/\/www.europesays.com\/es\/wp-json\/wp\/v2\/users\/2"}],"replies":[{"embeddable":true,"href":"https:\/\/www.europesays.com\/es\/wp-json\/wp\/v2\/comments?post=149260"}],"version-history":[{"count":0,"href":"https:\/\/www.europesays.com\/es\/wp-json\/wp\/v2\/posts\/149260\/revisions"}],"wp:featuredmedia":[{"embeddable":true,"href":"https:\/\/www.europesays.com\/es\/wp-json\/wp\/v2\/media\/149261"}],"wp:attachment":[{"href":"https:\/\/www.europesays.com\/es\/wp-json\/wp\/v2\/media?parent=149260"}],"wp:term":[{"taxonomy":"category","embeddable":true,"href":"https:\/\/www.europesays.com\/es\/wp-json\/wp\/v2\/categories?post=149260"},{"taxonomy":"post_tag","embeddable":true,"href":"https:\/\/www.europesays.com\/es\/wp-json\/wp\/v2\/tags?post=149260"}],"curies":[{"name":"wp","href":"https:\/\/api.w.org\/{rel}","templated":true}]}}