{"id":149297,"date":"2025-09-30T20:08:10","date_gmt":"2025-09-30T20:08:10","guid":{"rendered":"https:\/\/www.europesays.com\/es\/149297\/"},"modified":"2025-09-30T20:08:10","modified_gmt":"2025-09-30T20:08:10","slug":"esto-dijo-gauff-sobre-su-tenso-momento-con-bencic-en-el-wta-pekin-2025","status":"publish","type":"post","link":"https:\/\/www.europesays.com\/es\/149297\/","title":{"rendered":"Esto dijo Gauff sobre su tenso momento con Bencic en el WTA Pek\u00edn 2025"},"content":{"rendered":"<p class=\"quota-display text-align-center\">\n        <a href=\"https:\/\/www.puntodebreak.com\/MDBA-B3-PDB-QUOTA-25\" rel=\"sponsored nofollow noopener\" title=\"Apuesta en bet365\" target=\"_blank\"><\/p>\n<p>            <img decoding=\"async\" alt=\"Bet365\" class=\"bet-logo lazyload\" loading=\"lazy\" src=\"https:\/\/www.europesays.com\/es\/wp-content\/uploads\/2025\/09\/1759049599_514_b365.jpg\"\/>Streaming UTR Pro Newport Beach en directo<\/p>\n<p> \ud83c\udfbe Graeme Angus vs Alessandro-D Ventre<\/p>\n<ol class=\"stream-card__steps\">\n<li>Entra aqu\u00ed y reg\u00edstrate en Bet365<\/li>\n<li>Haz tu primer dep\u00f3sito de m\u00ednimo 5\u00a0\u20ac<\/li>\n<li>Entra en la secci\u00f3n \u00abDirecto\u00bb y ve todos los partidos<\/li>\n<\/ol>\n<p>\n                                Ver partido en Bet365\n                            <\/p>\n<p>        <\/a>\n      <\/p>\n<p class=\"text-align-justify\"><strong>Coco Gauff<\/strong> tuvo un partido m\u00e1s que intenso con <strong>Belinda Bencic<\/strong>. No solo por tener que ir a los tres sets para remontar y hacerse con la victoria por <strong>4-6, 7-6, 6-2<\/strong>, sino por el tenso momento que vivi\u00f3 con la suiza cuando esta le recrimin\u00f3 que su equipo hablaba justo antes de que ella realizar\u00e1 el saque.<\/p>\n<p class=\"text-align-justify\"><strong><a href=\"https:\/\/www.puntodebreak.com\/tenis\/cori-gauff\" rel=\"nofollow noopener\" target=\"_blank\">Coco Gauff<\/a> <\/strong>quiso replicar las quejas, pero entonces<strong> <a href=\"https:\/\/www.wtatennis.com\/players\/319001\/belinda-bencic\" rel=\"nofollow noopener\" target=\"_blank\">Belinda Bencic<\/a><\/strong> le solt\u00f3: <a href=\"https:\/\/www.puntodebreak.com\/2025\/09\/30\/bencic-harta-gauff-equipo-vieja-estos-juegos\" rel=\"nofollow noopener\" target=\"_blank\"><strong>&#8216;\u00a1C\u00e1llate! \u00a1Soy demasiado vieja para estos juegos!&#8217;<\/strong><\/a>. Finalmente, la cosa qued\u00f3 ah\u00ed, pero a la n\u00famero tres del mundo le hizo entrar en un peque\u00f1o baj\u00f3n que le hizo perder el set. Y sobre lo ocurrido con la suiza gir\u00f3 casi toda la rueda de prensa posterior, aunque tambi\u00e9n aprovech\u00f3 la ocasi\u00f3n para criticar la saturaci\u00f3n del circuito<\/p>\n<p class=\"text-align-justify\"><strong>Consigui\u00f3 superar el momento tenso y remontar el partido<\/strong><\/p>\n<p class=\"text-align-justify\">\u00abSimplemente, fui capaz de concentrarme y superar ese baj\u00f3n que tuve. Ella estaba jugando de forma muy agresiva. Siento que un par de puntos me favorecieron, quiz\u00e1 podr\u00eda haber ganado ese primer set. Pero estoy contenta con c\u00f3mo he luchado hoy\u00bb.<\/p>\n<p class=\"text-align-justify\"><strong>Su opini\u00f3n sobre lo ocurrido<\/strong><\/p>\n<p class=\"text-align-justify\">\u00abSab\u00eda que ella le hab\u00eda dicho algo a mi equipo, pero no sab\u00eda exactamente qu\u00e9. Me dijeron que hab\u00eda dicho: \u00abC\u00e1llate\u00bb. Yo no lo o\u00ed, as\u00ed que solo puedo basarme en lo que me dijeron. Supongo que estaba molesta porque ellos estaban animando. Para m\u00ed, el estadio est\u00e1 en silencio, as\u00ed que se oye a ambos equipos. Jugu\u00e9 rondas anteriores y en mis dos partidos pude o\u00edr al otro equipo bastante alto y claro, porque hay silencio. No me molesta. Le estaba diciendo que fuera respetuosa\u00bb.<\/p>\n<p class=\"text-align-justify\">\u00abHe sido amable con su equipo fuera de la pista. Hemos sido amables la una con la otra. Simplemente no me gust\u00f3 ese comentario hacia mi equipo. S\u00ed, eso fue todo. Quiero decir, seguimos adelante despu\u00e9s de eso. No he hablado con ella desde entonces. Ella tiene derecho a sentir lo que sinti\u00f3 y yo tengo derecho a responder como respond\u00ed\u00bb.<\/p>\n<p class=\"text-align-justify\"><img decoding=\"async\" alt=\".\" data-entity-type=\"file\" data-entity-uuid=\"4b1f5cce-fba9-4ba1-97ce-1c71751c10df\" width=\"612\" height=\"408\" loading=\"lazy\" class=\"lazyload\" src=\"https:\/\/www.europesays.com\/es\/wp-content\/uploads\/2025\/09\/Gauff-victoria-Bencic.jpg\"\/><\/p>\n<p class=\"text-align-justify\"><strong>La discusi\u00f3n le afect\u00f3 en su rendimiento<\/strong><\/p>\n<p class=\"text-align-justify\">\u00abInmediatamente despu\u00e9s de eso, en el siguiente juego me sent\u00ed frustrada e hice tres dobles faltas. Pero despu\u00e9s de eso pens\u00e9: \u2018Vale, no quiero volver a perder a partir de ahora\u2019. Fui capaz de concentrarme. Creo que, en cierto modo, fue casi bueno para m\u00ed. Creo que a veces juego un poco mejor cuando estoy molesta, no conmigo mismo, sino con otra cosa. No s\u00e9, creo que me ayud\u00f3. Pero no soy una persona conflictiva. No me gusta tener enfrentamientos en la pista, pero no me gust\u00f3 ese comentario hacia mi equipo. Definitivamente,\u00a0no me gusta eso. Quiero decir, sucede. Es deporte, pero estoy contenta de que hoy me haya salido bien\u00bb.<\/p>\n<p class=\"text-align-justify\"><strong>No acostumbra a tener l\u00edos con otras tenistas<\/strong><\/p>\n<p class=\"text-align-justify\">\u00abCreo que solo he tenido dos problemas en el circuito. Uno fue en el US Open y hoy, este. No suelo ser alguien que empiece, pero respondo muy r\u00e1pido. No me gusta que la gente falte al respeto a los dem\u00e1s. Sent\u00ed que decirle a mi equipo que se callara no era algo agradable. Especialmente porque estaban animando despu\u00e9s de que yo ganara un punto\u00bb.<\/p>\n<p class=\"text-align-justify\"><strong>Se lo tom\u00f3 como motivaci\u00f3n<\/strong>\u00a0<\/p>\n<p class=\"text-align-justify\">\u00abPens\u00e9: \u2018Vale, ahora tengo que ganar el partido, especialmente despu\u00e9s de haber tenido ese problema\u2019. Creo que para m\u00ed fue m\u00e1s una mezquindad, solo intentar ganar el partido. Lo peor es si tienes la confrontaci\u00f3n y luego pierdes. Es como perder por partida doble.\u00a0<br \/>Obviamente, tengo mucho respeto por Belinda. Es una gran jugadora, que ha vuelto y juega un gran tenis siendo madre. S\u00ed, obviamente desear\u00eda que hoy no hubiera pasado, pero es lo que hay\u00bb.<\/p>\n<p class=\"text-align-justify\"><strong>Descontenta por un calendario tan cargado de torneos<\/strong><\/p>\n<p class=\"text-align-justify\">\u00abSupongo que, desde el punto de vista empresarial, puede tener sentido. Pero desde el punto de vista de la salud de los jugadores, no estoy muy de acuerdo. Creo que b\u00e1sicamente he jugado todo el tenis que he podido y es imposible seguir el ritmo de los seis WTA 500. Es simplemente imposible. Especialmente ahora que cada vez hay m\u00e1s eventos de dos semanas, no tiene sentido forzar el cuerpo. Tal y como est\u00e1 estructurada la temporada, normalmente, aparte de la hierba, tienes dos 1000 seguidos y luego un Grand Slam, un 500 antes\u00bb.<\/p>\n<p class=\"text-align-justify\">\u00abNo siempre tiene sentido jugar los\u00a0WTA 500 sabiendo que probablemente vas a jugar cuatro semanas de tenis, y luego tener que jugar un Grand Slam, cumplir con los compromisos con los patrocinadores, cosas as\u00ed. Sin duda, me gustar\u00eda ver en mi vida en el circuito una soluci\u00f3n para acortar la temporada. Tambi\u00e9n creo que perjudica a algunos de los WTA 500. Por ejemplo, quer\u00eda jugar en Washington este a\u00f1o. Pero sab\u00eda que no podr\u00eda jugar en Washington y luego jugar dos semanas en Cincinnati y Montreal. Creo que perjudica a ese torneo por la programaci\u00f3n. Sin duda, me encantar\u00eda ver c\u00f3mo podemos equilibrar eso para que a los jugadores les resulte un poco m\u00e1s f\u00e1cil tomar esas decisiones en los torneos\u00bb, asegura una <strong>Coco Gauff <\/strong>que una vez superado su encontronazo con <strong>Belinda Bencic<\/strong> ya piensa en su duelo de cuartos de final del <strong>WTA 1000 de Pek\u00edn<\/strong> ante <strong>Eva Lys<\/strong>.<br \/>\u00a0<\/p>\n","protected":false},"excerpt":{"rendered":"Streaming UTR Pro Newport Beach en directo \ud83c\udfbe Graeme Angus vs Alessandro-D Ventre Entra aqu\u00ed y reg\u00edstrate en&hellip;\n","protected":false},"author":2,"featured_media":149298,"comment_status":"","ping_status":"","sticky":false,"template":"","format":"standard","meta":{"footnotes":""},"categories":[274],"tags":[168,25,24,23,167,327,326],"class_list":{"0":"post-149297","1":"post","2":"type-post","3":"status-publish","4":"format-standard","5":"has-post-thumbnail","7":"category-tenis","8":"tag-deportes","9":"tag-es","10":"tag-espana","11":"tag-spain","12":"tag-sports","13":"tag-tenis","14":"tag-tennis"},"share_on_mastodon":{"url":"","error":""},"_links":{"self":[{"href":"https:\/\/www.europesays.com\/es\/wp-json\/wp\/v2\/posts\/149297","targetHints":{"allow":["GET"]}}],"collection":[{"href":"https:\/\/www.europesays.com\/es\/wp-json\/wp\/v2\/posts"}],"about":[{"href":"https:\/\/www.europesays.com\/es\/wp-json\/wp\/v2\/types\/post"}],"author":[{"embeddable":true,"href":"https:\/\/www.europesays.com\/es\/wp-json\/wp\/v2\/users\/2"}],"replies":[{"embeddable":true,"href":"https:\/\/www.europesays.com\/es\/wp-json\/wp\/v2\/comments?post=149297"}],"version-history":[{"count":0,"href":"https:\/\/www.europesays.com\/es\/wp-json\/wp\/v2\/posts\/149297\/revisions"}],"wp:featuredmedia":[{"embeddable":true,"href":"https:\/\/www.europesays.com\/es\/wp-json\/wp\/v2\/media\/149298"}],"wp:attachment":[{"href":"https:\/\/www.europesays.com\/es\/wp-json\/wp\/v2\/media?parent=149297"}],"wp:term":[{"taxonomy":"category","embeddable":true,"href":"https:\/\/www.europesays.com\/es\/wp-json\/wp\/v2\/categories?post=149297"},{"taxonomy":"post_tag","embeddable":true,"href":"https:\/\/www.europesays.com\/es\/wp-json\/wp\/v2\/tags?post=149297"}],"curies":[{"name":"wp","href":"https:\/\/api.w.org\/{rel}","templated":true}]}}