{"id":149309,"date":"2025-09-30T20:15:22","date_gmt":"2025-09-30T20:15:22","guid":{"rendered":"https:\/\/www.europesays.com\/es\/149309\/"},"modified":"2025-09-30T20:15:22","modified_gmt":"2025-09-30T20:15:22","slug":"tolosa-conmemora-los-100-anos-del-libro-xabiertxo","status":"publish","type":"post","link":"https:\/\/www.europesays.com\/es\/149309\/","title":{"rendered":"Tolosa conmemora los 100 a\u00f1os del libro \u2018Xabiertxo\u2019"},"content":{"rendered":"<p>\n        <strong>\u201cInolvidable\u201d, \u201cgran tesoro\u201d, \u201cdevocionario del nacionalismo vasco\u201d o \u201cprecursor\u201d son algunos de los calificativos de aquellos que ha recibido este libro. Xabiertxo<\/strong>, una publicaci\u00f3n hecha para la ense\u00f1anza de los m\u00e1s peque\u00f1os, nacido en la dictadura de <a href=\"https:\/\/www.noticiasdegipuzkoa.eus\/tags\/jose-antonio-primo-de-rivera\/\" title=\"Primo de Rivera\" target=\"_blank\" class=\"link copy\" rel=\"nofollow noopener\">Primo de Rivera<\/a>, cumple este a\u00f1o su centenario. A pesar del transcurso del tiempo, no obstante, el libro sigue m\u00e1s vivo que nunca.\n<\/p>\n<p class=\"article-body__text \">\n        Con motivo del aniversario del texto escrito por el tolosarra Ixaka Lopez-Mendizabal e ilustrado por el donostiarra Jon Zabalo Txiki, el Ayuntamiento de <a href=\"https:\/\/www.noticiasdegipuzkoa.eus\/tags\/tolosa\/\" title=\"Tolosa\" target=\"_blank\" class=\"link copy\" rel=\"nofollow noopener\">Tolosa<\/a>, Galtzaundi Tolosaldeko Euskaltzaleen Elkartea y la Fundaci\u00f3n Jakin han organizado una jornada de celebraci\u00f3n del centenario de la primera edici\u00f3n del libro, u<strong>n acto de homenaje y una visita guiada.<\/strong>\n<\/p>\n<p class=\"article-body__text \">\n        Gracias a esas publicaciones en el exilio o a las ense\u00f1anzas impartidas en las ikastolas clandestinas de la posguerra, Xabiertxo sobrevivi\u00f3 y alcanza ahora los cien a\u00f1os de vida.\n<\/p>\n<p class=\"article-body__text \">\n        <strong>Para celebrarlo, esta semana se celebrar\u00e1n tres actividades entre el jueves y el s\u00e1bado.<\/strong> El primero de ellos ser\u00e1 el jueves entre las 9.15 horas y las 14.00 horas y tendr\u00e1 lugar en la casa de cultura Antonio Labaien de Tolosa, donde Haritz Azurmendi, Cira Crespo y Koldo Ordozgoiti ofrecer\u00e1n una visi\u00f3n del contexto de la \u00e9poca de la publicaci\u00f3n del libro. A continuaci\u00f3n, Galder Gonzalez, Iratxe Retolaza y Josune Zabala hablar\u00e1n sobre los futuros retos del euskera.\n<\/p>\n<p class=\"article-body__text \">\n        <strong>Un segundo acto tendr\u00e1 lugar el mismo jueves, cuando se rendir\u00e1 un homenaje al aniversario del libro en el Tinglado de Tolosa, a las 18.00 horas.<\/strong> El acto de reconocimiento a la obra de Ixaka-Lopez Mendizabal se llevar\u00e1 a cabo en la misma calle en la que estuvo su imprenta, y a \u00e9l acudir\u00e1n representantes institucionales, la familia Lopez-Mendizabal, escolares de centros de Tolosa e integrantes de la Escuela Municipal de M\u00fasica Eduardo Mocoroa, entre otros.\n<\/p>\n<p class=\"article-body__text \">\n        <strong>La tercera y \u00faltima actividad se har\u00e1 el s\u00e1bado, coincidiendo con el aniversario de la primera edici\u00f3n de Xabiertxo, y constar\u00e1 de una visita guiada. <\/strong>El recorrido durar\u00e1 hora y media, de 11.00 horas a 12.30 horas, y tratar\u00e1 sobre el Renacimiento Vasco del siglo XX. El tour ser\u00e1 guiado por Haritz Azurmendi, autor del estudio Euskararen Historia Soziala Tolosaldean, y los asistentes tendr\u00e1n la ocasi\u00f3n de conocer de manera gratuita los movimientos e historias a favor del euskera a trav\u00e9s de la <strong>Parte Vieja de Tolosa.<\/strong>\n<\/p>\n<p>  <strong>\u00bfQui\u00e9n fue \u2018Xabiertxo\u2019? <\/strong><\/p>\n<p class=\"article-body__text \">\n        <strong>Xabiertxo fue creado en 1925 y dise\u00f1ado para la ense\u00f1anza infantil, ya que no hab\u00eda ning\u00fan un libro as\u00ed en <\/strong><a href=\"https:\/\/www.noticiasdegipuzkoa.eus\/tags\/euskera\/\" title=\"euskera\" target=\"_blank\" class=\"link copy\" rel=\"nofollow noopener\"><strong>euskera<\/strong><\/a><strong>. <\/strong>A base de textos cortos, dibujos vivaces y breves historias, fue el ejemplar que los peque\u00f1os de aquella \u00e9poca tuvieron en sus aulas para aprender euskera.\n<\/p>\n<p class=\"article-body__text \">\n        A pesar de haber sufrido una <strong>persecuci\u00f3n <\/strong>que lleg\u00f3 hasta la quema de sus ediciones, Xabiertxo perdur\u00f3 de generaci\u00f3n en generaci\u00f3n. Dada la calidad del libro, incluso, lleg\u00f3 a ser incluido en la Lista Honor\u00edfica de Libros Infantiles por la <a href=\"https:\/\/www.noticiasdegipuzkoa.eus\/tags\/onu\/\" title=\"ONU\" target=\"_blank\" class=\"link copy\" rel=\"nofollow noopener\">ONU<\/a> en 1979, A\u00f1o Internacional del Ni\u00f1o.\n<\/p>\n<p class=\"article-body__text \">\n        Un libro perseguido por sus enemigos y amado por sus seguidores, Xabiertxo tuvo una vida de supervivencia desde su nacimiento. Fue durante la Guerra Civil Espa\u00f1ola de 1936 cuando las tropas franquistas entraron en Tolosa y quemaron los libros de la imprenta Lopez-Mendizabal en la Plaza Vieja.\n<\/p>\n<p class=\"article-body__text \">\n        N<strong>o obstante, del mismo modo en que lo quisieron silenciar, hubo gente que hizo todo lo posible para mantenerlo con vida.<\/strong> Tanto es as\u00ed, que a los intentos de prohibiciones respondieron publicaciones en el exilio, gracias a que el propio Ixaka Lopez Mendizabal llevaba su libro guardado como oro en pa\u00f1o all\u00e1 donde iba, siendo su acompa\u00f1ante de \u201cviaje\u201d fiel en pa\u00edses como Francia o Argentina.<\/p>\n","protected":false},"excerpt":{"rendered":"\u201cInolvidable\u201d, \u201cgran tesoro\u201d, \u201cdevocionario del nacionalismo vasco\u201d o \u201cprecursor\u201d son algunos de los calificativos de aquellos que ha&hellip;\n","protected":false},"author":2,"featured_media":149310,"comment_status":"","ping_status":"","sticky":false,"template":"","format":"standard","meta":{"footnotes":""},"categories":[172],"tags":[21882,988,224,44759,146,147,25,24,1496,225,23,23212],"class_list":{"0":"post-149309","1":"post","2":"type-post","3":"status-publish","4":"format-standard","5":"has-post-thumbnail","7":"category-libros","8":"tag-21882","9":"tag-anos","10":"tag-books","11":"tag-conmemora","12":"tag-entertainment","13":"tag-entretenimiento","14":"tag-es","15":"tag-espana","16":"tag-libro","17":"tag-libros","18":"tag-spain","19":"tag-tolosa"},"share_on_mastodon":{"url":"","error":""},"_links":{"self":[{"href":"https:\/\/www.europesays.com\/es\/wp-json\/wp\/v2\/posts\/149309","targetHints":{"allow":["GET"]}}],"collection":[{"href":"https:\/\/www.europesays.com\/es\/wp-json\/wp\/v2\/posts"}],"about":[{"href":"https:\/\/www.europesays.com\/es\/wp-json\/wp\/v2\/types\/post"}],"author":[{"embeddable":true,"href":"https:\/\/www.europesays.com\/es\/wp-json\/wp\/v2\/users\/2"}],"replies":[{"embeddable":true,"href":"https:\/\/www.europesays.com\/es\/wp-json\/wp\/v2\/comments?post=149309"}],"version-history":[{"count":0,"href":"https:\/\/www.europesays.com\/es\/wp-json\/wp\/v2\/posts\/149309\/revisions"}],"wp:featuredmedia":[{"embeddable":true,"href":"https:\/\/www.europesays.com\/es\/wp-json\/wp\/v2\/media\/149310"}],"wp:attachment":[{"href":"https:\/\/www.europesays.com\/es\/wp-json\/wp\/v2\/media?parent=149309"}],"wp:term":[{"taxonomy":"category","embeddable":true,"href":"https:\/\/www.europesays.com\/es\/wp-json\/wp\/v2\/categories?post=149309"},{"taxonomy":"post_tag","embeddable":true,"href":"https:\/\/www.europesays.com\/es\/wp-json\/wp\/v2\/tags?post=149309"}],"curies":[{"name":"wp","href":"https:\/\/api.w.org\/{rel}","templated":true}]}}