{"id":149311,"date":"2025-09-30T20:16:14","date_gmt":"2025-09-30T20:16:14","guid":{"rendered":"https:\/\/www.europesays.com\/es\/149311\/"},"modified":"2025-09-30T20:16:14","modified_gmt":"2025-09-30T20:16:14","slug":"ayuso-entzun-estas-cucu-por-antonio-maestre","status":"publish","type":"post","link":"https:\/\/www.europesays.com\/es\/149311\/","title":{"rendered":"Ayuso, entzun, est\u00e1s cuc\u00fa, por Antonio Maestre"},"content":{"rendered":"<p><b>Ayuso es un agujero negro<\/b> de energ\u00eda vital ajena. Cada intervenci\u00f3n suya tiene la capacidad de chuparte la existencia. La \u00faltima entrevista televisada ha sido solo el \u00faltimo ejemplo, lo ocurrido es otro de esos momentos que no crees vivir. La jefa de prensa de Ayuso en Telecinco <b>le pregunt\u00f3 por lo que ocurre en Gaza<\/b> y si eso es un genocidio y la quironesa acab\u00f3 divagando habl\u00e1ndonos de Fernando Alonso y los neum\u00e1ticos de lluvia, intentando explicar lo que pasa cuando alguien nos ilusiona y todos creen saber de todo. No s\u00e9 si de ah\u00ed hay que concluir que a ella le est\u00e1 ilusionando el genocidio o se refiere a quienes lo llamamos as\u00ed y por eso todos hablamos de lo que ocurre en Gaza. No s\u00e9 lo que quiere decir <b>porque su discurso una locura inconexa e irracional<\/b>. No lo s\u00e9 yo, no lo sabe nadie, no lo sabe ni ella.<\/p>\n<p>En la misma entrevista consider\u00f3 que hablar en euskera refiri\u00e9ndose a ella es lo mismo que amenazarla con disparos porque a ella el vasco le suena a taponazos en la nuca. La presidenta de la Comunidad de Madrid asegur\u00f3 que Imanol Pradales le dijo en un mitin: <b><a title=\"&quot;Ayuso, entzun, pim, Pam, pum&quot;, que es la consigna que lanzaban los seguidores de ETA para amenazar y se\u00f1alar\" href=\"https:\/\/www.lasexta.com\/noticias\/nacional\/ayuso-inventa-amenaza-etarra-pim-pam-pum-traduciendo-mal-entzun-euskadi-euskaldun-lehendakari-pradales_2025093068dbb9aff10d3f067829615a.html\" target=\"_blank\" rel=\"nofollow noopener\">\u00abAyuso, entzun, pim, Pam, pum\u00bb, que es la consigna que lanzaban los seguidores de ETA para amenazar y se\u00f1alar<\/a><\/b>. Lo que dijo Imanol Pradales fue \u00abAyuso, entzun, Euskadi, euskaldun\u00bb. Es decir, Ayuso, escucha, Euskadi es euskald\u00fan. Tener que explicar que una persona hablando euskera no es un etarra amenazando de muerte <b>es algo que me supera y que no voy a hacer<\/b>. Las intervenciones de Ayuso en una entrevista masaje son comentarios por los que un alumno torpe de primero de la ESO ser\u00eda corregido por los docentes, no quiero ni pensar lo que saldr\u00eda de una entrevista con un periodista que no viviera de los fondos de la Comunidad de Madrid.<\/p>\n<p>Es agotador intentar descifrar la \u00faltima gilipollez de Isabel D\u00edaz Ayuso. Todav\u00eda tengo grabada en la mente aquella en la que intentaba explicar <b>por qu\u00e9 no hab\u00eda nada que hacer para acotar la pandemia<\/b> all\u00e1 por abril porque la pandemia surgi\u00f3 en diciembre como indica su nombre: \u00abCovi, diciembre, 19\u00bb. No es broma. Lo dijo. La cantidad de veces que ha hecho el rid\u00edculo dejando boquiabiertos a quienes asistimos a sus delitos es inconmesurable. Nos gana por aplastamiento, por cansancio intelectual, por no ser capaces de digerir de manera racional <b>la cantidad de ocurrencias fruto de su idiocia<\/b>. Nos deja inermes. Nos desarbola buscando una explicaci\u00f3n, una manera de afrontar la vasta estulticia con la que se expresa mientras no se averg\u00fcenza.<\/p>\n<p>La estrategia de Miguel \u00c1ngel Rodr\u00edguez es no dar nunca un paso atr\u00e1s y asumir todas las barrabasadas, provocadas por \u00e9l, y las que Ayuso hace por s\u00ed mismas y utilizarlas en su beneficio. Pregunt\u00e9 a <b>MAR si se disculpar\u00eda<\/b> por sus palabras acusando al lehendakari de amenazarla y su respuesta fue clara y di\u00e1fana. \u00abNo. Que hubiera entonado otra frase porque esa sabemos todos lo que significa y sabemos que lo hizo intencionadamente\u00bb.<\/p>\n<p>La inanidad intelectual, sin necesidad de ir m\u00e1s lejos, de Isabel D\u00edaz Ayuso es un elefante en la habitaci\u00f3n que pocos quieren afrontar en la opini\u00f3n publicada. Algunos porque acomplejados ven inconveniente poner sobre la mesa los peligros que hay de tener a alguien al mando de la Comunidad de Madrid con <b>los problemas evidentes que tiene<\/b> la lideresa. La mayor\u00eda porque despachan directamente con Miguel \u00c1ngel Rodr\u00edguez, que es el que reparte millones a espuertas en publicidad institucional. Lo cierto es que existen <b>dudas razonables de la capacidad <\/b>de Isabel D\u00edaz Ayuso para estar al mando de una instituci\u00f3n tan sensible como es la presidencia de la Comunidad de Madrid. Su ineptitud, unida a su extrema crueldad y cesarismo, convierten a la lideresa en un peligro p\u00fablico. Ayuso, entzun, est\u00e1s cuc\u00fa.<\/p>\n","protected":false},"excerpt":{"rendered":"Ayuso es un agujero negro de energ\u00eda vital ajena. Cada intervenci\u00f3n suya tiene la capacidad de chuparte la&hellip;\n","protected":false},"author":2,"featured_media":149312,"comment_status":"","ping_status":"","sticky":false,"template":"","format":"standard","meta":{"footnotes":""},"categories":[171],"tags":[146,147,25,24,23,214],"class_list":{"0":"post-149311","1":"post","2":"type-post","3":"status-publish","4":"format-standard","5":"has-post-thumbnail","7":"category-tv","8":"tag-entertainment","9":"tag-entretenimiento","10":"tag-es","11":"tag-espana","12":"tag-spain","13":"tag-tv"},"share_on_mastodon":{"url":"","error":""},"_links":{"self":[{"href":"https:\/\/www.europesays.com\/es\/wp-json\/wp\/v2\/posts\/149311","targetHints":{"allow":["GET"]}}],"collection":[{"href":"https:\/\/www.europesays.com\/es\/wp-json\/wp\/v2\/posts"}],"about":[{"href":"https:\/\/www.europesays.com\/es\/wp-json\/wp\/v2\/types\/post"}],"author":[{"embeddable":true,"href":"https:\/\/www.europesays.com\/es\/wp-json\/wp\/v2\/users\/2"}],"replies":[{"embeddable":true,"href":"https:\/\/www.europesays.com\/es\/wp-json\/wp\/v2\/comments?post=149311"}],"version-history":[{"count":0,"href":"https:\/\/www.europesays.com\/es\/wp-json\/wp\/v2\/posts\/149311\/revisions"}],"wp:featuredmedia":[{"embeddable":true,"href":"https:\/\/www.europesays.com\/es\/wp-json\/wp\/v2\/media\/149312"}],"wp:attachment":[{"href":"https:\/\/www.europesays.com\/es\/wp-json\/wp\/v2\/media?parent=149311"}],"wp:term":[{"taxonomy":"category","embeddable":true,"href":"https:\/\/www.europesays.com\/es\/wp-json\/wp\/v2\/categories?post=149311"},{"taxonomy":"post_tag","embeddable":true,"href":"https:\/\/www.europesays.com\/es\/wp-json\/wp\/v2\/tags?post=149311"}],"curies":[{"name":"wp","href":"https:\/\/api.w.org\/{rel}","templated":true}]}}