{"id":149317,"date":"2025-09-30T20:21:09","date_gmt":"2025-09-30T20:21:09","guid":{"rendered":"https:\/\/www.europesays.com\/es\/149317\/"},"modified":"2025-09-30T20:21:09","modified_gmt":"2025-09-30T20:21:09","slug":"avance-de-la-promesa-capitulo-687-de-este-miercoles-1-de-octubre-petra-empeora-drasticamente-el-mundo","status":"publish","type":"post","link":"https:\/\/www.europesays.com\/es\/149317\/","title":{"rendered":"Avance de &#039;La Promesa&#039;, cap\u00edtulo 687 de este mi\u00e9rcoles 1 de octubre: Petra empeora dr\u00e1sticamente &#8211; El Mundo"},"content":{"rendered":"<ol>\n<li><a href=\"https:\/\/news.google.com\/rss\/articles\/CBMiiAFBVV95cUxNeGc2RDB0c1BJcGpwRmg3U3lKWnBQWmRIOVJyY3ZOdmxCN3YtY3VwUzNfOW5ZUDhNcFdNZm5YbHcyTHBiNjFPTnBDUUdpUm1GbmJ5UjFPR3cta3JpMjNCX0FkTTRSamY5ZFBoTlhKTnZMTE1fZk11Z1hrZ0ozV3kzWDBsSGRQeHlH0gGIAUFVX3lxTE9ZZk80QW1nejgxRmVyT2pzMU1tUTZWc3YxaEVOMDBBdVhLUVdRRmI1NFg5MzRBT2hWQlV2TGNCc0NkaVdpMHdRWUhldk15Q3h6QkJGOHlFT2R5ZHBPMW5jVGt4Y2NHUUpWN3V3LXgtQUhDYWNkZDVZajBKajMzU2pVN0szei01Qlc?oc=5\" target=\"_blank\" rel=\"nofollow noopener\">Avance de &#8216;La Promesa&#8217;, cap\u00edtulo 687 de este mi\u00e9rcoles 1 de octubre: Petra empeora dr\u00e1sticamente<\/a>&nbsp;&nbsp;El Mundo<\/li>\n<li><a href=\"https:\/\/news.google.com\/rss\/articles\/CBMivwFBVV95cUxQYU0xYjkzaUJqQ01SWGJUZzVFa1ppOE9QQmZZQkhoNGZJcnlheUU5XzBJTm14c0NrMzBhZ2NpZ1pVam1SbExsOTdpamVheEJ1ZGJRVERrSEdqTUsxWGdQN1pNNEY2MHVjN29EcHM1eHpvYm5yNGlJM2tINlJXQkRXVjJjcUl5SFdDY1dfcXItUUNYUUxuMXl5T0Y2aGZXdU84YVdoWlU2cHJ2dUFtdDB3eWxtSjd4eXh2Z3owNDlHa9IBxAFBVV95cUxQRWRYQndWWURYTVBTUGhYX3JMLUNMTTJfbl9JZmZ4N0Z3TGxmd2k3YWJqLTZTRmwteDV6azhtU2FReHpVNldUX1lBajlMTkZLUHRjcnBxLUFJU09tQ0lsdnYyUDZlWGtPRUljTHl1ZFpRaE5DY2xYbWhUa0Y5N0FiQzJQaDRrR1NaTDhtYURBSVJWa0RKamVlTjJCWXZEc0JYRzlJLWtZTERVSU1GYWZQbTJBRlRwZFhkazgyeHRjYnNPclNE?oc=5\" target=\"_blank\" rel=\"nofollow noopener\">Avance del cap\u00edtulo de &#8216;La Promesa&#8217; del mi\u00e9rcoles, 1 de octubre: Adriano toma una decisi\u00f3n dram\u00e1tica<\/a>&nbsp;&nbsp;El Confidencial<\/li>\n<li><a href=\"https:\/\/news.google.com\/rss\/articles\/CBMiqwFBVV95cUxQWWE2cWYzaGpOb0NUdEZib0NYclg2eU82bWRyWEN4WGUxYXFFdWpzYWNNaWFOM19wc3c4QnN4dEJ0SkpUeHVUd2RCaUFOc0dtbUxwU044ejVsdXJYN1NuVVpRX2JIMllzOGo1RTVCcDNSRmFMMVp1ZnNYTmoxbWFibmh0NHNsRWNraTQ2MHNPdlFJdkYxcUppSWlsLVQyX29TZWU2d0RZQkFvZ2vSAbABQVVfeXFMUGM2WjN1YklfTUI0TmNRenRSbk5SM3B1UmN1ZWNSUVhKeHpKQnlBbUxLTGlhR2tuU19mMHFIeWZ0NldOelhZLTVaeUxjODBzYzFCMTN1azM2YmVIYXpmcnJvRUNUa0EwenVPblVqX0txb0wyMU53WXE3MV9uVUJVcGp0M2FDQ0pFaEZPNWR1SHktNEpSMV9LR2FRYllFWDBQY0N5WV9xakdDeFp0cmpJNzE?oc=5\" target=\"_blank\" rel=\"nofollow noopener\">Avance del cap\u00edtulo de \u2018La Promesa\u2019 de hoy: Federico cambia de opini\u00f3n respecto a Vera<\/a>&nbsp;&nbsp;OkDiario<\/li>\n<li><a href=\"https:\/\/news.google.com\/rss\/articles\/CBMi3AFBVV95cUxOTDc3RlN3c1JtdGl2OXBDaTUwZUpfekNqMDRSSXpLam80WjVJMHJ0SG5XM21SM0R0OG5Ddkt2Q3MxQTB0VXcyNU9jSTcxdjI0d2VsejVjd1VPZm5iZ1JKZ2dFU3FETDRFcWpSSEo2WVJhd2V3b1ZPQ3dPbFdXak9Na1VqenAzWG91d2hrWm5hNTROU2NrMU1YVDd0YW4yVUdQc1VMTF9Wc3d5UkZxX1dhUXItX2t6TFl3dEV0M1RjdmNOMU4wQWRBS3p1a1JoUVhOcEdtU01LS3V2S1c20gHwAUFVX3lxTFBKXzY0aXJkNVFWNVdqM2M2Y0hsZmxJRzJ1OXVFcmFkNTJBMHAwcm9QNHhWbHRBS2Z2YnJjNmtDLU5mZjVDN0hKclhtODZEdm5mTlp0ZGZWZ0tvaUc5TzBlV25ESG5uRm9VRW9JNjFtUzFNNzY4Z29ncGFjVUN6cWEwN0ZiT0hLNlM2aURnM1VNWm01N0ZFdDk0al9aanFsN2lTV2RkQzBmNWROXzd6VENKMjl6TFJyLV9TbnJiQ015RUpoek1JTHhfWjlqdXF4T2tJdTFYeEpBX3ZBSmc1Qnh1TEZmV3ZYWHlMWmk3dmlneg?oc=5\" target=\"_blank\" rel=\"nofollow noopener\">Semana cr\u00edtica en \u00abLa Promesa\u00bb: el amor de \u00c1ngela y Curro frente al chantaje de Leocadia<\/a>&nbsp;&nbsp;La Raz\u00f3n<\/li>\n<li><a href=\"https:\/\/news.google.com\/rss\/articles\/CBMitgFBVV95cUxNdk1uR2F1NVFTRFBQQlN0VGZJYVgtel9BMzkzb0R2aXJQa3kwOVhyTEYxaVZFRVFWUkVCM0NZMXFTdHFuekJhYUkyQXRQV0pVSnhNSnQyeW5MNk5UVkFaX0dubW1XdktxeWpNemdjZ1h0ZTZvX3pNY2dHdEpoTzZTSVNobmpSMms1ckRwaXR6YzA4WDlqT2xuYVhYajhCckUyTk91M3kxYW91V1JkdE8zRkxuRVZEUQ?oc=5\" target=\"_blank\" rel=\"nofollow noopener\">&#8216;La Promesa\u2019: Avance del cap\u00edtulo 686, martes 30 de septiembre: Federico cambia de opini\u00f3n<\/a>&nbsp;&nbsp;Lecturas<\/li>\n<\/ol>\n","protected":false},"excerpt":{"rendered":"Avance de &#8216;La Promesa&#8217;, cap\u00edtulo 687 de este mi\u00e9rcoles 1 de octubre: Petra empeora dr\u00e1sticamente&nbsp;&nbsp;El Mundo Avance del&hellip;\n","protected":false},"author":2,"featured_media":149318,"comment_status":"","ping_status":"","sticky":false,"template":"","format":"standard","meta":{"footnotes":""},"categories":[91],"tags":[11030,146,147,25,24,11031,805,23,807,11029,6761],"class_list":{"0":"post-149317","1":"post","2":"type-post","3":"status-publish","4":"format-standard","5":"has-post-thumbnail","7":"category-entretenimiento","8":"tag-cineseries","9":"tag-entertainment","10":"tag-entretenimiento","11":"tag-es","12":"tag-espana","13":"tag-la-promesa","14":"tag-series","15":"tag-spain","16":"tag-television","17":"tag-television-series","18":"tag-tresb"},"share_on_mastodon":{"url":"","error":""},"_links":{"self":[{"href":"https:\/\/www.europesays.com\/es\/wp-json\/wp\/v2\/posts\/149317","targetHints":{"allow":["GET"]}}],"collection":[{"href":"https:\/\/www.europesays.com\/es\/wp-json\/wp\/v2\/posts"}],"about":[{"href":"https:\/\/www.europesays.com\/es\/wp-json\/wp\/v2\/types\/post"}],"author":[{"embeddable":true,"href":"https:\/\/www.europesays.com\/es\/wp-json\/wp\/v2\/users\/2"}],"replies":[{"embeddable":true,"href":"https:\/\/www.europesays.com\/es\/wp-json\/wp\/v2\/comments?post=149317"}],"version-history":[{"count":0,"href":"https:\/\/www.europesays.com\/es\/wp-json\/wp\/v2\/posts\/149317\/revisions"}],"wp:featuredmedia":[{"embeddable":true,"href":"https:\/\/www.europesays.com\/es\/wp-json\/wp\/v2\/media\/149318"}],"wp:attachment":[{"href":"https:\/\/www.europesays.com\/es\/wp-json\/wp\/v2\/media?parent=149317"}],"wp:term":[{"taxonomy":"category","embeddable":true,"href":"https:\/\/www.europesays.com\/es\/wp-json\/wp\/v2\/categories?post=149317"},{"taxonomy":"post_tag","embeddable":true,"href":"https:\/\/www.europesays.com\/es\/wp-json\/wp\/v2\/tags?post=149317"}],"curies":[{"name":"wp","href":"https:\/\/api.w.org\/{rel}","templated":true}]}}