{"id":149326,"date":"2025-09-30T20:26:26","date_gmt":"2025-09-30T20:26:26","guid":{"rendered":"https:\/\/www.europesays.com\/es\/149326\/"},"modified":"2025-09-30T20:26:26","modified_gmt":"2025-09-30T20:26:26","slug":"zaragoza-refuerza-la-campana-no-es-no-con-un-foco-en-la-violencia-digital-y-espacios-seguros-en-las-fiestas-del-pilar-noticia-ayuntamiento-de-zaragoza","status":"publish","type":"post","link":"https:\/\/www.europesays.com\/es\/149326\/","title":{"rendered":"Zaragoza refuerza la campa\u00f1a &#8216;No es no&#8217; con un foco en la violencia digital y espacios seguros en las Fiestas del Pilar. Noticia. Ayuntamiento de Zaragoza"},"content":{"rendered":"<p>      Cuerpo de la noticia<\/p>\n<p data-end=\"619\" data-start=\"206\">El Ayuntamiento de Zaragoza ha presentado una nueva edici\u00f3n de la campa\u00f1a No es no, coincidiendo con el arranque de las Fiestas del Pilar 2025. Este a\u00f1o, la iniciativa pone el acento en la violencia digital y en el control que puede ejercerse a trav\u00e9s de redes sociales, aplicaciones de mensajer\u00eda o plataformas de citas, recordando que un like, un match o un emoji de fueguito no implican consentimiento.<\/p>\n<p data-end=\"976\" data-start=\"621\">La consejera de Pol\u00edticas Sociales, Marian Or\u00f3s, ha se\u00f1alado que la campa\u00f1a busca \u00abhablar el mismo lenguaje de los j\u00f3venes para promover relaciones afectivas saludables y respetuosas\u00bb. Los mensajes podr\u00e1n verse en mupis digitales, autobuses urbanos y redes sociales hasta el 13 de octubre, adem\u00e1s de proyectarse en las pantallas antes de los conciertos.<\/p>\n<p>Ocho Espacios Seguros<\/p>\n<p data-end=\"1571\" data-start=\"1006\">Como parte de la estrategia de prevenci\u00f3n, Zaragoza contar\u00e1 con ocho Espacios Seguros repartidos por los principales puntos de la ciudad: Plaza del Pilar, Recinto Ferial, Estaci\u00f3n del Norte, Jard\u00edn de Invierno, Fiesta Viral Light, PopyRock en plaza Merino, las foodtrucks del parque San Pablo y Espacio Zity. Estos puntos ofrecer\u00e1n informaci\u00f3n, apoyo y asesoramiento a personas que puedan sufrir situaciones de violencia o agresiones, y ampliar\u00e1n su cobertura a la reducci\u00f3n de riesgos vinculados al consumo de sustancias, la conducci\u00f3n o las relaciones sexuales.<\/p>\n<p data-end=\"1757\" data-start=\"1573\">Adem\u00e1s, se repartir\u00e1n materiales de sensibilizaci\u00f3n como pegatinas, pulseras, tatuajes temporales y tapavasos, junto con informaci\u00f3n pr\u00e1ctica de los recursos municipales disponibles.<\/p>\n<p>Un protocolo para fiestas seguras<\/p>\n<p data-end=\"2200\" data-start=\"1799\">La campa\u00f1a se completa con el protocolo de actuaci\u00f3n en espacios de ocio y con la iniciativa de Taxi seguro, en colaboraci\u00f3n con el sector del transporte urbano, que garantiza un desplazamiento seguro durante los d\u00edas festivos. Tambi\u00e9n se han organizado cuatro sesiones de masterclass de defensa personal, en colaboraci\u00f3n con la Universidad de Zaragoza, los d\u00edas 30 de septiembre y 2 de octubre.<\/p>\n<p data-end=\"2364\" data-start=\"2202\">Con estas acciones, el Ayuntamiento refuerza su compromiso con unas fiestas inclusivas y seguras, en las que la diversi\u00f3n y el respeto vayan siempre de la mano.<\/p>\n","protected":false},"excerpt":{"rendered":"Cuerpo de la noticia El Ayuntamiento de Zaragoza ha presentado una nueva edici\u00f3n de la campa\u00f1a No es&hellip;\n","protected":false},"author":2,"featured_media":149327,"comment_status":"","ping_status":"","sticky":false,"template":"","format":"standard","meta":{"footnotes":""},"categories":[5],"tags":[17,18,25,24,13,14,11,19,20,9,10,15,16,23,12,21,22],"class_list":{"0":"post-149326","1":"post","2":"type-post","3":"status-publish","4":"format-standard","5":"has-post-thumbnail","7":"category-titulares","8":"tag-breaking-news","9":"tag-breakingnews","10":"tag-es","11":"tag-espana","12":"tag-featured-news","13":"tag-featurednews","14":"tag-headlines","15":"tag-latest-news","16":"tag-latestnews","17":"tag-news","18":"tag-noticias","19":"tag-noticias-destacadas","20":"tag-noticiasdestacadas","21":"tag-spain","22":"tag-titulares","23":"tag-ultimas-noticias","24":"tag-ultimasnoticias"},"share_on_mastodon":{"url":"","error":""},"_links":{"self":[{"href":"https:\/\/www.europesays.com\/es\/wp-json\/wp\/v2\/posts\/149326","targetHints":{"allow":["GET"]}}],"collection":[{"href":"https:\/\/www.europesays.com\/es\/wp-json\/wp\/v2\/posts"}],"about":[{"href":"https:\/\/www.europesays.com\/es\/wp-json\/wp\/v2\/types\/post"}],"author":[{"embeddable":true,"href":"https:\/\/www.europesays.com\/es\/wp-json\/wp\/v2\/users\/2"}],"replies":[{"embeddable":true,"href":"https:\/\/www.europesays.com\/es\/wp-json\/wp\/v2\/comments?post=149326"}],"version-history":[{"count":0,"href":"https:\/\/www.europesays.com\/es\/wp-json\/wp\/v2\/posts\/149326\/revisions"}],"wp:featuredmedia":[{"embeddable":true,"href":"https:\/\/www.europesays.com\/es\/wp-json\/wp\/v2\/media\/149327"}],"wp:attachment":[{"href":"https:\/\/www.europesays.com\/es\/wp-json\/wp\/v2\/media?parent=149326"}],"wp:term":[{"taxonomy":"category","embeddable":true,"href":"https:\/\/www.europesays.com\/es\/wp-json\/wp\/v2\/categories?post=149326"},{"taxonomy":"post_tag","embeddable":true,"href":"https:\/\/www.europesays.com\/es\/wp-json\/wp\/v2\/tags?post=149326"}],"curies":[{"name":"wp","href":"https:\/\/api.w.org\/{rel}","templated":true}]}}