{"id":149330,"date":"2025-09-30T20:28:11","date_gmt":"2025-09-30T20:28:11","guid":{"rendered":"https:\/\/www.europesays.com\/es\/149330\/"},"modified":"2025-09-30T20:28:11","modified_gmt":"2025-09-30T20:28:11","slug":"jesulin-de-ubrique-vuelve-a-los-ruedos-como-cabeza-de-cartel-del-festival-taurino-de-guillena","status":"publish","type":"post","link":"https:\/\/www.europesays.com\/es\/149330\/","title":{"rendered":"Jesul\u00edn de Ubrique vuelve a los ruedos como cabeza de cartel del Festival Taurino de Guillena"},"content":{"rendered":"<p><img decoding=\"async\" class=\"voc-author__img\" src=\"https:\/\/s3.abcstatics.com\/comun\/2015\/img\/autor\/autor-7335-foto-3.jpeg\" alt=\"Jos\u00e9 Manuel Pe\u00f1a\"\/><\/p>\n<p>30\/09\/2025<br \/>\n<br \/><strong><br \/>\nActualizado a las 13:26h.<br \/>\n<\/strong><\/p>\n<p class=\"voc-p\" style=\"\">En la tarde de este lunes 29 de septiembre se ha presentado oficialmente en el Sal\u00f3n de Plenos del Ayuntamiento de Guillena la <strong>III edici\u00f3n del Festival Taurino Ben\u00e9fico<\/strong> de la localidad, un destacado evento que se <strong>celebrar\u00e1 el pr\u00f3ximo 18 de octubre<\/strong> en su hist\u00f3rica plaza. Y donde podremos de nuevo ver pisar los ruedos-en este caso vestido de corto-al maestro <strong>Jesul\u00edn de Ubrique<\/strong>.<\/p>\n<p class=\"voc-p\" style=\"\">El festival, impulsado por el reconocido taurino y joven empresario sevillano <strong>Manuel Exp\u00f3sito<\/strong>, contar\u00e1 con un cartel de  lujo y tendr\u00e1 un marcado car\u00e1cter solidario. <strong>Los fondos recaudados se destinar\u00e1n \u00edntegramente a la familia de Dolores Romero Florido<\/strong>, vecina fallecida recientemente en un tr\u00e1gico incendio en Alcal\u00e1 de Guada\u00edra. El evento servir\u00e1 tambi\u00e9n como homenaje p\u00f3stumo a su memoria.<\/p>\n<p class=\"voc-p\" style=\"\">Durante la presentaci\u00f3n han estado presentes el alcalde de Guillena, <strong>Lorenzo Medina<\/strong>, el maestro J<strong>uan Antonio Ruiz &#8216;Espartaco&#8217;<\/strong>, ganadero de las reses que se lidiar\u00e1n en el festival; los diestros <strong>Jesul\u00edn de Ubrique<\/strong> y <strong>Manuel Escribano<\/strong>; el artista <strong>Paco Candela<\/strong>, quien ofrecer\u00e1 su cante durante el festejo; el propio Manuel Exp\u00f3sito, promotor del evento; y el empresario taurino <strong>Jorge Cuti\u00f1o<\/strong>, encargado de la coordinaci\u00f3n. Cabe se\u00f1alar tambi\u00e9n la presencia de <strong>Gabriel Fern\u00e1ndez Rey<\/strong>, presidente de la plaza de toros de la Real Maestranza de Caballer\u00eda de Sevilla. La presentaci\u00f3n fue conducida por el periodista taurino <strong>Emilio Trigo<\/strong>.<\/p>\n<p class=\"voc-p\" style=\"\">El festival, que <strong>dar\u00e1 comienzo a las 17:00 horas<\/strong>, contar\u00e1 con la lidia de novillos-toros de la <strong>ganader\u00eda de Espartaco<\/strong> y reunir\u00e1 a un plantel de primeras figuras del toreo anunci\u00e1ndose: <strong>Jesul\u00edn de Ubrique, David Fandila &#8216;El Fandi&#8217;, Manuel Escribano, David de Miranda, Gin\u00e9s Mar\u00edn<\/strong> y el novillero sin caballos triunfador del XXXI Ciclo de Andaluc\u00eda, <strong>Javier Torres &#8216;Bombita&#8217;<\/strong>. <\/p>\n<p class=\"voc-p\" style=\"\">El escenario ser\u00e1 la emblem\u00e1tica plaza de toros de Guillena, considerada el coso m\u00e1s antiguo de la provincia de Sevilla, construido sobre el patio de armas de un castillo musulm\u00e1n del siglo XV, lo que le confiere un car\u00e1cter \u00fanico.<\/p>\n<p>Reportar un error<\/p>\n","protected":false},"excerpt":{"rendered":"30\/09\/2025 Actualizado a las 13:26h. En la tarde de este lunes 29 de septiembre se ha presentado oficialmente&hellip;\n","protected":false},"author":2,"featured_media":149331,"comment_status":"","ping_status":"","sticky":false,"template":"","format":"standard","meta":{"footnotes":""},"categories":[277],"tags":[373,1067,4398,168,25,24,3931,45331,5570,5573,23,167,4953,374,5571,45520],"class_list":{"0":"post-149330","1":"post","2":"type-post","3":"status-publish","4":"format-standard","5":"has-post-thumbnail","7":"category-toreo","8":"tag-bullfighting","9":"tag-cabeza","10":"tag-cartel","11":"tag-deportes","12":"tag-es","13":"tag-espana","14":"tag-festival","15":"tag-guillena","16":"tag-jesulin","17":"tag-ruedos","18":"tag-spain","19":"tag-sports","20":"tag-taurino","21":"tag-toreo","22":"tag-ubrique","23":"tag-vulve"},"share_on_mastodon":{"url":"","error":""},"_links":{"self":[{"href":"https:\/\/www.europesays.com\/es\/wp-json\/wp\/v2\/posts\/149330","targetHints":{"allow":["GET"]}}],"collection":[{"href":"https:\/\/www.europesays.com\/es\/wp-json\/wp\/v2\/posts"}],"about":[{"href":"https:\/\/www.europesays.com\/es\/wp-json\/wp\/v2\/types\/post"}],"author":[{"embeddable":true,"href":"https:\/\/www.europesays.com\/es\/wp-json\/wp\/v2\/users\/2"}],"replies":[{"embeddable":true,"href":"https:\/\/www.europesays.com\/es\/wp-json\/wp\/v2\/comments?post=149330"}],"version-history":[{"count":0,"href":"https:\/\/www.europesays.com\/es\/wp-json\/wp\/v2\/posts\/149330\/revisions"}],"wp:featuredmedia":[{"embeddable":true,"href":"https:\/\/www.europesays.com\/es\/wp-json\/wp\/v2\/media\/149331"}],"wp:attachment":[{"href":"https:\/\/www.europesays.com\/es\/wp-json\/wp\/v2\/media?parent=149330"}],"wp:term":[{"taxonomy":"category","embeddable":true,"href":"https:\/\/www.europesays.com\/es\/wp-json\/wp\/v2\/categories?post=149330"},{"taxonomy":"post_tag","embeddable":true,"href":"https:\/\/www.europesays.com\/es\/wp-json\/wp\/v2\/tags?post=149330"}],"curies":[{"name":"wp","href":"https:\/\/api.w.org\/{rel}","templated":true}]}}