{"id":149350,"date":"2025-09-30T20:42:09","date_gmt":"2025-09-30T20:42:09","guid":{"rendered":"https:\/\/www.europesays.com\/es\/149350\/"},"modified":"2025-09-30T20:42:09","modified_gmt":"2025-09-30T20:42:09","slug":"james-gunn-y-sus-planes-con-un-gran-personaje-de-batman-en-el-universo-dc","status":"publish","type":"post","link":"https:\/\/www.europesays.com\/es\/149350\/","title":{"rendered":"James Gunn y sus planes con un gran personaje de \u2018Batman\u2019 en el Universo DC"},"content":{"rendered":"<p class=\"\">El <b>Universo DC<\/b> de <a href=\"https:\/\/as.com\/meristation\/cine\/the-batman-parte-ii-empieza-a-ver-la-luz-pero-james-gunn-se-harta-de-los-fans-dejad-de-molestar-a-matt-n\/\" target=\"_blank\" rel=\"nofollow noopener\" title=\"https:\/\/as.com\/meristation\/cine\/the-batman-parte-ii-empieza-a-ver-la-luz-pero-james-gunn-se-harta-de-los-fans-dejad-de-molestar-a-matt-n\/\"><b>James Gunn<\/b><\/a> arranc\u00f3 a lo grande con el estreno de &#8216;<b>Superman<\/b>\u2018, pero las dudas en torno a uno de los personajes m\u00e1s m\u00edticos de la compa\u00f1\u00eda est\u00e1n ah\u00ed. <b>Batman<\/b> y todo lo que tenga que ver con el popular h\u00e9roe es uno de los puntos m\u00e1s importantes en el futuro de DC, y Gunn ha hablado sobre un m\u00edtico personaje sobre el que ya tiene planes.<\/p>\n<p class=\"\">Se trata de <b>Selina Kyle<\/b>, m\u00e1s conocida como <b>Catwoman<\/b>, y ante la pregunta de un seguidor en Threads sobre si James Gunn ten\u00eda planes o inter\u00e9s en llevar el personajes al Universo DC, el director de \u2018Superman\u2019 no dud\u00f3 en responder que \u00ab<b>por supuesto<\/b>\u201c. <\/p>\n<p><img decoding=\"async\" src=\"https:\/\/www.europesays.com\/es\/wp-content\/uploads\/2025\/09\/LVP4I7YIKZCR3OISF5HLI46A2U.jpg\" alt=\"Batman Catwoman\" class=\"mm__img\"   width=\"1250\" height=\"913\" loading=\"lazy\"\/><\/p>\n<p>Ampliar<\/p>\n<p>Un personaje sobre el que James Gunn tiene planes en su Universo DC<\/p>\n<p class=\"\">Catwoman es de forma indiscutible uno de los personajes m\u00e1s emblem\u00e1ticos de Batman, y la respuesta de Gunn hace so\u00f1ar a muchos fan\u00e1ticos con que, en alg\u00fan momento, la veremos. Tras confirmarse que <a href=\"https:\/\/as.com\/meristation\/cine\/the-batman-2-dara-un-importante-giro-al-superheroe-no-se-ha-hecho-nunca-de-esta-manera-n\/\" target=\"_blank\" rel=\"noreferrer nofollow noopener\" title=\"https:\/\/as.com\/meristation\/cine\/the-batman-2-dara-un-importante-giro-al-superheroe-no-se-ha-hecho-nunca-de-esta-manera-n\/\"><b>Robert Pattinson<\/b><\/a> no ser\u00e1 el Batman del actual DCU, tampoco Zo\u00eb Kravitz ser\u00eda la nueva Selina Kyle.<\/p>\n<p class=\"\">Uno de los aspectos que m\u00e1s expectativas levanta en la actualidad en torno a todo lo que tenga que ver con James Gunn y su Universo DC es qui\u00e9n acabar\u00e1 siendo su futuro Batman y ahora tambi\u00e9n Catwoman. Un personaje clave y que acostumbra a tener un enorme \u00e9xito en la gran pantalla, pero todav\u00eda habr\u00e1 que esperar para ver en cines \u2018Batman: The Brave and the Bold\u2019.<\/p>\n<p>Noticias relacionadas<\/p>\n<p class=\"\">Suscr\u00edbete al <a href=\"https:\/\/www.youtube.com\/@meristation\" target=\"_self\" rel=\"nofollow noopener\" title=\"https:\/\/www.youtube.com\/@meristation\">canal de MeriStation en YouTube<\/a>, tu web de videojuegos y entretenimiento para conocer todas las noticias y novedades sobre el mundo del videojuego, cine, series, manga y anime. An\u00e1lisis, entrevistas, tr\u00e1ileres, gameplays, p\u00f3dcast y mucho m\u00e1s. Tambi\u00e9n te animamos a seguir <a href=\"https:\/\/www.tiktok.com\/@meristation\" rel=\"nofollow noopener\" title=\"https:\/\/www.tiktok.com\/@meristation\" target=\"_blank\">nuestra cuenta de TikTok<\/a>. <\/p>\n<p class=\"\">\u00a1S\u00edguenos en ambas y, si est\u00e1s interesado en licenciar este contenido, pincha <a href=\"https:\/\/profesional.elpais.com\/soluciones-sindicacion?utm_medium=interno&amp;utm_source=crosslinking&amp;utm_campaign=sindicacion_as_pie_articulos\" target=\"_blank\" rel=\"nofollow noopener\" title=\"https:\/\/profesional.elpais.com\/soluciones-sindicacion?utm_medium=interno&amp;utm_source=crosslinking&amp;utm_campaign=sindicacion_as_pie_articulos\">aqu\u00ed<\/a>!<\/p>\n<p><script async src=\"\/\/www.tiktok.com\/embed.js\"><\/script><\/p>\n","protected":false},"excerpt":{"rendered":"El Universo DC de James Gunn arranc\u00f3 a lo grande con el estreno de &#8216;Superman\u2018, pero las dudas&hellip;\n","protected":false},"author":2,"featured_media":149351,"comment_status":"","ping_status":"","sticky":false,"template":"","format":"standard","meta":{"footnotes":""},"categories":[169],"tags":[177,146,147,25,24,176,175,23],"class_list":{"0":"post-149350","1":"post","2":"type-post","3":"status-publish","4":"format-standard","5":"has-post-thumbnail","7":"category-cine","8":"tag-cine","9":"tag-entertainment","10":"tag-entretenimiento","11":"tag-es","12":"tag-espana","13":"tag-film","14":"tag-movies","15":"tag-spain"},"share_on_mastodon":{"url":"","error":""},"_links":{"self":[{"href":"https:\/\/www.europesays.com\/es\/wp-json\/wp\/v2\/posts\/149350","targetHints":{"allow":["GET"]}}],"collection":[{"href":"https:\/\/www.europesays.com\/es\/wp-json\/wp\/v2\/posts"}],"about":[{"href":"https:\/\/www.europesays.com\/es\/wp-json\/wp\/v2\/types\/post"}],"author":[{"embeddable":true,"href":"https:\/\/www.europesays.com\/es\/wp-json\/wp\/v2\/users\/2"}],"replies":[{"embeddable":true,"href":"https:\/\/www.europesays.com\/es\/wp-json\/wp\/v2\/comments?post=149350"}],"version-history":[{"count":0,"href":"https:\/\/www.europesays.com\/es\/wp-json\/wp\/v2\/posts\/149350\/revisions"}],"wp:featuredmedia":[{"embeddable":true,"href":"https:\/\/www.europesays.com\/es\/wp-json\/wp\/v2\/media\/149351"}],"wp:attachment":[{"href":"https:\/\/www.europesays.com\/es\/wp-json\/wp\/v2\/media?parent=149350"}],"wp:term":[{"taxonomy":"category","embeddable":true,"href":"https:\/\/www.europesays.com\/es\/wp-json\/wp\/v2\/categories?post=149350"},{"taxonomy":"post_tag","embeddable":true,"href":"https:\/\/www.europesays.com\/es\/wp-json\/wp\/v2\/tags?post=149350"}],"curies":[{"name":"wp","href":"https:\/\/api.w.org\/{rel}","templated":true}]}}