{"id":149360,"date":"2025-09-30T20:48:12","date_gmt":"2025-09-30T20:48:12","guid":{"rendered":"https:\/\/www.europesays.com\/es\/149360\/"},"modified":"2025-09-30T20:48:12","modified_gmt":"2025-09-30T20:48:12","slug":"estamos-sufriendo-una-invasion-interna-trump-justifica-ante-los-altos-mandos-del-ejercito-de-ee-uu-el-despliegue-de-tropas-dentro-de-su-pais","status":"publish","type":"post","link":"https:\/\/www.europesays.com\/es\/149360\/","title":{"rendered":"\u00abEstamos sufriendo una invasi\u00f3n interna\u00bb: Trump justifica ante los altos mandos del ej\u00e9rcito de EE.UU. el despliegue de tropas dentro de su pa\u00eds"},"content":{"rendered":"<p><img fetchpriority=\"high\" decoding=\"async\" src=\"https:\/\/www.europesays.com\/es\/wp-content\/uploads\/2025\/09\/95f06d00-9e1c-11f0-a5c6-afce0def12b6.png.webp.webp\"   alt=\"Donald Trump se\u00f1ala con su mano derecha al p\u00fablico\" loading=\"eager\" width=\"1222\" height=\"687\" style=\"aspect-ratio:1222 \/ 687\" class=\"bbc-139onq\"\/><\/p>\n<p class=\"bbc-by8ykd\" role=\"text\">Fuente de la imagen, Reuters<\/p>\n<p>Pie de foto, Trump prometi\u00f3 continuar con el despliegue de fuerzas federales en ciudades con problemas de criminalidad de EE.UU.<strong id=\"article-byline\" aria-hidden=\"true\" class=\"bbc-m04vo2\">Informaci\u00f3n del art\u00edculo<\/strong><\/p>\n<ul class=\"bbc-1rvtlej\">\n<li class=\"bbc-oe8da4\">\n<ul role=\"list\" class=\"bbc-r1yif8\">\n<li>Autor, Will Grant, Bernd Debusmann Jr y James FitzGerald<\/li>\n<li>T\u00edtulo del autor,  BBC News<\/li>\n<\/ul>\n<\/li>\n<li class=\"bbc-1clfxfc\">30 septiembre 2025, 17:08 GMT\n<p>Actualizado 2 horas<\/p>\n<\/li>\n<li class=\"bbc-1clfxfc\"\/><\/ul>\n<p dir=\"ltr\" class=\"bbc-hhl7in e17g058b0\"><b>En un encuentro sin precedentes con los m\u00e1s altos mandos militares de Estados Unidos, el presidente Donald Trump justific\u00f3 su pol\u00e9mico despliegue de tropas en ciudades del pa\u00eds por lo que, dijo, es una \u00abinvasi\u00f3n interior\u00bb de extranjeros.<\/b><\/p>\n<p dir=\"ltr\" class=\"bbc-hhl7in e17g058b0\">Los altos mandos escucharon en silencio mientras el presidente hablaba largo y tendido sobre tales \u00abenemigos\u00bb, dando a entender que continuar\u00e1 con su controvertida pol\u00edtica de utilizar al ej\u00e9rcito para hacer cumplir la ley. <\/p>\n<p dir=\"ltr\" class=\"bbc-hhl7in e17g058b0\">Habl\u00f3 de \u00abuna guerra desde dentro\u00bb en referencia a su percepci\u00f3n de los \u00edndices de criminalidad en ciudades como San Francisco, Chicago, Nueva York y Los \u00c1ngeles. <\/p>\n<p dir=\"ltr\" class=\"bbc-hhl7in e17g058b0\">Culp\u00f3 a lo que \u00e9l denomin\u00f3 como \u00abdem\u00f3cratas radicales de izquierda\u00bb por convertir a estas ciudades en \u00ablugares muy inseguros\u00bb. <\/p>\n<p dir=\"ltr\" class=\"bbc-hhl7in e17g058b0\">Sus comentarios se producen tras el anuncio durante el fin de semana de que se desplegar\u00edan tropas en Portland, Oreg\u00f3n, aunque el gobierno del estado ha presentado un recurso legal para intentar impedir que el despliegue se lleve a cabo. <\/p>\n<p dir=\"ltr\" class=\"bbc-hhl7in e17g058b0\">\u00abSolo en las \u00faltimas d\u00e9cadas los pol\u00edticos llegaron a creer que nuestra labor consiste en vigilar los confines de Kenia y Somalia, mientras Estados Unidos sufre una invasi\u00f3n interna\u00bb, dijo Trump al referirse a migrantes procedentes de todo el mundo, incluidos los de Am\u00e9rica Latina.<\/p>\n<p dir=\"ltr\" class=\"bbc-hhl7in e17g058b0\">\u00abEstamos sufriendo una invasi\u00f3n interna. No es diferente a un enemigo extranjero, pero es m\u00e1s dif\u00edcil en muchos sentidos porque no llevan uniforme. Al menos cuando llevan uniforme, se les puede eliminar. Estas personas no tienen uniforme. Pero estamos siendo invadidos desde dentro. Lo estamos deteniendo muy r\u00e1pidamente\u00bb, dijo el mandatario.<\/p>\n<p dir=\"ltr\" class=\"bbc-hhl7in e17g058b0\">Trump insisti\u00f3 en su idea de que migrantes procedentes de \u00abinstituciones mentales\u00bb y pandillas de Venezuela y \u00abde toda Sudam\u00e9rica\u00bb llegaron masivamente al pa\u00eds.<\/p>\n<p dir=\"ltr\" class=\"bbc-hhl7in e17g058b0\">\u00abDespu\u00e9s de gastar billones de d\u00f3lares en defender las fronteras de pa\u00edses extranjeros, con su ayuda, a partir de ahora defenderemos las fronteras de nuestro pa\u00eds. No vamos a permitir que esto suceda. [El expresidente] Biden dej\u00f3 entrar a personas de prisiones, instituciones mentales, traficantes de drogas, asesinos\u00bb, asever\u00f3.<\/p>\n<p><img decoding=\"async\" src=\"https:\/\/www.europesays.com\/es\/wp-content\/uploads\/2025\/09\/29c00b90-9e1c-11f0-928c-71dbb8619e94.png.webp.webp\"   alt=\"Jefes militares de EE.UU. sentados en un auditorio escuchan el discurso de Trump\" loading=\"lazy\" width=\"1237\" height=\"824\" style=\"aspect-ratio:1237 \/ 824\" class=\"bbc-139onq\"\/><\/p>\n<p class=\"bbc-by8ykd\" role=\"text\">Fuente de la imagen, Reuters<\/p>\n<p>Pie de foto, Cientos de altos mandos del Ej\u00e9rcito, la Marina y otras fuerzas participaron en la reuni\u00f3n.<\/p>\n<p dir=\"ltr\" class=\"bbc-hhl7in e17g058b0\">Por ello asegur\u00f3 que adem\u00e1s de cerrar la frontera y limitar la migraci\u00f3n, despleg\u00f3 a la Guardia Nacional y fuerzas militares en ciudades como Washington DC para \u00ablimpiarlas\u00bb de la criminalidad.<\/p>\n<p dir=\"ltr\" class=\"bbc-hhl7in e17g058b0\">\u00abEso tambi\u00e9n es una guerra. Es una guerra desde dentro\u00bb, se\u00f1al\u00f3, adem\u00e1s de prometer m\u00e1s despliegues pen otras metr\u00f3polis con altos \u00edndices delictivos. \u00abLe dije a Pete [Hegseth] que deber\u00edamos utilizar algunas de estas ciudades peligrosas como campos de entrenamiento para nuestro ej\u00e9rcito, la Guardia Nacional, porque muy pronto iremos a Chicago. Es una gran ciudad con un gobernador incompetente. Un gobernador est\u00fapido\u00bb.<\/p>\n<p dir=\"ltr\" class=\"bbc-hhl7in e17g058b0\">Los dem\u00f3cratas y otros cr\u00edticos del uso de tropas dentro de EE.UU. han se\u00f1alado que el presidente se est\u00e1 extralimitando en su poder con el uso de fuerzas federales, adem\u00e1s de que esto limita las libertades de los ciudadanos.<\/p>\n<p dir=\"ltr\" class=\"bbc-hhl7in e17g058b0\">En la reuni\u00f3n de este martes hab\u00eda cientos de altos mandos militares, entre ellos generales y almirantes desplegados por todo el mundo, quienes escucharon en silencio los mensajes de Trump y Hegseth.<\/p>\n<p><img decoding=\"async\" src=\"https:\/\/www.europesays.com\/es\/wp-content\/uploads\/2025\/09\/a7a688a0-9e1b-11f0-b741-177e3e2c2fc7.png.webp.webp\"   alt=\"Pete Hegseth habla frente a militares en Virginia\" loading=\"lazy\" width=\"1249\" height=\"831\" style=\"aspect-ratio:1249 \/ 831\" class=\"bbc-139onq\"\/><\/p>\n<p class=\"bbc-by8ykd\" role=\"text\">Fuente de la imagen, Reuters<\/p>\n<p>Pie de foto, El secretario Hegseth dijo que el ej\u00e9rcito de EE.UU. debe recuperar su \u00abesp\u00edritu guerrero\u00bb.<\/p>\n<p>\u00abEl m\u00e1s alto nivel masculino\u00bb<\/p>\n<p dir=\"ltr\" class=\"bbc-hhl7in e17g058b0\">Antes del discurso de Trump, su secretario de Defensa anunci\u00f3 que el ej\u00e9rcito exigir\u00e1 a su personal que cumplan el \u00abm\u00e1s alto nivel masculino\u00bb en las pruebas de aptitud f\u00edsica, reconociendo que la medida puede excluir a algunas mujeres del servicio.<\/p>\n<p dir=\"ltr\" class=\"bbc-hhl7in e17g058b0\">\u00abLas normas deben ser uniformes, neutras en cuanto al g\u00e9nero y estrictas\u00bb, dijo Hegseth a los altos mandos militares.<\/p>\n<p dir=\"ltr\" class=\"bbc-hhl7in e17g058b0\">El mensaje de Hegseth se centr\u00f3 en la cultura del ej\u00e9rcito estadounidense, la formaci\u00f3n, el liderazgo y la \u00abcorrecci\u00f3n de d\u00e9cadas de decadencia\u00bb, incluidos los programas DEI (diversidad, equidad e inclusi\u00f3n) y el fomento de un cuerpo de oficiales \u00abreacios al riesgo\u00bb.<\/p>\n<p dir=\"ltr\" class=\"bbc-hhl7in e17g058b0\">El secretario se\u00f1al\u00f3 que muchos oficiales se hab\u00edan sentido desconcertados por las \u00abdistracciones del cambio clim\u00e1tico\u00bb, la \u00abbasura woke\u00bb y el temor a ser tachados de l\u00edderes \u00abt\u00f3xicos\u00bb.<\/p>\n<p dir=\"ltr\" class=\"bbc-hhl7in e17g058b0\">Adem\u00e1s de anunciar cambios en las normas de aptitud f\u00edsica, Hegseth prometi\u00f3 poner fin a la \u00abera de las apariencias poco profesionales\u00bb, incluidas las licencias para usar barba, y a los procedimientos para hacer denuncias an\u00f3nimas, como parte de cambios m\u00e1s amplios en los departamentos.<\/p>\n<p dir=\"ltr\" class=\"bbc-hhl7in e17g058b0\">Tambi\u00e9n se refiri\u00f3 a sus anteriores despidos de altos mandos, afirmando que se gui\u00f3 por \u00absu instinto\u00bb y se deshizo de los militares que cre\u00eda que no se apartar\u00edan de las pol\u00edticas establecidas en anteriores administraciones.<\/p>\n<p dir=\"ltr\" class=\"bbc-hhl7in e17g058b0\">\u00abEstoy seguro de que se producir\u00e1n m\u00e1s cambios en la direcci\u00f3n\u00bb, afirm\u00f3.<\/p>\n<p dir=\"ltr\" class=\"bbc-hhl7in e17g058b0\">La cumbre, celebrada en la base de Quantico del Cuerpo de Marines, una extensa instalaci\u00f3n de unas 22.250 hect\u00e1reas situada en Virginia, cont\u00f3 con un dispositivo de seguridad extremadamente estricto.<\/p>\n<p dir=\"ltr\" class=\"bbc-hhl7in e17g058b0\">Supuso una rara reuni\u00f3n de tantos altos mandos en un mismo lugar.<\/p>\n<p dir=\"ltr\" class=\"bbc-hhl7in e17g058b0\">Cuando los generales fueron convocados con poca antelaci\u00f3n la semana pasada, no se comunic\u00f3 p\u00fablicamente ning\u00fan motivo oficial, lo que provoc\u00f3 un aluvi\u00f3n de especulaciones sobre lo que dir\u00edan Trump y Hegseth.<\/p>\n<p><img decoding=\"async\" src=\"https:\/\/www.europesays.com\/es\/wp-content\/uploads\/2025\/09\/d31fe0c0-9e1c-11f0-928c-71dbb8619e94.png.webp.webp\"   alt=\"Jefes militares escuchan los discursos en la reuni\u00f3n con Trump y Hegseth\" loading=\"lazy\" width=\"1242\" height=\"832\" style=\"aspect-ratio:1242 \/ 832\" class=\"bbc-139onq\"\/><\/p>\n<p class=\"bbc-by8ykd\" role=\"text\">Fuente de la imagen, Reuters<\/p>\n<p>Pie de foto, Los jefes militares no mostraron una reacci\u00f3n notable a las palabras de sus l\u00edderes.<\/p>\n<p>Sin reacciones evidentes<\/p>\n<p dir=\"ltr\" class=\"bbc-hhl7in e17g058b0\">Hubo muy pocas reacciones visibles o audibles por parte de los generales y el alto personal reunidos entre la audiencia, que permaneci\u00f3 en silencio en su mayor parte, excepto por el sonido de cientos de botas que se pon\u00edan en guardia cuando Hegseth subi\u00f3 y baj\u00f3 del escenario.<\/p>\n<p dir=\"ltr\" class=\"bbc-hhl7in e17g058b0\">Muchos tomaron notas en algunos cuadernos de campo militares mientras Hegseth hablaba.<\/p>\n<p dir=\"ltr\" class=\"bbc-hhl7in e17g058b0\">\u00abNunca hab\u00eda entrado en una sala tan silenciosa\u00bb, brome\u00f3 Trump al tomar la palabra. \u00abJuntos, estamos despertando el esp\u00edritu guerrero. Y este es un esp\u00edritu que gan\u00f3 y construy\u00f3 esta naci\u00f3n\u00bb.<\/p>\n<p dir=\"ltr\" class=\"bbc-hhl7in e17g058b0\">Antes del encuentro, el vicepresidente JD Vance hab\u00eda acusado a los medios de comunicaci\u00f3n de convertir la reuni\u00f3n en una \u00abgran noticia\u00bb, subrayando que \u00abno era particularmente inusual\u00bb que los generales se reunieran con Hegseth en persona.<\/p>\n<p dir=\"ltr\" class=\"bbc-hhl7in e17g058b0\">Algunos analistas no est\u00e1n de acuerdo con eso. La agencia de noticias AP cit\u00f3 a Giuseppe Cavo Dragone, almirante italiano que preside el Comit\u00e9 Militar de la OTAN: \u00abEn mis 49 a\u00f1os de servicio, nunca hab\u00eda visto algo as\u00ed\u00bb.<\/p>\n<p dir=\"ltr\" class=\"bbc-hhl7in e17g058b0\">Mark Cancian, del Center for Strategic and International Studies, dijo a la agencia Reuters: \u00abEs desconcertante que no se haya hecho de manera remota para que los oficiales superiores no tuvieran que pasar mucho tiempo viajando\u00bb.<\/p>\n<p dir=\"ltr\" class=\"bbc-hhl7in e17g058b0\">Entre los asistentes hab\u00eda oficiales procedentes de instalaciones militares de Europa, Asia y Medio Oriente.<\/p>\n<p dir=\"ltr\" class=\"bbc-hhl7in e17g058b0\">Muchos de ellos llegaron horas antes del acto, y se sentaron en el auditorio seg\u00fan su rama de servicio: Ej\u00e9rcito, Cuerpo de Marines, Armada, Fuerza A\u00e9rea y Fuerza Espacial, siendo f\u00e1cilmente distinguibles por los uniformes.<\/p>\n<p dir=\"ltr\" class=\"bbc-hhl7in e17g058b0\">Algunos llevaban medallas de campa\u00f1a que mostraban que hab\u00edan servido en Afganist\u00e1n, Irak o en la guerra m\u00e1s amplia contra el terrorismo lanzada por Estados Unidos tras los atentados del 11 de septiembre de 2001.<\/p>\n<p><img decoding=\"async\" src=\"https:\/\/www.europesays.com\/es\/wp-content\/uploads\/2025\/08\/c8beb280-fb45-11ee-8369-47dc4454b972.png.webp.webp\"   alt=\"L\u00ednea gris\" loading=\"lazy\" width=\"800\" height=\"100\" style=\"aspect-ratio:800 \/ 100\" class=\"bbc-139onq\"\/><\/p>\n<p dir=\"ltr\" class=\"bbc-hhl7in e17g058b0\"><a href=\"https:\/\/www.bbc.com\/mundo\/send\/u184973209\" class=\"focusIndicatorReducedWidth bbc-n8oauk e1p3sufg0\" rel=\"nofollow noopener\" target=\"_blank\">Suscr\u00edbete aqu\u00ed<\/a> a nuestro nuevo newsletter para recibir cada viernes una selecci\u00f3n de nuestro mejor contenido de la semana.<\/p>\n<p dir=\"ltr\" class=\"bbc-hhl7in e17g058b0\">Y recuerda que puedes recibir notificaciones en nuestra app. Descarga la \u00faltima versi\u00f3n y act\u00edvalas.<\/p>\n","protected":false},"excerpt":{"rendered":"Fuente de la imagen, Reuters Pie de foto, Trump prometi\u00f3 continuar con el despliegue de fuerzas federales en&hellip;\n","protected":false},"author":2,"featured_media":149361,"comment_status":"","ping_status":"","sticky":false,"template":"","format":"standard","meta":{"footnotes":""},"categories":[42],"tags":[17,18,13,14,11,61,62,63,64,19,20,9,10,15,16,12,21,22,65,66,67],"class_list":{"0":"post-149360","1":"post","2":"type-post","3":"status-publish","4":"format-standard","5":"has-post-thumbnail","7":"category-internacional","8":"tag-breaking-news","9":"tag-breakingnews","10":"tag-featured-news","11":"tag-featurednews","12":"tag-headlines","13":"tag-internacional","14":"tag-international","15":"tag-international-news","16":"tag-internationalnews","17":"tag-latest-news","18":"tag-latestnews","19":"tag-news","20":"tag-noticias","21":"tag-noticias-destacadas","22":"tag-noticiasdestacadas","23":"tag-titulares","24":"tag-ultimas-noticias","25":"tag-ultimasnoticias","26":"tag-world","27":"tag-world-news","28":"tag-worldnews"},"share_on_mastodon":{"url":"","error":""},"_links":{"self":[{"href":"https:\/\/www.europesays.com\/es\/wp-json\/wp\/v2\/posts\/149360","targetHints":{"allow":["GET"]}}],"collection":[{"href":"https:\/\/www.europesays.com\/es\/wp-json\/wp\/v2\/posts"}],"about":[{"href":"https:\/\/www.europesays.com\/es\/wp-json\/wp\/v2\/types\/post"}],"author":[{"embeddable":true,"href":"https:\/\/www.europesays.com\/es\/wp-json\/wp\/v2\/users\/2"}],"replies":[{"embeddable":true,"href":"https:\/\/www.europesays.com\/es\/wp-json\/wp\/v2\/comments?post=149360"}],"version-history":[{"count":0,"href":"https:\/\/www.europesays.com\/es\/wp-json\/wp\/v2\/posts\/149360\/revisions"}],"wp:featuredmedia":[{"embeddable":true,"href":"https:\/\/www.europesays.com\/es\/wp-json\/wp\/v2\/media\/149361"}],"wp:attachment":[{"href":"https:\/\/www.europesays.com\/es\/wp-json\/wp\/v2\/media?parent=149360"}],"wp:term":[{"taxonomy":"category","embeddable":true,"href":"https:\/\/www.europesays.com\/es\/wp-json\/wp\/v2\/categories?post=149360"},{"taxonomy":"post_tag","embeddable":true,"href":"https:\/\/www.europesays.com\/es\/wp-json\/wp\/v2\/tags?post=149360"}],"curies":[{"name":"wp","href":"https:\/\/api.w.org\/{rel}","templated":true}]}}