{"id":149391,"date":"2025-09-30T21:10:11","date_gmt":"2025-09-30T21:10:11","guid":{"rendered":"https:\/\/www.europesays.com\/es\/149391\/"},"modified":"2025-09-30T21:10:11","modified_gmt":"2025-09-30T21:10:11","slug":"luis-zahera-el-amigo-de-feijoo-aunque-no-le-vota-que-colgo-abrigos-en-nueva-york-antes-de-triunfar-como-actor-el-mundo","status":"publish","type":"post","link":"https:\/\/www.europesays.com\/es\/149391\/","title":{"rendered":"Luis Zahera: el amigo de Feij\u00f3o, aunque no le vota, que colg\u00f3 abrigos en Nueva York antes de triunfar como actor &#8211; El Mundo"},"content":{"rendered":"<ol>\n<li><a href=\"https:\/\/news.google.com\/rss\/articles\/CBMigAFBVV95cUxNd254RHZ2LW5Kb3VCYVhJU0hjdDZBS08wdW05QXlocUk5YktHVmpUSzJBcU5sZ0M1bHZoTWtfV2lvTkpNMU10b2FtcldaZVdXQm5ORjlkZEQxX0hCc21pcnN3d09XdFp6VFBmSjd6aGhPeFRmTFh6QTdxY2ExNEEwZA?oc=5\" target=\"_blank\" rel=\"nofollow noopener\">Luis Zahera: el amigo de Feij\u00f3o, aunque no le vota, que colg\u00f3 abrigos en Nueva York antes de triunfar como actor<\/a>&nbsp;&nbsp;El Mundo<\/li>\n<li><a href=\"https:\/\/news.google.com\/rss\/articles\/CBMiqwFBVV95cUxPcEhNYVVsWlNmZ2s0anlJaXhFRkVSMXlpOWpjUUpFX3M1VXNoOV9lTnh3czg5WmR1aFRFM0tmemRVS1hqYVB6NWZwZUEwM1BFSG40cjFFSWEtdjBmeFJGUHNxWjl2Ylk4UGRHbnJLYW80LW50U25Jc2VCSWxYNXNJT0lEcHhlTnQxVGUyNWNKcGZWbktNUmM4MFMxbFpWTU9LUGo1eU8zZXhxcEnSAasBQVVfeXFMTkY5SzNZakIzZ0l5ZEMxSkVTallBWXdvVk9DdTVJSG9HSHI1RjJvNGI2RUt0QzNacDZlUGhOdEVCeTZGcXJWU2lJVGNBV3lycXhnMzA0OTNRUzZ0bFhiTVRNSjhQazZUOE1TUEJicmpuc2U2NU5uazlEWmg2Q3g3RnhpblU5MFFmT2FHa0pUWGNKMk1qNnZYd3huRjVmZkJZUmNjQ3Axb3VlbUJB?oc=5\" target=\"_blank\" rel=\"nofollow noopener\">Hoy, Luis Zahera ser\u00e1 el protagonista en El Hormiguero<\/a>&nbsp;&nbsp;Antena 3<\/li>\n<li><a href=\"https:\/\/news.google.com\/rss\/articles\/CBMiywFBVV95cUxQSGtxcEhvSXhJVEVHMUJCUGZzdGtPNE1qb2N3VkQxQk9MNFpRN29QTEVEbDF6T2R5ZERPY0I0bUVuYkxzSEFaOU1VQXVIVFA1aG9KYThIV2g0VHVKbkx1TS1EczFTQzJvZlVGWTZYRHItRExNSFBrOHNvcnFyU1dNMnYwWlpmQkxkNDJPSGc3V2VyaHFDM25wY3BqLUxoNGhveXNwdHFIQ3BlV0V2OVctajdsb1VEZE5vcU9Tc2stOEIyM2w0a2QtQ016b9IB0AFBVV95cUxOeHNJeENScUpxWG9lMllvUkF6c0IyaVc3TWZxR3Rud21KNU9JSWYwd243NEJwSEZ5WUZxdV8yYmFDUGx0RFNnRXYyR05PUUo2YTcwbnFhSW9uYXhQU1VtdmJPM2hsZzBsM3oxdGs5MU9WTG9RTURsSWVzREk2MWlBR2FicjFmTFQ1M05ka1I2bElhaTBIeEJXX0VOc2NrbE9vSWFVVGFoQ2RILTlQeTVDY3dxU3A2VkFhZjgtZUh6V2RvSkl5T0h0NG43MkEzTkNm?oc=5\" target=\"_blank\" rel=\"nofollow noopener\">As\u00ed es Luis Zahera en la intimidad: de su relaci\u00f3n con Alberto N\u00fa\u00f1ez Feij\u00f3o a su trabajo en las Torres Gemelas<\/a>&nbsp;&nbsp;Vanitatis<\/li>\n<li><a href=\"https:\/\/news.google.com\/rss\/articles\/CBMinAFBVV95cUxPODk0VGNuLTBHSXFjT1R6c241eWhWdi02dlphdkVhZHQtcFJTbkdTRE14TXdTZnZNZ0VvTVBRbW1vejM3REIxSWltdXdJOW9aTzczUjdIQUVJN0o2YkVNR19MRDExWmlRZXhtQk5KU0FnWWtIWUlmc0Y0Z01jVXA3akE3MEgtNjFRMmNEdC1HYjNRN0l6MTdKNWh1TnA?oc=5\" target=\"_blank\" rel=\"nofollow noopener\">Luis Zahera, nuestro villano favorito, sobre su encuentro con Sorogoyen: \u00abSolo te lo hice para saber si eras imb\u00e9cil\u00bb<\/a>&nbsp;&nbsp;20Minutos<\/li>\n<li><a href=\"https:\/\/news.google.com\/rss\/articles\/CBMingFBVV95cUxONGRtQ3pqYVExNk5WZi1VWUxiVVBfNG10bVJsYlJIbmw2WnM1akhMejdrOG1IY0I5eFBpX2JkVmU5R2l3MHRNTWZmOEdPbUoxaFpqTHc4amZiS3hoQkp4RWtrTjBKNU93dU5ldzR5Vmg0dmx5TUdrWWxmdnd6Wk5mbVFvSXc4M3R3ejNFc2VMbDQtMjJyM3hGbFNhQndLQQ?oc=5\" target=\"_blank\" rel=\"nofollow noopener\">La vida personal de Luis Zahera: su relaci\u00f3n con Feij\u00f3o, su trabajo en las Torres Gemelas antes de ser actor y su problema de salud<\/a>&nbsp;&nbsp;ABC<\/li>\n<\/ol>\n","protected":false},"excerpt":{"rendered":"Luis Zahera: el amigo de Feij\u00f3o, aunque no le vota, que colg\u00f3 abrigos en Nueva York antes de&hellip;\n","protected":false},"author":2,"featured_media":149392,"comment_status":"","ping_status":"","sticky":false,"template":"","format":"standard","meta":{"footnotes":""},"categories":[91],"tags":[146,147,25,24,721,720,27362,23],"class_list":{"0":"post-149391","1":"post","2":"type-post","3":"status-publish","4":"format-standard","5":"has-post-thumbnail","7":"category-entretenimiento","8":"tag-entertainment","9":"tag-entretenimiento","10":"tag-es","11":"tag-espana","12":"tag-loc","13":"tag-loc-famosos","14":"tag-luis-zahera","15":"tag-spain"},"share_on_mastodon":{"url":"","error":""},"_links":{"self":[{"href":"https:\/\/www.europesays.com\/es\/wp-json\/wp\/v2\/posts\/149391","targetHints":{"allow":["GET"]}}],"collection":[{"href":"https:\/\/www.europesays.com\/es\/wp-json\/wp\/v2\/posts"}],"about":[{"href":"https:\/\/www.europesays.com\/es\/wp-json\/wp\/v2\/types\/post"}],"author":[{"embeddable":true,"href":"https:\/\/www.europesays.com\/es\/wp-json\/wp\/v2\/users\/2"}],"replies":[{"embeddable":true,"href":"https:\/\/www.europesays.com\/es\/wp-json\/wp\/v2\/comments?post=149391"}],"version-history":[{"count":0,"href":"https:\/\/www.europesays.com\/es\/wp-json\/wp\/v2\/posts\/149391\/revisions"}],"wp:featuredmedia":[{"embeddable":true,"href":"https:\/\/www.europesays.com\/es\/wp-json\/wp\/v2\/media\/149392"}],"wp:attachment":[{"href":"https:\/\/www.europesays.com\/es\/wp-json\/wp\/v2\/media?parent=149391"}],"wp:term":[{"taxonomy":"category","embeddable":true,"href":"https:\/\/www.europesays.com\/es\/wp-json\/wp\/v2\/categories?post=149391"},{"taxonomy":"post_tag","embeddable":true,"href":"https:\/\/www.europesays.com\/es\/wp-json\/wp\/v2\/tags?post=149391"}],"curies":[{"name":"wp","href":"https:\/\/api.w.org\/{rel}","templated":true}]}}