{"id":149415,"date":"2025-09-30T21:25:08","date_gmt":"2025-09-30T21:25:08","guid":{"rendered":"https:\/\/www.europesays.com\/es\/149415\/"},"modified":"2025-09-30T21:25:08","modified_gmt":"2025-09-30T21:25:08","slug":"la-gente-cree-que-vivo-en-una-burbuja-pero-cojo-el-transporte-publico","status":"publish","type":"post","link":"https:\/\/www.europesays.com\/es\/149415\/","title":{"rendered":"La gente cree que vivo en una burbuja, pero cojo el transporte p\u00fablico"},"content":{"rendered":"<p id=\"eKlaTofUuq\" data-wc=\"102\">Luxemburgo est\u00e1 a punto de vivir <a class=\"hm-link ho-link\" href=\"https:\/\/www.hola.com\/realeza\/casa_luxemburgo\/20250925857979\/grandes-duques-luxemburgo-recorren-fotos-ineditas-vida-abdicacion\/\" data-mrf-recirculation=\"article-body-link\" rel=\"nofollow noopener\" target=\"_blank\">un momento hist\u00f3rico<\/a>. D\u00edas antes de inaugurar la nueva era de los grandes duques Guillermo y St\u00e9phanie, la nueva generaci\u00f3n pide paso. El pr\u00edncipe Noah, hijo menor de Louis y Tessy de Luxemburgo, es uno de los m\u00e1s desconocidos de Europa, pero en junio durante el D\u00eda Nacional las miradas ya se volvieron a ese joven alt\u00edsimo y rub\u00edsimo de porte principesco. Ahora que acaba de entrar en el club de los 18, ha concedido su primera entrevista y en ella trata de derribar algunos de los t\u00f3picos que se asocian a alguien de su linaje.\u00a0<\/p>\n<p> <img src=\"https:\/\/www.europesays.com\/es\/wp-content\/uploads\/2025\/09\/13239981414b-gettyimages-2221821676.jpg\"   width=\"682\" height=\"1024\" loading=\"lazy\" decoding=\"async\" alt=\"Noah de Luxemburgo \" fetchpriority=\"auto\" class=\"image ho-image\"\/>\u00a9 Getty Images<\/p>\n<p id=\"eNltXM9D6i\" data-wc=\"64\">El mayor prejuicio, ha dicho en la web The Royal News Organization, es <strong>\u00abpensar que todo me ha venido dado. Claro que tengo oportunidades, pero aun as\u00ed, tengo que trabajar por lo que quiero\u00bb<\/strong>. Defiende que no vive en una burbuja, sino que coge el transporte p\u00fablico, hace pr\u00e1cticas, sale con sus amigos y tambi\u00e9n se estresa con los ex\u00e1menes como todo el mundo.\u00a0<\/p>\n<p id=\"eizunj5mGl\" data-wc=\"121\">Noah se presenta como un pr\u00edncipe at\u00edpico y, en cierta forma, su vida lo ha sido. Es el segundo hijo de Luis y Tessy de Luxemburgo, quienes se divorciaron en 2019 tras<a class=\"hm-link ho-link\" href=\"https:\/\/www.hola.com\/realeza\/casa_luxemburgo\/20190405140167\/luis-tessy-luxemburgo-final-divorcio\/\" data-mrf-recirculation=\"article-body-link\" rel=\"nofollow noopener\" target=\"_blank\">\u00a0una larga y pol\u00e9mica separaci\u00f3n<\/a>. Sus padres se conocieron en 2004, cuando ella ten\u00eda 19 a\u00f1os y \u00e9l a\u00fan no hab\u00eda cumplido la mayor\u00eda de edad. Siete meses despu\u00e9s del nacimiento de su hermano Gabriel se dieron el \u2018s\u00ed, quiero\u2019 en 2006 y estuvieron casados m\u00e1s de una d\u00e9cada, durante la cual lleg\u00f3 Noah. A ra\u00edz de su boda, el pr\u00edncipe Luis renunci\u00f3 a su derecho a la sucesi\u00f3n del trono y a los derechos de sus hijos, as\u00ed que Gabriel y Noah no est\u00e1n en la l\u00ednea din\u00e1stica.<\/p>\n<p> <img src=\"https:\/\/www.europesays.com\/es\/wp-content\/uploads\/2025\/09\/40e7087840d2-gettyimages-2221623671.jpg\"   width=\"1024\" height=\"683\" loading=\"lazy\" decoding=\"async\" alt=\"Media Image\" fetchpriority=\"auto\" class=\"image ho-image\"\/>\u00a9 Getty Images<br \/>\nNo es un pr\u00edncipe como los dem\u00e1s<\/p>\n<p id=\"e6ETjOh0lB\" data-wc=\"133\">Los dos hermanos crecieron, por tanto, con algo m\u00e1s de independencia de la vida palaciega que sus primos. Desde que eran peque\u00f1os han vivido en Londres, aunque siempre han participado en las grandes ocasiones y han estado presentes en la agenda p\u00fablica del Gran Ducado. En la capital brit\u00e1nica, su familia ha seguido creciendo m\u00e1s all\u00e1 de la Casa Gran Ducal. Su madre, Tessy, se cas\u00f3 de nuevo con el empresario suizo Frank Floessel, con el que <a class=\"hm-link ho-link\" href=\"https:\/\/www.hola.com\/realeza\/casa_luxemburgo\/20210827194043\/tessy-de-luxemburgo-ha-sido-madre-tercera-vez\/\" data-mrf-recirculation=\"article-body-link\" rel=\"nofollow noopener\" target=\"_blank\">tuvo a su tercer hijo, Theodor<\/a>. <strong>\u00abTheodor saca de m\u00ed un lado protector que no sab\u00eda que ten\u00eda\u00bb<\/strong>, ha dicho sobre su hermano peque\u00f1o, con el que asegura que tiene un \u00abfuerte v\u00ednculo fraternal\u00bb. Noah asegura en la entrevista que la familia va m\u00e1s all\u00e1 de la sangre, en alusi\u00f3n a su padrastro y su hermanastra.\u00a0<\/p>\n<p id=\"ecVUPqShpu\" data-wc=\"93\">El resultado de su historia familiar es un pr\u00edncipe que relativiza el alcance de su t\u00edtulo, tal y como le ense\u00f1aron sus padres<strong>: \u00abTu t\u00edtulo no te hace especial. Tus acciones s\u00ed\u00bb<\/strong>. Sabe que todo privilegio conlleva una gran responsabilidad y, por eso, dedica buena parte de su tiempo a las causas sociales. Tanto es as\u00ed que junto a su hermano Gabriel recogi\u00f3 el a\u00f1o pasado en Londres la medalla Legacy of Change,<a class=\"hm-link ho-link\" href=\"https:\/\/www.hola.com\/realeza\/casa_luxemburgo\/20241105728202\/gabriel-noah-luxemburgo-reconocimiento-londres-labor-humanitaria\/\" data-mrf-recirculation=\"article-body-link\" rel=\"nofollow noopener\" target=\"_blank\">\u00a0un reconocimiento por su labor humanitaria<\/a>. El acceso a la educaci\u00f3n y la salud mental, son algunas de sus preocupaciones.\u00a0<\/p>\n<p> <img src=\"https:\/\/www.europesays.com\/es\/wp-content\/uploads\/2025\/09\/dc581f1ce898-gettyimages-2221562339.jpg\"   width=\"1024\" height=\"682\" loading=\"lazy\" decoding=\"async\" alt=\"Media Image\" fetchpriority=\"auto\" class=\"image ho-image\"\/>\u00a9 Getty Images<\/p>\n<p id=\"eaB0b8fI-f\" data-wc=\"113\">M\u00e1s all\u00e1 de su trabajo filantr\u00f3pico, es un joven a punto de labrar su futuro. \u00abMe encanta la historia y la psicolog\u00eda, probablemente influenciado por crecer entre diplomacia y o\u00edr las historias de mis padres\u00bb, ha contado Noah que tambi\u00e9n reconoce orgulloso que es \u00absorprendentemente bueno\u00bb con los idiomas. Domina las lenguas oficiales del Gran Ducado: franc\u00e9s, alem\u00e1n y luxemburgu\u00e9s, adem\u00e1s del ingl\u00e9s. <strong>Tampoco descarta seguir los pasos de su madre en el Ej\u00e9rcito<\/strong>, destinada en Kosovo con solo 18 a\u00f1os, pero lo que tiene claro es que el camino que escoja ser\u00e1 solo suyo. Se tomar\u00e1 su tiempo, no obstante, ya que planea tomarse un a\u00f1o sab\u00e1tico antes de orientar su formaci\u00f3n.<\/p>\n","protected":false},"excerpt":{"rendered":"Luxemburgo est\u00e1 a punto de vivir un momento hist\u00f3rico. D\u00edas antes de inaugurar la nueva era de los&hellip;\n","protected":false},"author":2,"featured_media":149416,"comment_status":"","ping_status":"","sticky":false,"template":"","format":"standard","meta":{"footnotes":""},"categories":[174],"tags":[255,146,147,25,24,256,1027,20654,23,45554],"class_list":{"0":"post-149415","1":"post","2":"type-post","3":"status-publish","4":"format-standard","5":"has-post-thumbnail","7":"category-famosos","8":"tag-celebrities","9":"tag-entertainment","10":"tag-entretenimiento","11":"tag-es","12":"tag-espana","13":"tag-famosos","14":"tag-realeza","15":"tag-realeza-luxemburgo","16":"tag-spain","17":"tag-tessy-de-luxemburgo"},"share_on_mastodon":{"url":"","error":""},"_links":{"self":[{"href":"https:\/\/www.europesays.com\/es\/wp-json\/wp\/v2\/posts\/149415","targetHints":{"allow":["GET"]}}],"collection":[{"href":"https:\/\/www.europesays.com\/es\/wp-json\/wp\/v2\/posts"}],"about":[{"href":"https:\/\/www.europesays.com\/es\/wp-json\/wp\/v2\/types\/post"}],"author":[{"embeddable":true,"href":"https:\/\/www.europesays.com\/es\/wp-json\/wp\/v2\/users\/2"}],"replies":[{"embeddable":true,"href":"https:\/\/www.europesays.com\/es\/wp-json\/wp\/v2\/comments?post=149415"}],"version-history":[{"count":0,"href":"https:\/\/www.europesays.com\/es\/wp-json\/wp\/v2\/posts\/149415\/revisions"}],"wp:featuredmedia":[{"embeddable":true,"href":"https:\/\/www.europesays.com\/es\/wp-json\/wp\/v2\/media\/149416"}],"wp:attachment":[{"href":"https:\/\/www.europesays.com\/es\/wp-json\/wp\/v2\/media?parent=149415"}],"wp:term":[{"taxonomy":"category","embeddable":true,"href":"https:\/\/www.europesays.com\/es\/wp-json\/wp\/v2\/categories?post=149415"},{"taxonomy":"post_tag","embeddable":true,"href":"https:\/\/www.europesays.com\/es\/wp-json\/wp\/v2\/tags?post=149415"}],"curies":[{"name":"wp","href":"https:\/\/api.w.org\/{rel}","templated":true}]}}