{"id":149417,"date":"2025-09-30T21:26:32","date_gmt":"2025-09-30T21:26:32","guid":{"rendered":"https:\/\/www.europesays.com\/es\/149417\/"},"modified":"2025-09-30T21:26:32","modified_gmt":"2025-09-30T21:26:32","slug":"entrevista-a-fidel-maria-puebla-y-arturo-garcia-velasco-castilla-la-mancha-despierta-entrevistas","status":"publish","type":"post","link":"https:\/\/www.europesays.com\/es\/149417\/","title":{"rendered":"Entrevista a Fidel Mar\u00eda Puebla y Arturo Garc\u00eda Velasco | Castilla-La Mancha Despierta | Entrevistas"},"content":{"rendered":"<p>Entrevista a Fidel Mar\u00eda Puebla y Arturo Garc\u00eda Velasco | Castilla-La Mancha Despierta | Entrevistas &#8211; CMM Play<\/p>\n<p class=\"c-detail__category\">castilla-la mancha despierta<\/p>\n<p class=\"c-detail__info\">\n                                            30\/09\/2025 12:09\n                                            <\/p>\n<p>                                                Duraci\u00f3n del video<\/p>\n<p>                                            6m 59s<\/p>\n<p>El 4 de octubre se celebra en la Puebla de Montalb\u00e1n el tercer certamen de pintura r\u00e1pida  Fidel Mar\u00eda Puebla.  Hablamos con Fidel Mar\u00eda Puebla, pintor , ilustrador y acad\u00e9mico de la Real Academia de las Bellas Artes de Toledo y Arturo Garc\u00eda Velasco, gerente del Molino de Montalb\u00e1n.<\/p>\n<p>        <a href=\"#\" class=\"c-icon-app-back-btn\"\/><\/p>\n<p class=\"notification-text\">\u00bfDesea recibir alertas con las \u00faltimas noticias?<\/p>\n<p>\n        Rechazar<br \/>\n        Aceptar\n    <\/p>\n<p>\n        not_supported_text.placeholder\n    <\/p>\n","protected":false},"excerpt":{"rendered":"Entrevista a Fidel Mar\u00eda Puebla y Arturo Garc\u00eda Velasco | Castilla-La Mancha Despierta | Entrevistas &#8211; CMM Play&hellip;\n","protected":false},"author":2,"featured_media":149418,"comment_status":"","ping_status":"","sticky":false,"template":"","format":"standard","meta":{"footnotes":""},"categories":[173],"tags":[229,233,231,230,232,234,146,147,25,24,23],"class_list":{"0":"post-149417","1":"post","2":"type-post","3":"status-publish","4":"format-standard","5":"has-post-thumbnail","7":"category-arte-y-diseno","8":"tag-arte","9":"tag-arte-y-diseno","10":"tag-arts","11":"tag-arts-and-design","12":"tag-design","13":"tag-diseno","14":"tag-entertainment","15":"tag-entretenimiento","16":"tag-es","17":"tag-espana","18":"tag-spain"},"share_on_mastodon":{"url":"","error":""},"_links":{"self":[{"href":"https:\/\/www.europesays.com\/es\/wp-json\/wp\/v2\/posts\/149417","targetHints":{"allow":["GET"]}}],"collection":[{"href":"https:\/\/www.europesays.com\/es\/wp-json\/wp\/v2\/posts"}],"about":[{"href":"https:\/\/www.europesays.com\/es\/wp-json\/wp\/v2\/types\/post"}],"author":[{"embeddable":true,"href":"https:\/\/www.europesays.com\/es\/wp-json\/wp\/v2\/users\/2"}],"replies":[{"embeddable":true,"href":"https:\/\/www.europesays.com\/es\/wp-json\/wp\/v2\/comments?post=149417"}],"version-history":[{"count":0,"href":"https:\/\/www.europesays.com\/es\/wp-json\/wp\/v2\/posts\/149417\/revisions"}],"wp:featuredmedia":[{"embeddable":true,"href":"https:\/\/www.europesays.com\/es\/wp-json\/wp\/v2\/media\/149418"}],"wp:attachment":[{"href":"https:\/\/www.europesays.com\/es\/wp-json\/wp\/v2\/media?parent=149417"}],"wp:term":[{"taxonomy":"category","embeddable":true,"href":"https:\/\/www.europesays.com\/es\/wp-json\/wp\/v2\/categories?post=149417"},{"taxonomy":"post_tag","embeddable":true,"href":"https:\/\/www.europesays.com\/es\/wp-json\/wp\/v2\/tags?post=149417"}],"curies":[{"name":"wp","href":"https:\/\/api.w.org\/{rel}","templated":true}]}}