{"id":149419,"date":"2025-09-30T21:27:07","date_gmt":"2025-09-30T21:27:07","guid":{"rendered":"https:\/\/www.europesays.com\/es\/149419\/"},"modified":"2025-09-30T21:27:07","modified_gmt":"2025-09-30T21:27:07","slug":"feria-del-libro-en-norte-de-mexico-entre-las-10-mas-importantes-de-latinoamerica","status":"publish","type":"post","link":"https:\/\/www.europesays.com\/es\/149419\/","title":{"rendered":"Feria del libro en norte de M\u00e9xico, entre las 10 m\u00e1s importantes de Latinoam\u00e9rica"},"content":{"rendered":"<p data-gtm-element-container=\"modulo-texto-link\" class=\"paragraph\">Monterrey (M\u00e9xico), 30 sep (EFE).- La Feria Internacional del Libro Monterrey (FILMTY) se ha colocado en los \u00faltimos a\u00f1os entre las 10 m\u00e1s importantes de Latinoam\u00e9rica por su oferta literaria, su aforo y el prestigio que ha ido ganando, asegur\u00f3 su director Henoc de Santiago Dulch\u00e9, en una entrevista con EFE.<\/p>\n<p data-gtm-element-container=\"modulo-texto-link\" class=\"paragraph\">La FILMTY, que este a\u00f1o llega a su trig\u00e9sima tercera edici\u00f3n, se celebrar\u00e1 en las instalaciones del Centro Internacional de Negocios (Cintermex), del 11 al 19 de octubre, y tendr\u00e1 a Colombia invitado de honor.<\/p>\n<p data-gtm-element-container=\"modulo-texto-link\" class=\"paragraph\">\u201cUna Feria que se ha ido consolidando, yo dir\u00eda que del 2022 para ac\u00e1 ha habido un cambio muy importante\u201d, sostuvo.<\/p>\n<p data-gtm-element-container=\"modulo-texto-link\" class=\"paragraph\">De Santiago Dulch\u00e9 coment\u00f3 que este evento ha destacado a nivel Latinoam\u00e9rica como una de las ferias m\u00e1s importantes de su tipo.<\/p>\n<p data-gtm-element-container=\"modulo-texto-link\" class=\"paragraph\">\u201cYo te podr\u00eda decir que ya en Latinoam\u00e9rica, de las ferias en espa\u00f1ol, es de las ferias que ya se habla y la podr\u00edamos encontrar entre las 10 principales\u201d, reiter\u00f3.<\/p>\n<p data-gtm-element-container=\"modulo-texto-link\" class=\"paragraph\">Compar\u00f3 esta Feria con otras tan prestigiosas como la de Guadalajara, en M\u00e9xico, la de Bogot\u00e1 (Colombia), Buenos Aires (Argentina), Lima (Per\u00fa) y la Bienal del Libro, de Sao Paulo (Brasil), aunque esta \u00faltima se realiza en portug\u00e9s.<\/p>\n<p data-gtm-element-container=\"modulo-texto-link\" class=\"paragraph\">Especific\u00f3 que la FILMTY se ha ido consolidando por varios factores, entre ellos su aforo y el prestigio del programa literario.<\/p>\n<p data-gtm-element-container=\"modulo-texto-link\" class=\"paragraph\">Este a\u00f1o, la inauguraci\u00f3n estar\u00e1 a cargo de la colombiana Laura Restrepo, quien presentar\u00e1 su obra \u2018Soy la daga y soy la herida\u2019.<\/p>\n<p data-gtm-element-container=\"modulo-texto-link\" class=\"paragraph\">Tambi\u00e9n figuran en el cartel Rosa Montero (Espa\u00f1a), Leila Guerriero (Argentina) y Tatiana \u021a\u00eebuleac (Ruman\u00eda) y de M\u00e9xico: Brenda Navarro, Guillermo Arriaga, Diego Osorno, Hern\u00e1n Galindo, Alberto Ruy S\u00e1nchez, Elsa Cross, Yuri Herrera y Antonio Lazcano.<\/p>\n<p data-gtm-element-container=\"modulo-texto-link\" class=\"paragraph\">\u201cEse es el objetivo, a\u00f1o con a\u00f1o, tener mejor cartel de escritores que la van posicionando que tambi\u00e9n te permiten tener m\u00e1s aliados, mejores patrocinadores\u201d, sostuvo.<\/p>\n<p data-gtm-element-container=\"modulo-texto-link\" class=\"paragraph\">Crece en espacio<\/p>\n<p data-gtm-element-container=\"modulo-texto-link\" class=\"paragraph\">Por otra parte, Henoc de Santiago Dulch\u00e9 comparti\u00f3 que para este a\u00f1o la Feria Internacional del Libro Monterrey crece en un 30 % de superficie, lo que representa 4.000 metros cuadrados adicionales.<\/p>\n<p data-gtm-element-container=\"modulo-texto-link\" class=\"paragraph\">Esto, dijo, va a permitir \u201ctener m\u00e1s editoriales y al tener m\u00e1s editoriales habr\u00e1 mayor diversidad literaria, de autores\u201d, coment\u00f3.<\/p>\n<p data-gtm-element-container=\"modulo-texto-link\" class=\"paragraph\">En el evento participar\u00e1n m\u00e1s de 700 autores de 12 pa\u00edses, que le dar\u00e1n vida a la edici\u00f3n 2025 de la FILMTY. EFE<\/p>\n<p data-gtm-element-container=\"modulo-texto-link\" class=\"paragraph\">agc\/csr\/rod<\/p>\n<p data-gtm-element-container=\"modulo-texto-link\" class=\"paragraph\">(foto)<\/p>\n","protected":false},"excerpt":{"rendered":"Monterrey (M\u00e9xico), 30 sep (EFE).- La Feria Internacional del Libro Monterrey (FILMTY) se ha colocado en los \u00faltimos&hellip;\n","protected":false},"author":2,"featured_media":148726,"comment_status":"","ping_status":"","sticky":false,"template":"","format":"standard","meta":{"footnotes":""},"categories":[172],"tags":[224,146,147,25,24,225,23],"class_list":{"0":"post-149419","1":"post","2":"type-post","3":"status-publish","4":"format-standard","5":"has-post-thumbnail","7":"category-libros","8":"tag-books","9":"tag-entertainment","10":"tag-entretenimiento","11":"tag-es","12":"tag-espana","13":"tag-libros","14":"tag-spain"},"share_on_mastodon":{"url":"","error":""},"_links":{"self":[{"href":"https:\/\/www.europesays.com\/es\/wp-json\/wp\/v2\/posts\/149419","targetHints":{"allow":["GET"]}}],"collection":[{"href":"https:\/\/www.europesays.com\/es\/wp-json\/wp\/v2\/posts"}],"about":[{"href":"https:\/\/www.europesays.com\/es\/wp-json\/wp\/v2\/types\/post"}],"author":[{"embeddable":true,"href":"https:\/\/www.europesays.com\/es\/wp-json\/wp\/v2\/users\/2"}],"replies":[{"embeddable":true,"href":"https:\/\/www.europesays.com\/es\/wp-json\/wp\/v2\/comments?post=149419"}],"version-history":[{"count":0,"href":"https:\/\/www.europesays.com\/es\/wp-json\/wp\/v2\/posts\/149419\/revisions"}],"wp:featuredmedia":[{"embeddable":true,"href":"https:\/\/www.europesays.com\/es\/wp-json\/wp\/v2\/media\/148726"}],"wp:attachment":[{"href":"https:\/\/www.europesays.com\/es\/wp-json\/wp\/v2\/media?parent=149419"}],"wp:term":[{"taxonomy":"category","embeddable":true,"href":"https:\/\/www.europesays.com\/es\/wp-json\/wp\/v2\/categories?post=149419"},{"taxonomy":"post_tag","embeddable":true,"href":"https:\/\/www.europesays.com\/es\/wp-json\/wp\/v2\/tags?post=149419"}],"curies":[{"name":"wp","href":"https:\/\/api.w.org\/{rel}","templated":true}]}}