{"id":149420,"date":"2025-09-30T21:28:08","date_gmt":"2025-09-30T21:28:08","guid":{"rendered":"https:\/\/www.europesays.com\/es\/149420\/"},"modified":"2025-09-30T21:28:08","modified_gmt":"2025-09-30T21:28:08","slug":"la-violencia-me-venia-de-pequeno","status":"publish","type":"post","link":"https:\/\/www.europesays.com\/es\/149420\/","title":{"rendered":"La violencia me ven\u00eda de peque\u00f1o"},"content":{"rendered":"<p><b>Luis Zahera<\/b> ha llenado El Hormiguero de humor y naturalidad. El actor gallego ha compartido an\u00e9cdotas de su carrera y ha hecho re\u00edr al p\u00fablico con su estilo inconfundible.<\/p>\n<p>En este momento, Pablo Motos se ha interesado en conocer c\u00f3mo era \u00e9l de peque\u00f1o. El invitado ha reconocido que no era muy buen estudiante y que solo aprobaba \u00ablas importantes\u00bb: religi\u00f3n y gimnasia.<\/p>\n<p>Sin embargo, lo m\u00e1s impactante de la historia ha llegado cuando ha contado que un cura de su colegio le \u00absopl\u00f3 una hostia\u00bb para advertir al resto de alumnos. \u00abEste no ha hecho nada, as\u00ed que prepararos para los que s\u00ed lo hag\u00e1is\u00bb, ha desvelado Luis que le dijo a sus compa\u00f1eros.<\/p>\n<p>\u00abPas\u00e9 un poco de miedo\u00bb, ha desvelado entre risas asegurando que eran otros tiempos, pero que por experiencias como aquella, la violencia le viene desde peque\u00f1o. \u00a1Imperdible!<\/p>\n","protected":false},"excerpt":{"rendered":"Luis Zahera ha llenado El Hormiguero de humor y naturalidad. El actor gallego ha compartido an\u00e9cdotas de su&hellip;\n","protected":false},"author":2,"featured_media":149421,"comment_status":"","ping_status":"","sticky":false,"template":"","format":"standard","meta":{"footnotes":""},"categories":[171],"tags":[146,147,25,24,23,214],"class_list":{"0":"post-149420","1":"post","2":"type-post","3":"status-publish","4":"format-standard","5":"has-post-thumbnail","7":"category-tv","8":"tag-entertainment","9":"tag-entretenimiento","10":"tag-es","11":"tag-espana","12":"tag-spain","13":"tag-tv"},"share_on_mastodon":{"url":"","error":""},"_links":{"self":[{"href":"https:\/\/www.europesays.com\/es\/wp-json\/wp\/v2\/posts\/149420","targetHints":{"allow":["GET"]}}],"collection":[{"href":"https:\/\/www.europesays.com\/es\/wp-json\/wp\/v2\/posts"}],"about":[{"href":"https:\/\/www.europesays.com\/es\/wp-json\/wp\/v2\/types\/post"}],"author":[{"embeddable":true,"href":"https:\/\/www.europesays.com\/es\/wp-json\/wp\/v2\/users\/2"}],"replies":[{"embeddable":true,"href":"https:\/\/www.europesays.com\/es\/wp-json\/wp\/v2\/comments?post=149420"}],"version-history":[{"count":0,"href":"https:\/\/www.europesays.com\/es\/wp-json\/wp\/v2\/posts\/149420\/revisions"}],"wp:featuredmedia":[{"embeddable":true,"href":"https:\/\/www.europesays.com\/es\/wp-json\/wp\/v2\/media\/149421"}],"wp:attachment":[{"href":"https:\/\/www.europesays.com\/es\/wp-json\/wp\/v2\/media?parent=149420"}],"wp:term":[{"taxonomy":"category","embeddable":true,"href":"https:\/\/www.europesays.com\/es\/wp-json\/wp\/v2\/categories?post=149420"},{"taxonomy":"post_tag","embeddable":true,"href":"https:\/\/www.europesays.com\/es\/wp-json\/wp\/v2\/tags?post=149420"}],"curies":[{"name":"wp","href":"https:\/\/api.w.org\/{rel}","templated":true}]}}