{"id":149424,"date":"2025-09-30T21:30:20","date_gmt":"2025-09-30T21:30:20","guid":{"rendered":"https:\/\/www.europesays.com\/es\/149424\/"},"modified":"2025-09-30T21:30:20","modified_gmt":"2025-09-30T21:30:20","slug":"cuales-son-las-mejores-peliculas-la-diva-italiana-mas-contemporanea","status":"publish","type":"post","link":"https:\/\/www.europesays.com\/es\/149424\/","title":{"rendered":"\u00bfcu\u00e1les son las mejores pel\u00edculas la diva italiana m\u00e1s contempor\u00e1nea?"},"content":{"rendered":"<p>Con el reciente fallecimiento de <a href=\"https:\/\/okdiario.com\/trailer\/5-peliculas-imprescindibles-claudia-cardinale-ultima-gran-diva-del-cine-italiano-15464054\" rel=\"nofollow noopener\" target=\"_blank\">Claudia Cardinale<\/a> todav\u00eda en la memoria, hoy otra diva italiana es noticia, aunque por supuesto bajo una nueva mucho m\u00e1s positiva: <strong>Monica Bellucci cumple 61 a\u00f1os<\/strong> y nosotros queremos celebrarlo recordando alguna de sus mejores pel\u00edculas. Porque m\u00e1s all\u00e1 de su innegable belleza, la de Citt\u00e0 di Castello seguramente no ha sido <a href=\"https:\/\/www.imdb.com\/es-es\/name\/nm0000899\/?ref_=nv_sr_srsg_0_tt_5_nm_3_in_0_q_monica%2520bellucci\" rel=\"nofollow noopener\" target=\"_blank\">lo suficientemente valorada<\/a> en una carrera que simplemente ,cuenta con una nominaci\u00f3n a los Premios C\u00e9sar, otra en los galardones del Cine Europeo y una consideraci\u00f3n en los Premios David di Donatello. En Espa\u00f1a en cambio, s\u00ed que homenajeamos su figura en 2007 con <strong>el Premio Donostia en el <a href=\"https:\/\/okdiario.com\/trailer\/domingos-donde-podemos-ver-ganadora-concha-oro-del-festival-san-sebastian-15487745\" rel=\"nofollow noopener\" target=\"_blank\">Festival de San Sebasti\u00e1n<\/a><\/strong>. Pero tras una carrera iniciada en los 90 dentro de la peque\u00f1a pantalla italiana y tras ponerse a las \u00f3rdenes de los mejores cineastas europeos, no hemos querido pasar la ocasi\u00f3n de destacar <strong>cinco historias imprescindibles de su filmograf\u00eda<\/strong>.<\/p>\n<p>Monica Bellucci: sus mejores pel\u00edculas\u2018Irreversible\u2019<\/p>\n<p><img loading=\"lazy\" decoding=\"async\" class=\"wp-image-15500068 size-medium\" alt=\"Monica Bellucci mejores pel\u00edculas\" width=\"620\" height=\"349\"  src=\"https:\/\/www.europesays.com\/es\/wp-content\/uploads\/2025\/09\/irreversible-2-1652985944_cropped-620x349.jpg\" \/> \u2018Irreversible\u2019 (New French Extremity).<\/p>\n<p>Si hablamos de la carrera de Monica Bellucci, resulta imposible no se\u00f1alar a Irreversible como una de sus mejores pel\u00edculas. Igualmente, el trabajo de <strong>Gaspar No\u00e9<\/strong> es uno de los <a href=\"https:\/\/okdiario.com\/lista\/10-peliculas-mas-polemicas-historia-4604014\" rel=\"nofollow noopener\" target=\"_blank\">m\u00e1s controvertidos de la historia<\/a>, pues tras su presentaci\u00f3n en Cannes en 2002, una buena parte de la prensa abandon\u00f3 la proyecci\u00f3n por culpa, mayormente, de la escena expl\u00edcita de una violaci\u00f3n. Al igual que sucede con otros t\u00edtulos como Funny Games o la reciente Sirat, Irreversible es una experiencia cinematogr\u00e1fica <strong>de esas que dejan huella<\/strong> y que al mismo tiempo, resultan muy dif\u00edciles de recomendar o de volver a ver.<\/p>\n<ul>\n<li>Reparto: Vincent Cassell, Abert Dupontel, Philippe Nahon y Jo Prestia<\/li>\n<li>Plataformas de streaming: <strong>Filmin<\/strong><\/li>\n<\/ul>\n<p>\u2018Mal\u00e8na\u2019<\/p>\n<p><img loading=\"lazy\" decoding=\"async\" class=\"size-medium wp-image-15500079\" alt=\"\" width=\"620\" height=\"349\"  src=\"https:\/\/www.europesays.com\/es\/wp-content\/uploads\/2025\/09\/mv5botzkmgrjmgetywu3ys00zdi5lwe2y2itote0yjcwy2m2nja4xkeyxkfqcgdeqxvyntayodkwoq--._v1__cropped-620x34.jpeg\" \/> \u2018Mal\u00e8na\u2019 (Miramax).<\/p>\n<p>De la mirada de <strong>Giuseppe Tornatore<\/strong>, responsable de la inmortal Cinema Paradiso, M\u00f3nica Bellucci encontr\u00f3 en este drama rom\u00e1ntico una de las mejores pel\u00edculas en las que pudo asumir un rol protagonista. El relato nos pone en la piel de Malena, <strong>la mujer m\u00e1s hermosa de un peque\u00f1o pueblo<\/strong> de la costa siciliana, la cual es perseguida por la mayor\u00eda de hombres de la regi\u00f3n. Entre ellos, Renato un joven de trece a\u00f1os con mucha imaginaci\u00f3n.<\/p>\n<ul>\n<li>Reparto: Giusseppe Sulfaro, Luciano Federico, Matilde piana, Pietro Notarianni y Gaetano Aronica<\/li>\n<li>Plataformas de streaming: <strong>Rakuten TV<\/strong> y <strong>Amazon<\/strong> (Bajo alquiler o compra)<\/li>\n<\/ul>\n<p>\u2018La verdad oculta\u2019<\/p>\n<p><img loading=\"lazy\" decoding=\"async\" class=\"wp-image-15500066 size-medium\" alt=\"\" width=\"620\" height=\"349\"  src=\"https:\/\/www.europesays.com\/es\/wp-content\/uploads\/2025\/09\/19833464_cropped-620x349.jpg\" \/> \u2018La verdad oculta\u2019 (Mandalay Vision).<\/p>\n<p>Basada en hechos reales, en <strong>el contexto de la guerra de los Balcanes<\/strong>, una agente de polic\u00eda de Nebraska que viaja al pa\u00eds del conflicto como observadora de la Naciones Unidas. La trama parte de la historia ver\u00eddica de Kathryn Bolkovac, quien acudi\u00f3 a Bosnia a investigar varios casos de tr\u00e1fico sexual.<\/p>\n<ul>\n<li>Reparto: Rachel Weisz, Benedict Cumberbatch, Vanessa Redgrave, David Strathaim, David Hewlett y Liam Cunningham<\/li>\n<li>Plataformas de streaming: <strong>Amazon<\/strong> (bajo alquiler o compra)<\/li>\n<\/ul>\n<p>\u2018Flash-back\u2019<\/p>\n<p><img loading=\"lazy\" decoding=\"async\" class=\"size-medium wp-image-15500071\" alt=\"\" width=\"620\" height=\"349\"  src=\"https:\/\/www.europesays.com\/es\/wp-content\/uploads\/2025\/09\/l_appartement-332914220-large_cropped-620x349.jpg\" \/> \u00bbFlash-back\u2019 (Mate Production).<\/p>\n<p>Drama rom\u00e1ntico en el que Max, un mujeriego parisino que est\u00e1 a punto de casarse, se encuentra por casualidad en un caf\u00e9 con Lisa, un <strong>antiguo amor<\/strong> de su juventud.<\/p>\n<ul>\n<li>Reparto: Vicent Cassell, Romane Bohringer, Jean-Philippe Ecoffey, Sandrine Kiberlain y Jorge Bosch<\/li>\n<li>Plataformas de streaming: Por el momento, no est\u00e1 disponible en ning\u00fan cat\u00e1logo online<\/li>\n<\/ul>\n<p>\u2018La pasi\u00f3n de Cristo\u2019<\/p>\n<p><img loading=\"lazy\" decoding=\"async\" class=\"size-medium wp-image-15500076\" alt=\"\" width=\"620\" height=\"349\"  src=\"https:\/\/www.europesays.com\/es\/wp-content\/uploads\/2025\/09\/monica-bellucci-mariamagdalena_cropped-620x349.jpg\" \/> \u2018La pasi\u00f3n de Cristo\u2019 \u2018La pasio\u0301n de Cristo\u2019 (Newmarket).<\/p>\n<p>En un memorable papel de <strong>Mar\u00eda Magdalena<\/strong>, Bellucci form\u00f3 parte del controvertido y exitoso filme b\u00edblico de Mel Gibson. Un trabajo que en 2026 recibir\u00e1 una secuela, sin que todav\u00eda sepamos exactamente si la actriz italiana retomar\u00e1 su rol.<\/p>\n<ul>\n<li>Reparto: Jim Caviezel, Maia Morgenstern, Francesco Cabras, Rosalinda Celentano y Claudia Gerini<\/li>\n<li>Plataformas de streaming: <strong>Netflix<\/strong><\/li>\n<\/ul>\n","protected":false},"excerpt":{"rendered":"Con el reciente fallecimiento de Claudia Cardinale todav\u00eda en la memoria, hoy otra diva italiana es noticia, aunque&hellip;\n","protected":false},"author":2,"featured_media":149425,"comment_status":"","ping_status":"","sticky":false,"template":"","format":"standard","meta":{"footnotes":""},"categories":[169],"tags":[177,146,147,25,24,176,175,23],"class_list":{"0":"post-149424","1":"post","2":"type-post","3":"status-publish","4":"format-standard","5":"has-post-thumbnail","7":"category-cine","8":"tag-cine","9":"tag-entertainment","10":"tag-entretenimiento","11":"tag-es","12":"tag-espana","13":"tag-film","14":"tag-movies","15":"tag-spain"},"share_on_mastodon":{"url":"","error":""},"_links":{"self":[{"href":"https:\/\/www.europesays.com\/es\/wp-json\/wp\/v2\/posts\/149424","targetHints":{"allow":["GET"]}}],"collection":[{"href":"https:\/\/www.europesays.com\/es\/wp-json\/wp\/v2\/posts"}],"about":[{"href":"https:\/\/www.europesays.com\/es\/wp-json\/wp\/v2\/types\/post"}],"author":[{"embeddable":true,"href":"https:\/\/www.europesays.com\/es\/wp-json\/wp\/v2\/users\/2"}],"replies":[{"embeddable":true,"href":"https:\/\/www.europesays.com\/es\/wp-json\/wp\/v2\/comments?post=149424"}],"version-history":[{"count":0,"href":"https:\/\/www.europesays.com\/es\/wp-json\/wp\/v2\/posts\/149424\/revisions"}],"wp:featuredmedia":[{"embeddable":true,"href":"https:\/\/www.europesays.com\/es\/wp-json\/wp\/v2\/media\/149425"}],"wp:attachment":[{"href":"https:\/\/www.europesays.com\/es\/wp-json\/wp\/v2\/media?parent=149424"}],"wp:term":[{"taxonomy":"category","embeddable":true,"href":"https:\/\/www.europesays.com\/es\/wp-json\/wp\/v2\/categories?post=149424"},{"taxonomy":"post_tag","embeddable":true,"href":"https:\/\/www.europesays.com\/es\/wp-json\/wp\/v2\/tags?post=149424"}],"curies":[{"name":"wp","href":"https:\/\/api.w.org\/{rel}","templated":true}]}}