{"id":149434,"date":"2025-09-30T21:36:13","date_gmt":"2025-09-30T21:36:13","guid":{"rendered":"https:\/\/www.europesays.com\/es\/149434\/"},"modified":"2025-09-30T21:36:13","modified_gmt":"2025-09-30T21:36:13","slug":"la-flotilla-que-viaja-a-gaza-llega-a-la-zona-de-riesgo-e-israel-se-prepara-para-interceptarla","status":"publish","type":"post","link":"https:\/\/www.europesays.com\/es\/149434\/","title":{"rendered":"La flotilla que viaja a Gaza llega a la zona de riesgo e Israel se prepara para interceptarla"},"content":{"rendered":"\n<p> La<a href=\"https:\/\/globalsumudflotilla.org\/es\/\" target=\"_blank\" rel=\"nofollow noopener\"> Global Sumud Flotilla<\/a> ha informado este martes de que ha llegado a la zona en <strong>aguas internacionales <\/strong>en la que Israel ya asalt\u00f3 a anteriores embarcaciones cargadas con ayuda humanitaria destinada a la Franja de Gaza y ha avisado de que el buque <a href=\"https:\/\/www.elconfidencial.com\/espana\/2025-09-24\/sanchez-responde-jurado-popular-gaza-buque-flotilla_4215686\/\" target=\"_self\" rel=\"nofollow noopener\">enviado por el Gobierno espa\u00f1ol<\/a> puede llegar \u00abtarde\u00bb. <\/p>\n<p> \u00abEn este punto de navegaci\u00f3n, cerca de las 150 millas n\u00e1uticas, nos encontramos con que se entra en una zona de aguas internacionales <strong>en las que Israel ya asalt\u00f3 anteriores barcos<\/strong> de la Flotilla de la Libertad\u00bb, ha comunicado, antes de<strong> denunciar el desamparo<\/strong> de la comunidad internacional en su camino al enclave palestino. <\/p>\n<p> En este sentido, ha asegurado que <a href=\"https:\/\/www.elconfidencial.com\/espana\/2025-09-25\/furor-patrullero-armada-gaza-sanchez-israel-armas_4215733\/\" target=\"_self\" rel=\"nofollow noopener\">la fragata de la Armada espa\u00f1ola<\/a> \u00absigue navegando\u00bb <strong>a una velocidad de crucero <\/strong>que apenas alcanza la mitad de su capacidad m\u00e1xima, por lo que no llegar\u00e1 a la flotilla hasta este mi\u00e9rcoles a mediod\u00eda <strong>\u00aben el mejor de los casos\u00bb.<\/strong> <\/p>\n<p> \u00abEsto podr\u00eda llegar tarde, cuando Israel haya vuelto a cometer <strong>otro acto de pirater\u00eda<\/strong> en aguas internacionales ante <strong>la pasividad de los gobiernos<\/strong>, que no han ofrecido una protecci\u00f3n &#8216;a priori&#8217; ni con garant\u00edas ni a tiempo\u00bb, ha advertido. <\/p>\n<p>              <img decoding=\"async\" class=\"inTextNews__img\" alt=\"Foto: furor-patrullero-armada-gaza-sanchez-israel-armas\" src=\"https:\/\/www.europesays.com\/es\/wp-content\/uploads\/2025\/09\/f.elconfidencial.com\/original\/51d\/fb5\/6ef\/51dfb56ef77bf90a666f30bc303be1b6.jpg\"  \/>     <\/p>\n<p>TE PUEDE INTERESAR<\/p>\n<p>      <a class=\"inTextNews__title\" href=\"https:\/\/www.elconfidencial.com\/espana\/2025-09-25\/furor-patrullero-armada-gaza-sanchez-israel-armas_4215733\/\" onclick=\"window.ECCO.emit(&#039;amplitude&#039;, { dataEventName: &#039;click_related_article_module&#039;, data: { related_article_url: &#039;https:\/\/www.elconfidencial.com\/espana\/2025-09-25\/furor-patrullero-armada-gaza-sanchez-israel-armas_4215733\/&#039;, related_article_author: &#039;Jos\u00e9 Mar\u00eda Olmo&#039;, related_article_section: &#039;espana&#039; } })\" rel=\"nofollow noopener\" target=\"_blank\"> \u00bfQuiere S\u00e1nchez invadir Israel con un patrullero? Una misi\u00f3n confusa, urgente y con pistolas y subfusiles a bordo <\/a>   <\/p>\n<p>    Jos\u00e9 Mar\u00eda Olmo   <\/p>\n<p> Adem\u00e1s, ha informado de que el Gobierno italiano les ha comunicado que su fragata desplegada \u00abpronto emitir\u00e1 una llamada por radio ofreciendo a las participantes la &#8216;oportunidad&#8217; de <strong>abandonar la navegaci\u00f3n y regresar a la costa<\/strong>\u00abhttps:\/\/www.elconfidencial.com\/mundo\/2025-09-30\/flotilla-gaza-zona-riesgo-buque-llegar-tarde_4219521\/.\u00bbEl barco italiano coacciona y nos abandona\u00bb, ha recriminado, despu\u00e9s de que el gabinete de Giorgia Meloni haya hecho un \u00faltimo llamamiento <strong>para que no avancen.<\/strong> <\/p>\n<p> \u00abEs un intento de desmoralizar y fracturar <a href=\"https:\/\/www.elconfidencial.com\/mundo\/2025-09-24\/la-flotilla-denuncia_4215010\/\" target=\"_self\" rel=\"nofollow noopener\">una misi\u00f3n humanitaria pac\u00edfica <\/a>que los gobiernos no han asumido, a pesar de que es su silencio y complicidad lo que ha conducido a este escenario. Esto es <strong>cobard\u00eda disfrazada de diplomacia<\/strong>. Si Italia realmente quisiera proteger vidas, no estar\u00eda actuando<a href=\"https:\/\/www.elconfidencial.com\/espana\/2025-09-26\/buque-guerra-gaza-armada-flotilla-1hms_4216433\/\" target=\"_self\" rel=\"nofollow noopener\"> como facilitadora de Israel<\/a> ni presionar\u00eda a los civiles para que se retiren\u00bb, ha aseverado. <\/p>\n<p>              <img decoding=\"async\" class=\"inTextNews__img\" alt=\"Foto: buque-guerra-gaza-armada-flotilla-1hms\" src=\"https:\/\/www.europesays.com\/es\/wp-content\/uploads\/2025\/09\/f.elconfidencial.com\/original\/14a\/2e7\/e1f\/14a2e7e1fa0c2e6ff126ba23e4b4b565.jpg\"  \/>     <\/p>\n<p>TE PUEDE INTERESAR<\/p>\n<p>      <a class=\"inTextNews__title\" href=\"https:\/\/www.elconfidencial.com\/espana\/2025-09-26\/buque-guerra-gaza-armada-flotilla-1hms_4216433\/\" onclick=\"window.ECCO.emit(&#039;amplitude&#039;, { dataEventName: &#039;click_related_article_module&#039;, data: { related_article_url: &#039;https:\/\/www.elconfidencial.com\/espana\/2025-09-26\/buque-guerra-gaza-armada-flotilla-1hms_4216433\/&#039;, related_article_author: &#039;Enrique Andr\u00e9s Pretel&#039;, related_article_section: &#039;espana&#039; } })\" rel=\"nofollow noopener\" target=\"_blank\"> Gaza s\u00ed, mar Rojo no: la delgada l\u00ednea entre la diplomacia militar y la politizaci\u00f3n de las Fuerzas Armadas <\/a>   <\/p>\n<p>    Enrique Andr\u00e9s Pretel   <\/p>\n<p> As\u00ed, ha sostenido que Roma deber\u00eda utilizar este barco \u00abque envi\u00f3 para <strong>garantizar el paso seguro <\/strong>de voluntarios civiles pac\u00edficos a Gaza, hacer cumplir el Derecho Internacional y<strong> entregar suministros vitales<\/strong>\u00ab, alegando que \u00abcualquier otra medida es complicidad\u00bbhttps:\/\/www.elconfidencial.com\/mundo\/2025-09-30\/flotilla-gaza-zona-riesgo-buque-llegar-tarde_4219521\/.\u00bbQueremos dejarlo claro: esto no es protecci\u00f3n, <strong>es sabotaje<\/strong>\u00ab, ha a\u00f1adido. <\/p>\n<p> La flotilla ha recordado que \u00abtodos\u00bb los participantes<strong> son conscientes de los \u00abriesgos<\/strong> que conlleva una misi\u00f3n as\u00ed\u00bb, pero ha subrayado que forman parte de ella \u00abporque es mucho m\u00e1s peligroso permanecer en silencio ante <strong>el genocidio, la hambruna y el castigo colectivo <\/strong>que navegar transportando <a href=\"https:\/\/www.elconfidencial.com\/mundo\/2025-07-22\/gaza-hambre-ayuda-genocidio-israel-1hms_4177461\/\" target=\"_self\" rel=\"nofollow noopener\">ayuda humanitaria<\/a>\u00ab. <\/p>\n<p> \u00abEl Gobierno italiano lo sabe y, sin embargo, solo opta por escoltarnos hasta el punto de peligro y luego intentar separarnos, d<strong>evolvi\u00e9ndonos a la costa con las manos vac\u00edas<\/strong>, mientras<a href=\"https:\/\/www.elconfidencial.com\/mundo\/2025-09-30\/plan-paz-gaza-trump-netanyahu-1hms_4218897\/\" target=\"_self\" rel=\"nofollow noopener\"> Israel contin\u00faa masacrando <\/a>y privando de comida al pueblo palestino con total impunidad\u00bb, ha denunciado, argumentando que, si las autoridades italianas \u00abquieren ser recordadas por su valent\u00eda\u00bb, <strong>\u00abdeben navegar\u00bb con ellos.<\/strong> <\/p>\n<p>            Israel se prepara para interceptarles           <\/p>\n<p> Es por ello que ha reiterado que<strong> \u00abla flotilla sigue adelante<\/strong>\u00bb y que \u00abla Marina italiana no detendr\u00e1 esta misi\u00f3n\u00bbhttps:\/\/www.elconfidencial.com\/mundo\/2025-09-30\/flotilla-gaza-zona-riesgo-buque-llegar-tarde_4219521\/.\u00bbLa exigencia humanitaria de romper el bloqueo no puede ser minada y nuestra responsabilidad moral no puede tirarse por la borda. Cada milla n\u00e1utica que navegamos, cada amenaza que enfrentamos, solo subraya lo que los gobiernos no han hecho y lo que<strong> la sociedad civil se ve obligada a hacer\u00bb<\/strong>, ha concluido. <\/p>\n<p> Mientras, aviones israel\u00edes y buques de la Armada se preparan<strong> para interceptar a la Flotilla Global Sumud<\/strong> que <a href=\"https:\/\/www.elconfidencial.com\/espana\/2025-09-26\/flotilla-gaza-mision-humanitaria-barcos-1tps_4216730\/\" target=\"_self\" rel=\"nofollow noopener\">se dirige a Gaza<\/a> en las pr\u00f3ximas horas y hundir algunos de sus barcos ante la perspectiva de no poder remolcarlos todos, inform\u00f3 este martes la radio p\u00fablica israel\u00ed Kan. Seg\u00fan Kan, Israel reunir\u00e1 en buques de su Armada a los <strong>m\u00e1s de 500 activistas <\/strong>que viajan en los 40 barcos de la Flotilla para llevarlos al puerto de la ciudad de Asdod (centro de Israel), donde<strong> ser\u00e1n interrogados y deportados<\/strong> como en ocasiones anteriores. <\/p>\n<p> \u00abEl hecho de que haya alrededor de cincuenta buques<strong> no permitir\u00e1 remolcarlos a todos,<\/strong> por lo que algunos ser\u00e1n hundidos en el mar\u00bb, inform\u00f3 Kan. La radio p\u00fablica asegur\u00f3 que las autoridades se preparan para interceptar a la Flotilla en las pr\u00f3ximas 24 horas, si bien la proximidad de las naves a la zona considerada \u00abde riesgo\u00bb plantea la posibilidad de que<strong> sean detenidos esta noche<\/strong>, seg\u00fan compartieron algunos de los activistas a bordo de los barcos. <\/p>\n<p> La<a href=\"https:\/\/globalsumudflotilla.org\/es\/\" target=\"_blank\" rel=\"nofollow noopener\"> Global Sumud Flotilla<\/a> ha informado este martes de que ha llegado a la zona en <strong>aguas internacionales <\/strong>en la que Israel ya asalt\u00f3 a anteriores embarcaciones cargadas con ayuda humanitaria destinada a la Franja de Gaza y ha avisado de que el buque <a href=\"https:\/\/www.elconfidencial.com\/espana\/2025-09-24\/sanchez-responde-jurado-popular-gaza-buque-flotilla_4215686\/\" target=\"_self\" rel=\"nofollow noopener\">enviado por el Gobierno espa\u00f1ol<\/a> puede llegar \u00abtarde\u00bb. <\/p>\n","protected":false},"excerpt":{"rendered":"La Global Sumud Flotilla ha informado este martes de que ha llegado a la zona en aguas internacionales&hellip;\n","protected":false},"author":2,"featured_media":149435,"comment_status":"","ping_status":"","sticky":false,"template":"","format":"standard","meta":{"footnotes":""},"categories":[42],"tags":[17,18,13,14,11,61,62,63,64,19,20,9,10,15,16,12,21,22,65,66,67],"class_list":{"0":"post-149434","1":"post","2":"type-post","3":"status-publish","4":"format-standard","5":"has-post-thumbnail","7":"category-internacional","8":"tag-breaking-news","9":"tag-breakingnews","10":"tag-featured-news","11":"tag-featurednews","12":"tag-headlines","13":"tag-internacional","14":"tag-international","15":"tag-international-news","16":"tag-internationalnews","17":"tag-latest-news","18":"tag-latestnews","19":"tag-news","20":"tag-noticias","21":"tag-noticias-destacadas","22":"tag-noticiasdestacadas","23":"tag-titulares","24":"tag-ultimas-noticias","25":"tag-ultimasnoticias","26":"tag-world","27":"tag-world-news","28":"tag-worldnews"},"share_on_mastodon":{"url":"","error":""},"_links":{"self":[{"href":"https:\/\/www.europesays.com\/es\/wp-json\/wp\/v2\/posts\/149434","targetHints":{"allow":["GET"]}}],"collection":[{"href":"https:\/\/www.europesays.com\/es\/wp-json\/wp\/v2\/posts"}],"about":[{"href":"https:\/\/www.europesays.com\/es\/wp-json\/wp\/v2\/types\/post"}],"author":[{"embeddable":true,"href":"https:\/\/www.europesays.com\/es\/wp-json\/wp\/v2\/users\/2"}],"replies":[{"embeddable":true,"href":"https:\/\/www.europesays.com\/es\/wp-json\/wp\/v2\/comments?post=149434"}],"version-history":[{"count":0,"href":"https:\/\/www.europesays.com\/es\/wp-json\/wp\/v2\/posts\/149434\/revisions"}],"wp:featuredmedia":[{"embeddable":true,"href":"https:\/\/www.europesays.com\/es\/wp-json\/wp\/v2\/media\/149435"}],"wp:attachment":[{"href":"https:\/\/www.europesays.com\/es\/wp-json\/wp\/v2\/media?parent=149434"}],"wp:term":[{"taxonomy":"category","embeddable":true,"href":"https:\/\/www.europesays.com\/es\/wp-json\/wp\/v2\/categories?post=149434"},{"taxonomy":"post_tag","embeddable":true,"href":"https:\/\/www.europesays.com\/es\/wp-json\/wp\/v2\/tags?post=149434"}],"curies":[{"name":"wp","href":"https:\/\/api.w.org\/{rel}","templated":true}]}}