{"id":149436,"date":"2025-09-30T21:37:26","date_gmt":"2025-09-30T21:37:26","guid":{"rendered":"https:\/\/www.europesays.com\/es\/149436\/"},"modified":"2025-09-30T21:37:26","modified_gmt":"2025-09-30T21:37:26","slug":"el-lehendakari-no-amenazo-a-ayuso-con-pim-pam-pum","status":"publish","type":"post","link":"https:\/\/www.europesays.com\/es\/149436\/","title":{"rendered":"El lehendakari no amenaz\u00f3 a Ayuso con \u201cpim, pam, pum\u201d"},"content":{"rendered":"<p>La presidenta de la Comunidad de Madrid, Isabel D\u00edaz Ayuso, acus\u00f3 este lunes a su hom\u00f3logo en el Pa\u00eds Vasco, Imanol Pradales, de amenazarla con la frase \u201cAyuso, entzun: pim, pam, pum\u201d (Ayuso, escucha: pim, pam, pum), una consigna asociada a ETA. Sin embargo, el lehendakari del PNV realmente dijo \u201cAyuso entzun, Euskadi euskaldun\u201d. En castellano esto significa \u201cAyuso, escucha: Euskadi es euskaldun\u201d, que se puede interpretar como \u201cEuskadi es vaco\u201d o \u201cEuskadi es vascoparlante\u201d, <a href=\"https:\/\/www.euskadi.eus\/traductor\/\" rel=\"nofollow noopener\" target=\"_blank\">como indica el traductor del Gobierno de Euskadi<\/a>.<\/p>\n<ul class=\"wp-block-list\">\n<li>Hemos preguntado al equipo de la dirigente del PP en la Comunidad de Madrid por sus declaraciones, aunque, por el momento, no hemos recibido respuesta.\u00a0<\/li>\n<\/ul>\n<p><strong>Qu\u00e9 dijo Ayuso<\/strong>. \u201cEl lehendakari ayer o antes de ayer en un mitin me mand\u00f3 un recado un tanto preocupante, porque lo de Ayuso, entzun: pim, pam, pum, que es lo que se dec\u00eda anta\u00f1o, me parece altamente preocupante\u201d, afirm\u00f3 la presidenta madrile\u00f1a este lunes en una entrevista en El programa de Ana Rosa (<a href=\"https:\/\/www.telecinco.es\/noticias\/espana\/20250929\/isabel-diaz-ayuso-entrevista-defiende-pareja-gonzalez-amador-rehen-gobierno_18_016711844.html\" rel=\"nofollow noopener\" target=\"_blank\">min. 32:50<\/a>).<\/p>\n<ul class=\"wp-block-list\">\n<li><strong>\u201c<\/strong><strong>Entzun: Pim, pam, pum<\/strong><strong>\u201d.<\/strong> Ayuso acus\u00f3 a Pradales de amenazarla con consignas que utilizaba la banda terrorista ETA y su entorno para se\u00f1alar en su campa\u00f1a de intimidaci\u00f3n a polic\u00edas, pol\u00edticos y empresarios, entre otros objetivos, como recogen distintos medios de comunicaci\u00f3n (<a href=\"https:\/\/elpais.com\/diario\/1996\/02\/25\/espana\/825202815_850215.html\" rel=\"nofollow noopener\" target=\"_blank\">1<\/a>, <a href=\"https:\/\/elpais.com\/diario\/2000\/06\/29\/espana\/962229603_850215.html\" rel=\"nofollow noopener\" target=\"_blank\">2<\/a>, <a href=\"https:\/\/www.gesto.org\/archivos\/201403\/76b.-19970112-el-correo-acto-getxo.pdf\" rel=\"nofollow noopener\" target=\"_blank\">3<\/a>), sumarios de la <a href=\"https:\/\/www.fiscal.es\/documents\/20142\/44916\/Calificacion_ETA_BATASUNA.pdf\/e680f8ef-0dc9-9014-1845-b477d8e4cc7b\" rel=\"nofollow noopener\" target=\"_blank\">Fiscal\u00eda<\/a>, sentencias del <a href=\"https:\/\/www.iustel.com\/diario_del_derecho\/noticia.asp?ref_iustel=1001664&amp;\" rel=\"nofollow noopener\" target=\"_blank\">Tribunal Supremo<\/a> o informes del <a href=\"https:\/\/www.euskadi.eus\/contenidos\/informacion\/documentos_paz_convivencia\/es_def\/adjuntos\/INFORME_PERSECUCION%20CONCEJALES%20CAS.pdf\" rel=\"nofollow noopener\" target=\"_blank\">Gobierno vasco<\/a>.\u00a0\u00a0<\/li>\n<\/ul>\n<p><strong>Qu\u00e9 dijo Pradales<\/strong>. En realidad, el lehendakari no pronunci\u00f3 esas palabras en ning\u00fan momento, sino que <a href=\"https:\/\/www.youtube.com\/live\/DcGSdFlxOtU?si=bygNby4nGlP5H74t&amp;t=7279\" rel=\"nofollow noopener\" target=\"_blank\">dijo lo siguiente<\/a>: \u201cAyuso entzun, Euskadi euskaldun\u201d, en un discurso el 28 de septiembre durante un encuentro con la militancia jeltzale, en defensa de la lengua y la cultura vascas.<\/p>\n<ul class=\"wp-block-list\">\n<li>Tras las declaraciones de Ayuso, en <a href=\"https:\/\/radiopopular.com\/podcast\/pradales-sobre-las-declaraciones-de-ayuso-es-indignante-e-inaceptable\" rel=\"nofollow noopener\" target=\"_blank\">una entrevista<\/a> este martes en Radio Popular de Bilbao, Pradales ha respondido a la presidenta madrile\u00f1a. \u201cMe indigna c\u00f3mo se manipulan burdamente mis palabras, c\u00f3mo se banaliza el uso de la violencia y a ETA, y c\u00f3mo se apunta a una amenaza por mi parte\u201d.<\/li>\n<\/ul>\n<ul class=\"wp-block-list\">\n<li>\u201cYo lo que estaba haciendo era una defensa del euskera y una petici\u00f3n p\u00fablica de respeto hacia nuestra lengua y, sinceramente, si le incomod\u00f3, lo siento. Ahora bien, en pol\u00edtica no todo vale\u201d, ha manifestado el lehendakari.<\/li>\n<\/ul>\n<p><strong>Contexto<\/strong>. Ayuso acapar\u00f3 la atenci\u00f3n medi\u00e1tica en la <a href=\"https:\/\/www.newtral.es\/conferencia-presidentes-xxviii\/20250604\/\" rel=\"nofollow noopener\" target=\"_blank\">Conferencia de Presidentes<\/a> celebrada en Barcelona el pasado junio <a href=\"https:\/\/efe.com\/espana\/2025-06-06\/ayuso-conferencia-presidentes-euskera-catalan-traduccion-simultanea\/\" rel=\"nofollow noopener\" target=\"_blank\">al levantarse y abandonar la sala<\/a> cuando Pradales empez\u00f3 a hablar en euskera. No volvi\u00f3 hasta que no hubo terminado el presidente de Catalu\u00f1a, Salvador Illa, que hablaba en catal\u00e1n y entr\u00f3 justo para escuchar al gallego Alfonso Rueda, del PP.\u00a0<\/p>\n<ul class=\"wp-block-list\">\n<li>\u201cTodo lo que me tengan que decir en los pasillos en espa\u00f1ol, o lo dicen dentro en el mismo idioma o me saldr\u00e9\u201d, <a href=\"https:\/\/efe.com\/comunidad-de-madrid\/2025-06-05\/diaz-ayuso-conferencia-presidentes-espanol-traduccion-simultanea\/\" rel=\"nofollow noopener\" target=\"_blank\">hab\u00eda avisado<\/a> la presidenta madrile\u00f1a un d\u00eda antes del evento.\u00a0<\/li>\n<\/ul>\n","protected":false},"excerpt":{"rendered":"La presidenta de la Comunidad de Madrid, Isabel D\u00edaz Ayuso, acus\u00f3 este lunes a su hom\u00f3logo en el&hellip;\n","protected":false},"author":2,"featured_media":149437,"comment_status":"","ping_status":"","sticky":false,"template":"","format":"standard","meta":{"footnotes":""},"categories":[8],"tags":[17,18,25,24,2152,13,14,11,3515,19,20,9,10,15,16,264,23,12,21,22],"class_list":{"0":"post-149436","1":"post","2":"type-post","3":"status-publish","4":"format-standard","5":"has-post-thumbnail","7":"category-espana","8":"tag-breaking-news","9":"tag-breakingnews","10":"tag-es","11":"tag-espana","12":"tag-eta","13":"tag-featured-news","14":"tag-featurednews","15":"tag-headlines","16":"tag-isabel-diaz-ayuso","17":"tag-latest-news","18":"tag-latestnews","19":"tag-news","20":"tag-noticias","21":"tag-noticias-destacadas","22":"tag-noticiasdestacadas","23":"tag-pais-vasco","24":"tag-spain","25":"tag-titulares","26":"tag-ultimas-noticias","27":"tag-ultimasnoticias"},"share_on_mastodon":{"url":"","error":""},"_links":{"self":[{"href":"https:\/\/www.europesays.com\/es\/wp-json\/wp\/v2\/posts\/149436","targetHints":{"allow":["GET"]}}],"collection":[{"href":"https:\/\/www.europesays.com\/es\/wp-json\/wp\/v2\/posts"}],"about":[{"href":"https:\/\/www.europesays.com\/es\/wp-json\/wp\/v2\/types\/post"}],"author":[{"embeddable":true,"href":"https:\/\/www.europesays.com\/es\/wp-json\/wp\/v2\/users\/2"}],"replies":[{"embeddable":true,"href":"https:\/\/www.europesays.com\/es\/wp-json\/wp\/v2\/comments?post=149436"}],"version-history":[{"count":0,"href":"https:\/\/www.europesays.com\/es\/wp-json\/wp\/v2\/posts\/149436\/revisions"}],"wp:featuredmedia":[{"embeddable":true,"href":"https:\/\/www.europesays.com\/es\/wp-json\/wp\/v2\/media\/149437"}],"wp:attachment":[{"href":"https:\/\/www.europesays.com\/es\/wp-json\/wp\/v2\/media?parent=149436"}],"wp:term":[{"taxonomy":"category","embeddable":true,"href":"https:\/\/www.europesays.com\/es\/wp-json\/wp\/v2\/categories?post=149436"},{"taxonomy":"post_tag","embeddable":true,"href":"https:\/\/www.europesays.com\/es\/wp-json\/wp\/v2\/tags?post=149436"}],"curies":[{"name":"wp","href":"https:\/\/api.w.org\/{rel}","templated":true}]}}