{"id":149438,"date":"2025-09-30T21:38:14","date_gmt":"2025-09-30T21:38:14","guid":{"rendered":"https:\/\/www.europesays.com\/es\/149438\/"},"modified":"2025-09-30T21:38:14","modified_gmt":"2025-09-30T21:38:14","slug":"cuatro-sorpresas-en-el-once-del-atletico-ante-el-eintracht","status":"publish","type":"post","link":"https:\/\/www.europesays.com\/es\/149438\/","title":{"rendered":"Cuatro &#8216;sorpresas&#8217; en el once del Atl\u00e9tico ante el Eintracht"},"content":{"rendered":"<p data-gtm-element-container=\"modulo-texto-link\" class=\"paragraph\"><strong>Diego Pablo Simoene,<\/strong> entrenador del <strong>Atl\u00e9tico de Madrid<\/strong>, ha dado a conocer el once inicial de su equipo para medirse al <strong>Eintracht de Fankfurt<\/strong>, en esta segunda jornada de la<strong> Liga de Campeone<\/strong>s. Un equipo inicial con cuatro cambios, rotaciones, o \u2018sorpresas\u2019, como lo prefieran, respecto al que jug\u00f3 hace unos d\u00edas ante el <strong>Real Madrid, <\/strong>en el derbi de <strong>Liga<\/strong>.<\/p>\n<p>        Lee tambi\u00e9n<\/p>\n<p>    Redacci\u00f3n<\/p>\n<p>             <img loading=\"lazy\" decoding=\"async\" data-full-src=\"https:\/\/www.mundodeportivo.com\/uploads\/2025\/03\/12\/67d1edfe7ac4e.jpeg\" alt=\"Horizontal\" width=\"334\" height=\"164\" src=\"https:\/\/www.europesays.com\/es\/wp-content\/uploads\/2025\/09\/67d1edfe7ac4e.r_d.2567-1765.jpeg\" class=\"lazy\"\/><\/p>\n<p data-gtm-element-container=\"modulo-texto-link\" class=\"paragraph\"><strong>Matteo Ruggeri, Conor Gallagher, Giacomo Raspadori <\/strong>y <strong>Antoine Griezmann<\/strong> son las cuatro novedades que introduce el<strong> Cholo <\/strong>en el equipo, respecto a los que iniciaron ante el cuadro blanco hace unos pocos d\u00edas.<\/p>\n<p data-gtm-element-container=\"modulo-texto-link\" class=\"paragraph\">Salen del equipo el lesionado <strong>Sorloth<\/strong>, que se cay\u00f3 de la lista por unas molestias derivadas de un golpe que recibi\u00f3 ante el <strong>Real Madrid<\/strong>; <strong>Hancko<\/strong>, que descansa; <strong>Koke<\/strong>, que tambi\u00e9n tendr\u00e1 un respiro cuando ven\u00eda jugando todos los choques anteriores desde la lesi\u00f3n de <strong>Cardoso<\/strong>; y <strong>Nico Gonz\u00e1lez<\/strong>, que deja su puesto a <strong>Raspadori<\/strong>.<\/p>\n<p>                <img loading=\"lazy\" decoding=\"async\" data-full-src=\"https:\/\/www.mundodeportivo.com\/uploads\/2025\/09\/30\/68dc1a6b7297e.jpeg\" alt=\"El Atl\u00e9tico de Madrid ya tiene once para medirse al Eintracht.\" width=\"449\" height=\"561\" src=\"https:\/\/www.europesays.com\/es\/wp-content\/uploads\/2025\/09\/68dc1a6b7297e.jpeg\" class=\"lazy\"\/><\/p>\n<p class=\"caption-title \">El Atl\u00e9tico de Madrid ya tiene once para medirse al Eintracht.<\/p>\n<p>                    Club Atl\u00e9tico de Madrid<\/p>\n<p data-gtm-element-container=\"modulo-texto-link\" class=\"paragraph\">El once es el formado por <strong>Oblak; Llorente, Le Normand, Lenglet, Ruggeri; Giuliano, Barrios, Gallagher, Raspadori; Griezmann<\/strong> y <strong>Juli\u00e1n \u00c1lvarez.<\/strong><\/p>\n<p>        Lee tambi\u00e9n<\/p>\n<p>    Chema G. Fuente<\/p>\n<p>             <img loading=\"lazy\" decoding=\"async\" data-full-src=\"https:\/\/www.mundodeportivo.com\/uploads\/2025\/04\/02\/67ed49ac3c524.jpeg\" alt=\"Enrique Cerezo, presidente del Atl\u00e9tico de Madrid, atendi\u00f3 a los medios de comunicaci\u00f3n.\" width=\"334\" height=\"164\" src=\"https:\/\/www.europesays.com\/es\/wp-content\/uploads\/2025\/09\/67ed49ac3c524.jpeg\" class=\"lazy\"\/><\/p>\n<p data-gtm-element-container=\"modulo-texto-link\" class=\"paragraph\">En el banquillo esperar\u00e1n Musso y <strong>Esquivel<\/strong>, como arqueros suplentes; y<strong> Molina, Hancko, Marc Pubill, Javi Gal\u00e1n, Koke, \u00c1lex Baena, Nico Gonz\u00e1lez, Taufik <\/strong>y <strong>Carlos Mart\u00edn<\/strong>, como jugadores de campo.<\/p>\n","protected":false},"excerpt":{"rendered":"Diego Pablo Simoene, entrenador del Atl\u00e9tico de Madrid, ha dado a conocer el once inicial de su equipo&hellip;\n","protected":false},"author":2,"featured_media":149439,"comment_status":"","ping_status":"","sticky":false,"template":"","format":"standard","meta":{"footnotes":""},"categories":[5],"tags":[17,18,25,24,13,14,11,19,20,9,10,15,16,23,12,21,22],"class_list":{"0":"post-149438","1":"post","2":"type-post","3":"status-publish","4":"format-standard","5":"has-post-thumbnail","7":"category-titulares","8":"tag-breaking-news","9":"tag-breakingnews","10":"tag-es","11":"tag-espana","12":"tag-featured-news","13":"tag-featurednews","14":"tag-headlines","15":"tag-latest-news","16":"tag-latestnews","17":"tag-news","18":"tag-noticias","19":"tag-noticias-destacadas","20":"tag-noticiasdestacadas","21":"tag-spain","22":"tag-titulares","23":"tag-ultimas-noticias","24":"tag-ultimasnoticias"},"share_on_mastodon":{"url":"","error":""},"_links":{"self":[{"href":"https:\/\/www.europesays.com\/es\/wp-json\/wp\/v2\/posts\/149438","targetHints":{"allow":["GET"]}}],"collection":[{"href":"https:\/\/www.europesays.com\/es\/wp-json\/wp\/v2\/posts"}],"about":[{"href":"https:\/\/www.europesays.com\/es\/wp-json\/wp\/v2\/types\/post"}],"author":[{"embeddable":true,"href":"https:\/\/www.europesays.com\/es\/wp-json\/wp\/v2\/users\/2"}],"replies":[{"embeddable":true,"href":"https:\/\/www.europesays.com\/es\/wp-json\/wp\/v2\/comments?post=149438"}],"version-history":[{"count":0,"href":"https:\/\/www.europesays.com\/es\/wp-json\/wp\/v2\/posts\/149438\/revisions"}],"wp:featuredmedia":[{"embeddable":true,"href":"https:\/\/www.europesays.com\/es\/wp-json\/wp\/v2\/media\/149439"}],"wp:attachment":[{"href":"https:\/\/www.europesays.com\/es\/wp-json\/wp\/v2\/media?parent=149438"}],"wp:term":[{"taxonomy":"category","embeddable":true,"href":"https:\/\/www.europesays.com\/es\/wp-json\/wp\/v2\/categories?post=149438"},{"taxonomy":"post_tag","embeddable":true,"href":"https:\/\/www.europesays.com\/es\/wp-json\/wp\/v2\/tags?post=149438"}],"curies":[{"name":"wp","href":"https:\/\/api.w.org\/{rel}","templated":true}]}}