{"id":149440,"date":"2025-09-30T21:40:47","date_gmt":"2025-09-30T21:40:47","guid":{"rendered":"https:\/\/www.europesays.com\/es\/149440\/"},"modified":"2025-09-30T21:40:47","modified_gmt":"2025-09-30T21:40:47","slug":"la-masacre-de-un-toro-bravo-y-la-resurreccion-de-un-hierro","status":"publish","type":"post","link":"https:\/\/www.europesays.com\/es\/149440\/","title":{"rendered":"La masacre de un toro bravo y la resurrecci\u00f3n de un hierro"},"content":{"rendered":"<p><strong>La masacre de un toro bravo y la resurrecci\u00f3n de un hierro en una concurso interesante<\/strong><\/p>\n<p>Corrida concurso de ganader\u00edas. Con 1\/3 de plaza en tarde nublada se lidiaron 6 toros de las ganader\u00edas de Concha y Sierra (procedencia casta vazque\u00f1a), Palha (procedencia Oliveira Irmaos y Baltasar Iban), Partido de Resina (antiguo Pablo Romero encaste propio), Murteira Grave (Procedencia Parlad\u00e9), Jos\u00e9 Escolar (encaste Albaserrada) y Rehuelga (Santa Coloma v\u00eda Buend\u00eda) saliendo al ruedo por orden de antig\u00fcedad.<\/p>\n<p>A la postre fue proclamado ganador de la corrida concurso el toro de Partido de Resina, de nombre Excitado, n\u00ba 21 nacido en marzo de 2020 cuya lidia y muerte correspondi\u00f3 al torero G\u00f3mez del Pilar.<\/p>\n<p><strong>Ruben Sanz, <\/strong>de blanco y oro. (Confirma alternativa) 1er toro: 2 Pinchazos y media estocada. (Palmas del paisanaje). 4\u00ba toro; 1 pinchazo, media ca\u00edda y 1 descabello (Silencio).<\/p>\n<p><strong>Javier Herrero<\/strong>: De blanco y oro.\u00a0 2\u00ba toro; Estocada atravesada (Bronca). 5\u00ba toro; Pinchazo y estocada (Silencio tras aviso).<\/p>\n<p><strong>Gomez del Pilar: <\/strong>De verde oliva y oro. 3er toro; Estocada tendida (Vuelta al ruedo). 6\u00ba toro; Estocada suelta en buen sitio (Oreja).<\/p>\n<p><strong>Presidente<\/strong>: D. Roberto G\u00f3mez. Debi\u00f3 devolver el primer toro de Concha y Sierra por manifiesta falta de fuerzas. No concedi\u00f3 la oreja pedida por el p\u00fablico en el 3\u00ba toro con buen criterio. S\u00ed lo hizo en el 6\u00ba ante una petici\u00f3n mayor y que no molesta atendiendo al conjunto de la tarde.<\/p>\n<p><strong>Suerte de varas: <\/strong>Un sinsentido teniendo en cuenta que presenci\u00e1bamos una corrida concurso.<\/p>\n<p>Nulo lucimiento del tercio de varas por parte de los matadores Ruben Sanz y Javier Herrero que no deb\u00edan conocer la circunstancia de estar en una corrida concurso.<\/p>\n<p>S\u00f3lo los toros lidiados por G\u00f3mez del Pilar de Partido de Resina y Rehuelga recibieron 3 puyazos poni\u00e9ndolos en suerte y demostrando inter\u00e9s por la lidia.<\/p>\n<p>Se masacr\u00f3 de manera deleznable al 2\u00ba de la tarde de Palha, en un ejercicio aberrante perpetrado por el picador Carlos Prieto con la connivencia de su matador Javier Herrero que permaneci\u00f3 impasivo ante el destrozo del animal en 2 puyazos eternos donde no par\u00f3 de barrenar.<\/p>\n<p><strong>Cuadrillas<\/strong>: Poco contenido en el apartado de los peones. Destacable la lidia de Ra\u00fal Palancar al de Rehuelga y buen par el 2\u00ba de \u00c1ngel Otero al de Palha.<\/p>\n<p><strong>Toro a toro:<\/strong><\/p>\n<ol>\n<li><strong>MA\u00d1IQUITO N\u00ba 28 de la ganader\u00eda de CONCHA Y SIERRA<\/strong>. Negro bragado meano de capa, 515 kg y nacido en 8\/20. Alto, cornidelantero. Tom\u00f3 2 puyazos sin emplearse. Flojo a lo largo de la lidia sin inter\u00e9s. PITOS<\/li>\n<li><strong>SALTILLO N\u00ba 341<\/strong> <strong>de la ganader\u00eda de PALHA <\/strong>Negro list\u00f3n de capa, 592 kg y nacido en 04\/21. Con trap\u00edo aunque agradable por delante. En el tipo de Iban. Probablemente el toro m\u00e1s bravo en el caballo de la temporada en Madrid. Tom\u00f3 un 1\u00ba puyazo en el que estuvo 3\u00b4 debajo del peto empujando con la cara abajo sin derrotar. En un primer momento el puyazo cae en el sitio pero inexplicablemente el picador Carlos Prieto rectifica a mitad de puyazo para retrasar la puya. El torero Javier Herrero desentiende de la lida. En el 2\u00ba puyazo se arranca de largo volviendo a hacer una buena pelea empujando abajo durante otros 2\u00b4 de los que el animal sale exhausto con varios puyazos en uno. En la muleta saca nobleza a pesar de que acuse el castigo. OVACI\u00d3N<\/li>\n<li><strong>EXCITADO N\u00ba 21<\/strong> <strong>de la ganader\u00eda de PARTIDO DE RESINA <\/strong>C\u00e1rdeno de capa, 546 kg y nacido en 03\/20 En tipo, aunque de menos trap\u00edo que sus hermanos del desaf\u00edo una semana antes. Se deja pegar en las 2 primeras varas. En el tercero no consiguen pararlo en suerte entrando al paso y recibiendo un puyazo por parte de Sang\u00fcesa se\u00f1alado sin empujar. El toro galopa en banderillas y se viene de lejos en la muleta sacando clase con un puntito de casta interesante. Muerte de bravo. OVACI\u00d3N<\/li>\n<li><strong>PINANTO N\u00ba 71<\/strong> <strong>de la ganader\u00eda de MURTEIRA GRAVE <\/strong>Negro list\u00f3n, bragado, meano de capa, 547 kg y nacido en 8\/20. Serio, muy rematado y bien armado, veleto. Empuja con la cara arriba el primer puyazo. En el 2\u00ba se arranca derecho pero solo recibe un rasponazo inexistente para cambiar inexplicablemente el tercio sin una 3\u00aa entrada. Result\u00f3 protest\u00f3n y \u00e1spero en la muleta. SILENCIO<\/li>\n<li><strong>CONSEJERO I N\u00ba 64<\/strong> <strong>de la ganader\u00eda de JOS\u00c9 ESCOLAR <\/strong>C\u00e1rdeno de capa, 485 kg y nacido en 5\/21. En tipo, aunque algo justo de presencia. P\u00e9sima lidia recibiendo numerosos capotazos por la incapacidad de dejar al toro en suerte. Empuja con la cara arriba en un primer puyazo fuerte barrenando. En el 2\u00ba le ponen la vara en la penca del rabo, rectifica el picador para barrenar de nuevo con fuerza cumpliendo el toro en la pelea. Encastado y con recorrido en la muleta sobre todo por el pit\u00f3n izquierdo. APLAUSOS.<\/li>\n<li><strong>MEDIANERO N\u00ba2<\/strong> <strong>de la ganader\u00eda de REHUELGA. <\/strong>C\u00e1rdeno claro de capa, 510 kg y nacido en 11\/19. Fino, con cara y de bonita estampa. Lo miden en el 1er puyazo. Lo colocan en suerte de largo picando trasero. Lo coloca G\u00f3mez del Pilar una 3\u00aa vez en la que tarda en arrancarse de lejos y Aguado le vuelve a medir mucho el castigo. En la muleta es noble, pronto y con la carta a media altura sin acabar de emplearse. APLAUSOS.<\/li>\n<\/ol>\n<p>La corrida concurso es, para el aficionado vente\u00f1o, cita mayor del calendario, desde que se perpetuara en el septiembre de la Plaza de Madrid en los \u00faltimos tiempos.<\/p>\n<p>Acudimos con ilusi\u00f3n para ver hierros de inter\u00e9s y toreros dispuestos a poner en valor la lidia dando importancia al toro. En lo primero, no parec\u00eda tener mucho sentido anunciar en la concurso ganader\u00eda que ya hemos visto en corridas completas o en desaf\u00edos durante la temporada. Solo los casos de Concha y Sierra y Murteira Grave no hab\u00edan pisado antes el ruedo vente\u00f1o. A la postre, el comportamiento de los toros nos quit\u00f3 la raz\u00f3n a quienes cuestion\u00e1bamos tal planteamiento.<\/p>\n<p>En cuanto a la lidia solo podemos agradecer a G\u00f3mez del Pilar haber estado a la altura de lo que esper\u00e1bamos. Generoso y atento poniendo en suerte a los toros al menos 3 veces. De Ruben Sanz y Javier Herrero no podemos decir lo mismo. Es un sinsentido venir a una corrida concurso como a una tarde m\u00e1s.<\/p>\n<p>Pero el sinsentido comenz\u00f3 cuando de manera inexplicable, parte del p\u00fablico y sus partidarios hicieron por sacar a saludar a Ruben Sanz, que no parece conocer la idiosincrasia de una concurso, pero tampoco la de la plaza de Madrid porque lejos de taparse sali\u00f3 a recoger la ovaci\u00f3n por no se sabe qu\u00e9.<\/p>\n<p>Luego no le acompa\u00f1\u00f3 su lote, si bien en el de <strong>Concha y Sierra<\/strong> se atisb\u00f3 ese gusto que a veces se echa de menos en el toreo de hoy. El burel acus\u00f3 una falta de fuerzas evidente que impidi\u00f3 analizar m\u00e1s all\u00e1 su comportamiento.<\/p>\n<p>El 4\u00ba fue el toro m\u00e1s serio de la tarde. Bien armado y musculado el de <strong>Murteira<\/strong>. Se arranc\u00f3 franco en el 2\u00ba puyazo, no lo picaron y nos robaron el 3\u00ba que debiera ser ley, como poco, en estos festejos. En la muleta ten\u00eda medio viaje con la cara arriba y Ruben Sanz entre enganchones pas\u00f3 desapercibido.<\/p>\n<p>En el 2\u00ba de la tarde, el de <strong>Palha<\/strong>, pudimos ver el toro m\u00e1s bravo en el caballo del a\u00f1o, con permiso de Brigadier (al que s\u00ed pudimos calibrar en una tercera entrada). En la primera vara el animal se arranc\u00f3 alegre, el picador le cogi\u00f3 en el sitio y se llev\u00f3 al voluminoso Equigarce hasta las tablas empujando con fijeza abajo.<\/p>\n<p>A partir de ah\u00ed, como si todas las alarmas saltasen por la existencia de un toro bravo en el ruedo comenz\u00f3 el desprop\u00f3sito. Carlos Prieto decidi\u00f3 rectificar el puyazo en el sitio por uno trasero. Saltillo no dejaba de empujar protagonizando un espect\u00e1culo pleno de poder y bravura. Mientras, su matador Javier Herrero se desentend\u00eda, de la lidia y su banderillero Miguel\u00edn Murillo hac\u00eda el parip\u00e9 por ah\u00ed simulando querer sacar al toro. 3 minutos estuvo el animal bajo el peto. No fuera a ser que luego le quedasen fuerzas para tomar un 3\u00ba o un 4\u00ba puyazo y el aficionado viera un tercio de varas emocionante. \u00a1Dios nos libre!<\/p>\n<p>En el 2\u00ba puyazo se volvi\u00f3 a arrancar alegre haciendo otra pelea de bravo. Esta vez la sangr\u00eda se prolong\u00f3 otros 2 minutos y el presidente viendo el percal, cambi\u00f3 el tercio.<\/p>\n<p>El toro sali\u00f3 de all\u00ed con una infame carnicer\u00eda encima que l\u00f3gicamente afect\u00f3 al resto de la lidia a pesar de que aun tuvo fuerzas para aguantar la faena de muleta. La ovaci\u00f3n al Palha en el arrastre fue un\u00e1nime.<\/p>\n<p>Qu\u00e9 dif\u00edcil debe ser para el ganadero ver que te destrocen un animal as\u00ed en Madrid para luego asistir el resto del a\u00f1o a simulacros en varas cada tarde de figuras donde tienen que cuidar a los animalitos de sus ganader\u00edas de post\u00edn.<\/p>\n<p>Para completar su tarde, Javier Herrero se cruz\u00f3 con otro buen toro de <strong>Jos\u00e9 Escolar<\/strong>, jugado en 5\u00ba lugar que cumpli\u00f3 en varas a pesar de las nuevas malas intenciones de picador y lidiador. En la muleta sac\u00f3 muchas posibilidades. Humillando, y con transmisi\u00f3n sobre todo por el pit\u00f3n izquierdo. Pero a esas alturas todos d\u00e1bamos por perdido a un torero sin la actitud ni la preparaci\u00f3n para hacer el pase\u00edllo en Madrid.<\/p>\n<p>El 3\u00aa fue de <strong>Partido de Resina<\/strong> y correspondi\u00f3 a G\u00f3mez del Pilar. En tipo aunque algo por debajo del tremendo trap\u00edo de sus hermanos en el desaf\u00edo del domingo anterior. Cumpli\u00f3 en 3 entradas al caballo, la \u00faltima al paso. Precioso su galope en banderillas. Inici\u00f3 el trasteo No\u00e9 por abajo y el toro respondi\u00f3.<\/p>\n<p>Se ven\u00eda a la muleta tambi\u00e9n con alegr\u00eda estando el torero digno en el trasteo, sin acabar de romper la faena a la altura del c\u00e1rdeno que persegu\u00eda la franela con clase y transmisi\u00f3n. La estocada perdiendo la muleta dio paso a una muerte encastada bell\u00edsima, con el animal resisti\u00e9ndose con todo a entregar su vida. La plaza rompi\u00f3 en una ovaci\u00f3n que se traslad\u00f3 tambi\u00e9n a su arrastre. G\u00f3mez del Pilar dio la vuelta al ruedo.<\/p>\n<p>Cerr\u00f3 la concurso uno de <strong>Rehuelga<\/strong>, bonito de l\u00e1mina y ofensivo de cara. No\u00e9 lidi\u00f3 con generosidad y eficacia y dej\u00f3 en suerte al toro en sus 3 entradas al caballo. El Santa Coloma cumpli\u00f3, si bien, se midi\u00f3 en exceso el castigo como para comprobar su comportamiento en el peto. Unos tanto y otros tan poco\u2026<\/p>\n<p>En la muleta otro animal con posibilidades. La faena transcurri\u00f3 en ese punto de levedad del toro de Buend\u00eda que embiste a media altura sin apretar y sin verse apretado del todo. Una voltereta sin aparentes consecuencias al quedarse descubierto calent\u00f3 al p\u00fablico y al torero en un final de faena a m\u00e1s en la que destacaron varios naturales de frente previos a una estocada suelta en buen sitio. Le cort\u00f3 una oreja que premi\u00f3 el conjunto de una tarde seria sin rematar del toledano.<\/p>\n<p>As\u00ed cerramos la corrida concurso de este 2026, que tuvo contenido, toros de inter\u00e9s y que recordaremos por la <strong>masacre de un toro bravo de Palha <\/strong>y por la confirmaci\u00f3n de la <strong>resurrecci\u00f3n del hierro legendario de Pablo Romero<\/strong>.<\/p>\n<p>Haga clic encima de cada imagen para poder ampliarla.<\/p>\n","protected":false},"excerpt":{"rendered":"La masacre de un toro bravo y la resurrecci\u00f3n de un hierro en una concurso interesante Corrida concurso&hellip;\n","protected":false},"author":2,"featured_media":149441,"comment_status":"","ping_status":"","sticky":false,"template":"","format":"standard","meta":{"footnotes":""},"categories":[277],"tags":[373,168,25,24,23,167,374],"class_list":{"0":"post-149440","1":"post","2":"type-post","3":"status-publish","4":"format-standard","5":"has-post-thumbnail","7":"category-toreo","8":"tag-bullfighting","9":"tag-deportes","10":"tag-es","11":"tag-espana","12":"tag-spain","13":"tag-sports","14":"tag-toreo"},"share_on_mastodon":{"url":"","error":""},"_links":{"self":[{"href":"https:\/\/www.europesays.com\/es\/wp-json\/wp\/v2\/posts\/149440","targetHints":{"allow":["GET"]}}],"collection":[{"href":"https:\/\/www.europesays.com\/es\/wp-json\/wp\/v2\/posts"}],"about":[{"href":"https:\/\/www.europesays.com\/es\/wp-json\/wp\/v2\/types\/post"}],"author":[{"embeddable":true,"href":"https:\/\/www.europesays.com\/es\/wp-json\/wp\/v2\/users\/2"}],"replies":[{"embeddable":true,"href":"https:\/\/www.europesays.com\/es\/wp-json\/wp\/v2\/comments?post=149440"}],"version-history":[{"count":0,"href":"https:\/\/www.europesays.com\/es\/wp-json\/wp\/v2\/posts\/149440\/revisions"}],"wp:featuredmedia":[{"embeddable":true,"href":"https:\/\/www.europesays.com\/es\/wp-json\/wp\/v2\/media\/149441"}],"wp:attachment":[{"href":"https:\/\/www.europesays.com\/es\/wp-json\/wp\/v2\/media?parent=149440"}],"wp:term":[{"taxonomy":"category","embeddable":true,"href":"https:\/\/www.europesays.com\/es\/wp-json\/wp\/v2\/categories?post=149440"},{"taxonomy":"post_tag","embeddable":true,"href":"https:\/\/www.europesays.com\/es\/wp-json\/wp\/v2\/tags?post=149440"}],"curies":[{"name":"wp","href":"https:\/\/api.w.org\/{rel}","templated":true}]}}