{"id":149450,"date":"2025-09-30T21:47:09","date_gmt":"2025-09-30T21:47:09","guid":{"rendered":"https:\/\/www.europesays.com\/es\/149450\/"},"modified":"2025-09-30T21:47:09","modified_gmt":"2025-09-30T21:47:09","slug":"cordon-es-de-los-mejores-que-hay-en-el-mundo-de-la-direccion-deportiva","status":"publish","type":"post","link":"https:\/\/www.europesays.com\/es\/149450\/","title":{"rendered":"\u00abCord\u00f3n es de los mejores que hay en el mundo de la direcci\u00f3n deportiva\u00bb"},"content":{"rendered":"<p>\u00abMe est\u00e1 gustando el car\u00e1cter que est\u00e1 ofreciendo el equipo\u00bb, comenta el que fuera director deportivo sevillista<\/p>\n<p><img fetchpriority=\"high\" class=\"voc-img\" src=\"https:\/\/s2.abcstatics.com\/abc\/www\/multimedia\/deportes\/2025\/09\/30\/monchi-foto-mgomez-RmX95EcEMmgcDhN3piSV4hN-1200x840@diario_abc.jpg\" loading=\"eager\" decoding=\"async\" alt=\"Monchi, en el estadio Ram\u00f3n S\u00e1nchez-Pizju\u00e1n\" width=\"1200\" height=\"840\"\/><\/p>\n<p>Monchi, en el estadio Ram\u00f3n S\u00e1nchez-Pizju\u00e1n    manuel g\u00f3mez  <\/p>\n<p><img decoding=\"async\" class=\"voc-author__img\" src=\"https:\/\/www.europesays.com\/es\/wp-content\/uploads\/2025\/07\/autor-3500-foto-3.png\" alt=\"Juan Arbide\"\/><\/p>\n<p>30\/09\/2025<br \/>\n<br \/><strong><br \/>\nActualizado a las 18:43h.<br \/>\n<\/strong><\/p>\n<p class=\"voc-p\" style=\"\">El nombre de <strong>Monchi<\/strong> nunca ha desaparecido del todo en la actualidad del <strong>Sevilla FC<\/strong>. Ahora vuelve con m\u00e1s intensidad por aquello del final de su etapa en el <strong>Aston Villa<\/strong> anunciada la semana pasada. Implicado en el proyecto del <strong>CD San Fernando 1940<\/strong>, Monchi sigue con atenci\u00f3n todo lo que ocurre en torno al Sevilla 25-26.<\/p>\n<p class=\"voc-p\" style=\"\">\u00abMe est\u00e1 gustando mucho, lo que est\u00e1n haciendo, tanto lo que han hecho durante el verano como los que est\u00e1n planteando futbol\u00edsticamente\u00bb, coment\u00f3 Monchi en una entrevista con 7TV. \u00abCre\u00eda que ten\u00eda menos puntos de lo que el juego hab\u00eda tenido que ver. A lo mejor el otro d\u00eda con el Rayo el resultado nos dio m\u00e1s de lo que el f\u00fatbol pod\u00eda ofrecernos pero<strong> me est\u00e1 gustando el car\u00e1cter que est\u00e1 ofreciendo el equipo<\/strong>, lo que plantea Mat\u00edas (Almeyda), el trabajo que ha hecho Antonio (Cord\u00f3n)\u00ab, a\u00f1ade.<\/p>\n<p class=\"voc-p\" style=\"\">La segunda etapa de Monchi en la direcci\u00f3n deportiva del Sevilla termin\u00f3 en junio de 2023. A continuaci\u00f3n lleg\u00f3 a Nervi\u00f3n V\u00edctor Orta y en el verano de 2025 se anunci\u00f3 el fichaje de Antonio Cord\u00f3n como director de f\u00fatbol del Sevilla. <strong>\u00abEn este mundo de la direcci\u00f3n deportiva es uno de los mejores que hay\u00bb,<\/strong> comenta Monchi en referencia a Cord\u00f3n. <\/p>\n<p class=\"voc-p\" style=\"\">\u00abDesde mi prisma de aficionado y sevillista estoy bastante satisfecho. Ojal\u00e1 seamos capaces de enlazar dos partidos seguidos con victorias, que nos est\u00e1 costando, y podamos mirar hacia arriba. Ahora mismo estamos en mitad de la tabla, creo que con diez puntos de 21 estamos en un buen momento. Tenemos ahora un partido complicado el domingo con el Barcelona pero me gusta lo que estoy viendo como sevillista\u00bb, destaca Monchi.<\/p>\n<p>Reportar un error<\/p>\n","protected":false},"excerpt":{"rendered":"\u00abMe est\u00e1 gustando el car\u00e1cter que est\u00e1 ofreciendo el equipo\u00bb, comenta el que fuera director deportivo sevillista Monchi,&hellip;\n","protected":false},"author":2,"featured_media":149451,"comment_status":"","ping_status":"","sticky":false,"template":"","format":"standard","meta":{"footnotes":""},"categories":[268],"tags":[5513,168,7963,4796,10385,25,24,280,282,804,14766,3013,1566,281,23,167,10267],"class_list":{"0":"post-149450","1":"post","2":"type-post","3":"status-publish","4":"format-standard","5":"has-post-thumbnail","7":"category-futbol","8":"tag-cordon","9":"tag-deportes","10":"tag-deportiva","11":"tag-direccion","12":"tag-ensalza","13":"tag-es","14":"tag-espana","15":"tag-football","16":"tag-futbol","17":"tag-mejores","18":"tag-monchi","19":"tag-mundo","20":"tag-segundo","21":"tag-soccer","22":"tag-spain","23":"tag-sports","24":"tag-sucesor"},"share_on_mastodon":{"url":"","error":""},"_links":{"self":[{"href":"https:\/\/www.europesays.com\/es\/wp-json\/wp\/v2\/posts\/149450","targetHints":{"allow":["GET"]}}],"collection":[{"href":"https:\/\/www.europesays.com\/es\/wp-json\/wp\/v2\/posts"}],"about":[{"href":"https:\/\/www.europesays.com\/es\/wp-json\/wp\/v2\/types\/post"}],"author":[{"embeddable":true,"href":"https:\/\/www.europesays.com\/es\/wp-json\/wp\/v2\/users\/2"}],"replies":[{"embeddable":true,"href":"https:\/\/www.europesays.com\/es\/wp-json\/wp\/v2\/comments?post=149450"}],"version-history":[{"count":0,"href":"https:\/\/www.europesays.com\/es\/wp-json\/wp\/v2\/posts\/149450\/revisions"}],"wp:featuredmedia":[{"embeddable":true,"href":"https:\/\/www.europesays.com\/es\/wp-json\/wp\/v2\/media\/149451"}],"wp:attachment":[{"href":"https:\/\/www.europesays.com\/es\/wp-json\/wp\/v2\/media?parent=149450"}],"wp:term":[{"taxonomy":"category","embeddable":true,"href":"https:\/\/www.europesays.com\/es\/wp-json\/wp\/v2\/categories?post=149450"},{"taxonomy":"post_tag","embeddable":true,"href":"https:\/\/www.europesays.com\/es\/wp-json\/wp\/v2\/tags?post=149450"}],"curies":[{"name":"wp","href":"https:\/\/api.w.org\/{rel}","templated":true}]}}