{"id":149452,"date":"2025-09-30T21:48:09","date_gmt":"2025-09-30T21:48:09","guid":{"rendered":"https:\/\/www.europesays.com\/es\/149452\/"},"modified":"2025-09-30T21:48:09","modified_gmt":"2025-09-30T21:48:09","slug":"ni-el-gran-jefe-de-ducati-esperaba-este-mundial-de-marc-marquez-nuestras-previsiones","status":"publish","type":"post","link":"https:\/\/www.europesays.com\/es\/149452\/","title":{"rendered":"Ni el gran jefe de Ducati esperaba este mundial de Marc M\u00e1rquez: \u00abNuestras previsiones&#8230;\u00bb"},"content":{"rendered":"<p class=\"L6-news-detail__text\">El regreso de <b>Marc M\u00e1rquez<\/b>. De su calvario de lesiones a un nuevo t\u00edtulo de MotoGP. Una haza\u00f1a tremenda y el mundo del motociclismo se rinde ante lo que ha conseguido. Porque s\u00ed, <b>el mejor piloto con la mejor moto<\/b> ha demostrado ser imparable y ya se ha proclamado <b><a title=\"campe\u00f3n en Jap\u00f3n.\" href=\"https:\/\/www.lasexta.com\/noticias\/deportes\/motor\/completamente-derrumbado-marquez-recuerda-ser-campeon-motogp-ultima-promesa-que-hizo-abuelo_2025092868d8ec17f10d3f06781e4f39.html\" target=\"_blank\" rel=\"nofollow noopener\">campe\u00f3n en Jap\u00f3n.<\/a><\/b><\/p>\n<p class=\"L6-news-detail__text\">El gran jefazo de Ducati, <b>Claudio Domenicali<\/b>, ha expresado en palabras que recoge &#8216;Motorsport&#8217; que ni ellos esperaban un dominio tan grande como est\u00e1 demostrando en este 2025.<\/p>\n<p class=\"L6-news-detail__text\">\u00abMarc enseguida encontr\u00f3 la armon\u00eda con la Desmosedici. Desde la primera carrera confirm\u00f3 lo que esper\u00e1bamos de \u00e9l, y <b>en muchos casos incluso super\u00f3 nuestras propias previsiones,<\/b> demostrando c\u00f3mo un talento extraordinario como el suyo y el trabajo meticuloso de un equipo apasionado y competente como el nuestro pueden potenciarse mutuamente\u00bb, ha expresado el italiano.<\/p>\n<p class=\"L6-news-detail__text\">Tambi\u00e9n para Ducati fue muy importante volver a ver a <b>Pecco Bagnaia<\/b> en lo m\u00e1s alto del podio: \u00abLo que hizo a\u00fan m\u00e1s especial este fin de semana fue la actuaci\u00f3n de Pecco, ganador tanto en el sprint como en la carrera del domingo\u00bb.<\/p>\n<p class=\"L6-news-detail__text\"><b>\u00abVer su sonrisa y, al mismo tiempo, poder celebrar el t\u00edtulo de pilotos<\/b>, es una imagen que permanecer\u00e1 en nuestra memoria durante mucho tiempo y que dice mejor que muchas palabras la fuerza de Ducati\u00bb, sentencia Domenicali.<\/p>\n<p class=\"L6-support-news-video__title\">Abrazos, gritos y l\u00e1grimas<\/p>\n<p>            <a href=\"https:\/\/www.lasexta.com\/noticias\/deportes\/motor\/espectacular-celebracion-marc-marquez-ducati-circuito-ser-campeon-mundo_2025092868d8defc3ce0ad1de88455a7.html\" class=\"L6-news__link\" rel=\"nofollow noopener\" target=\"_blank\"><br \/>\n                La espectacular celebraci\u00f3n de Marc M\u00e1rquez con Ducati en el circuito tras ser campe\u00f3n del mundo<\/p>\n<p class=\"recirculation-video-desc\">El piloto espa\u00f1ol de Ducati celebr\u00f3 por todo lo alto su s\u00e9ptimo t\u00edtulo mundial con su nuevo equipo tras cruzar la meta 2\u00ba en el Gran Premio de Jap\u00f3n.<\/p>\n<p>            <\/a><\/p>\n","protected":false},"excerpt":{"rendered":"El regreso de Marc M\u00e1rquez. De su calvario de lesiones a un nuevo t\u00edtulo de MotoGP. Una haza\u00f1a&hellip;\n","protected":false},"author":2,"featured_media":149453,"comment_status":"","ping_status":"","sticky":false,"template":"","format":"standard","meta":{"footnotes":""},"categories":[174],"tags":[255,146,147,25,24,256,23],"class_list":{"0":"post-149452","1":"post","2":"type-post","3":"status-publish","4":"format-standard","5":"has-post-thumbnail","7":"category-famosos","8":"tag-celebrities","9":"tag-entertainment","10":"tag-entretenimiento","11":"tag-es","12":"tag-espana","13":"tag-famosos","14":"tag-spain"},"share_on_mastodon":{"url":"","error":""},"_links":{"self":[{"href":"https:\/\/www.europesays.com\/es\/wp-json\/wp\/v2\/posts\/149452","targetHints":{"allow":["GET"]}}],"collection":[{"href":"https:\/\/www.europesays.com\/es\/wp-json\/wp\/v2\/posts"}],"about":[{"href":"https:\/\/www.europesays.com\/es\/wp-json\/wp\/v2\/types\/post"}],"author":[{"embeddable":true,"href":"https:\/\/www.europesays.com\/es\/wp-json\/wp\/v2\/users\/2"}],"replies":[{"embeddable":true,"href":"https:\/\/www.europesays.com\/es\/wp-json\/wp\/v2\/comments?post=149452"}],"version-history":[{"count":0,"href":"https:\/\/www.europesays.com\/es\/wp-json\/wp\/v2\/posts\/149452\/revisions"}],"wp:featuredmedia":[{"embeddable":true,"href":"https:\/\/www.europesays.com\/es\/wp-json\/wp\/v2\/media\/149453"}],"wp:attachment":[{"href":"https:\/\/www.europesays.com\/es\/wp-json\/wp\/v2\/media?parent=149452"}],"wp:term":[{"taxonomy":"category","embeddable":true,"href":"https:\/\/www.europesays.com\/es\/wp-json\/wp\/v2\/categories?post=149452"},{"taxonomy":"post_tag","embeddable":true,"href":"https:\/\/www.europesays.com\/es\/wp-json\/wp\/v2\/tags?post=149452"}],"curies":[{"name":"wp","href":"https:\/\/api.w.org\/{rel}","templated":true}]}}