{"id":149464,"date":"2025-09-30T21:54:12","date_gmt":"2025-09-30T21:54:12","guid":{"rendered":"https:\/\/www.europesays.com\/es\/149464\/"},"modified":"2025-09-30T21:54:12","modified_gmt":"2025-09-30T21:54:12","slug":"duro-comunicado-de-bartomeu-tras-ser-citado-a-declarar-en-otro-procedimiento","status":"publish","type":"post","link":"https:\/\/www.europesays.com\/es\/149464\/","title":{"rendered":"Duro comunicado de Bartomeu tras ser citado a declarar en otro procedimiento"},"content":{"rendered":"<p data-gtm-element-container=\"modulo-texto-link\" class=\"paragraph\">El abogado <strong>Jos\u00e9 Mar\u00eda Fuster-Fabra Torrellas, <\/strong>en nombre de <strong>Josep Maria Bartomeu <\/strong>ha emitido este martes un comunicado el d\u00eda despu\u00e9s de que el presidente del <strong>FC Barcelona<\/strong> entre 2014 y 2020 fuera <a href=\"https:\/\/www.mundodeportivo.com\/futbol\/fc-barcelona\/20250929\/1002541520\/citan-declarar-bartomeu-sobre-pago-comisiones-fichajes.html\" rel=\"nofollow noopener\" target=\"_blank\">citado a declarar por el Juzgado de Instrucci\u00f3n n\u00famero 16 de Barcelona<\/a> por el pago de comisiones en fichajes despu\u00e9s de la denuncia presentada en 2022 a la <strong>Fiscal\u00eda <\/strong>por <strong>Joan Laporta<\/strong> como mandatario azulgrana. En el comunicado, <strong>Bartomeu <\/strong>quiere dejar claro que siempre se ha puesto a disposici\u00f3n de la justicia para declarar y aportar informaci\u00f3n sobre cualquiera de los cuatro\u00a0 procedimientos derivados de su gesti\u00f3n \u00absin que en ninguno de ellos se le acuse, ni haya el m\u00e1s m\u00ednimo indicio de\u00a0haber obtenido beneficio patrimonial personal alguno\u00bb.<\/p>\n<p data-gtm-element-container=\"modulo-texto-link\" class=\"paragraph\"><strong>ESTE ES EL COMUNICADO \u00cdNTEGRO:\u00a0<\/strong><\/p>\n<p data-gtm-element-container=\"modulo-texto-link\" class=\"paragraph\">A solicitud y de conformidad de nuestro representado, el Sr. D. Josep M\u00aa Bartomeu i Floreta, y a ra\u00edz de las informaciones aparecidas en diferentes medios de comunicaci\u00f3n, entendemos conveniente realizar las siguientes\u00a0consideraciones:<\/p>\n<p data-gtm-element-container=\"modulo-texto-link\" class=\"paragraph\">Primera.- En el llamado caso \u201cNeymar 2\u201d, el Sr. D. Josep M\u00aa Bartomeu fue Juzgado por la Ilma. Audiencia Provincial de Barcelona,\u00a0siendo la sentencia absolutoria.<\/p>\n<p data-gtm-element-container=\"modulo-texto-link\" class=\"paragraph\">Segunda.- En el llamado caso \u201cBar\u00e7agate\u201d, tras su detenci\u00f3n por los Mossos d\u2019Esquadra, el 1 de marzo de 2021, fue puesto de inmediato en\u00a0libertad por la autoridad judicial. Desde el primer momento, manifest\u00f3 su voluntad de prestar declaraci\u00f3n voluntaria en cuanto tuviese conocimiento de los aspectos esenciales de la causa que le afectaban.<\/p>\n<p data-gtm-element-container=\"modulo-texto-link\" class=\"paragraph\">El mismo d\u00eda que los Mossos d\u2019Esquadra, 5 a\u00f1os y 4 meses despu\u00e9s del 21 de marzo de 2021, entregaron el informe relativo a sus dispositivos\u00a0(tel\u00e9fono m\u00f3vil y ordenador), se present\u00f3 escrito solicitando declarar voluntariamente ante SS\u00aa.<\/p>\n<p data-gtm-element-container=\"modulo-texto-link\" class=\"paragraph\">Tercera.- En el llamado caso \u201cNegreira\u201d, iniciado en fecha 14 de marzo de 2023, prest\u00f3 declaraci\u00f3n cuando fue llamado a declarar.<\/p>\n<p data-gtm-element-container=\"modulo-texto-link\" class=\"paragraph\">Cuarta.- En la denuncia interpuesta por el Sr. Laporta, tras la realizaci\u00f3n de un forensic del que el Sr. D. Josep M\u00aa Bartomeu tuvo conocimiento a trav\u00e9s de los medios de comunicaci\u00f3n, remitido a Fiscal\u00eda, de inmediato, en fecha 2 de febrero de 2022 se present\u00f3 escrito en la propia Fiscal\u00eda, manifestando su predisposici\u00f3n para aclarar cualquier cuesti\u00f3n.<\/p>\n<p data-gtm-element-container=\"modulo-texto-link\" class=\"paragraph\">En fecha 21 de diciembre de 2023 tuvo conocimiento, tambi\u00e9n por los medios de comunicaci\u00f3n, que se hab\u00edan abierto diligencias en un juzgado de instrucci\u00f3n, donde tambi\u00e9n el mismo d\u00eda se ofreci\u00f3 para prestar declaraci\u00f3n.<\/p>\n<p>    Lee tambi\u00e9n<\/p>\n<p data-gtm-element-container=\"modulo-texto-link\" class=\"paragraph\">Ha sido y es su voluntad aclarar ante la Justicia su trabajo en relaci\u00f3n con la gesti\u00f3n realizada como Presidente del FCB. Entendiendo que en esta gesti\u00f3n, pudo haber aciertos y pudo haber errores, pero resulta ciertamente singular y probablemente sin precedentes, el hecho de que el Sr. D. Josep M\u00aa Bartomeu se enfrenta a cuatro procedimientos derivados de su gesti\u00f3n, sin que en ninguno de ellos se le acuse, ni haya el m\u00e1s m\u00ednimo indicio de haber obtenido beneficio patrimonial personal alguno.<\/p>\n<p data-gtm-element-container=\"modulo-texto-link\" class=\"paragraph\">Desde el m\u00e1ximo respeto a la labor de los medios de comunicaci\u00f3n, el Sr. D. Josep M\u00aa Bartomeu i Floreta se ve en la necesidad de aclarar su situaci\u00f3n dado el grave perjuicio personal que est\u00e1 sufriendo.<\/p>\n","protected":false},"excerpt":{"rendered":"El abogado Jos\u00e9 Mar\u00eda Fuster-Fabra Torrellas, en nombre de Josep Maria Bartomeu ha emitido este martes un comunicado&hellip;\n","protected":false},"author":2,"featured_media":149465,"comment_status":"","ping_status":"","sticky":false,"template":"","format":"standard","meta":{"footnotes":""},"categories":[93],"tags":[168,25,24,23,167],"class_list":{"0":"post-149464","1":"post","2":"type-post","3":"status-publish","4":"format-standard","5":"has-post-thumbnail","7":"category-deportes","8":"tag-deportes","9":"tag-es","10":"tag-espana","11":"tag-spain","12":"tag-sports"},"share_on_mastodon":{"url":"","error":""},"_links":{"self":[{"href":"https:\/\/www.europesays.com\/es\/wp-json\/wp\/v2\/posts\/149464","targetHints":{"allow":["GET"]}}],"collection":[{"href":"https:\/\/www.europesays.com\/es\/wp-json\/wp\/v2\/posts"}],"about":[{"href":"https:\/\/www.europesays.com\/es\/wp-json\/wp\/v2\/types\/post"}],"author":[{"embeddable":true,"href":"https:\/\/www.europesays.com\/es\/wp-json\/wp\/v2\/users\/2"}],"replies":[{"embeddable":true,"href":"https:\/\/www.europesays.com\/es\/wp-json\/wp\/v2\/comments?post=149464"}],"version-history":[{"count":0,"href":"https:\/\/www.europesays.com\/es\/wp-json\/wp\/v2\/posts\/149464\/revisions"}],"wp:featuredmedia":[{"embeddable":true,"href":"https:\/\/www.europesays.com\/es\/wp-json\/wp\/v2\/media\/149465"}],"wp:attachment":[{"href":"https:\/\/www.europesays.com\/es\/wp-json\/wp\/v2\/media?parent=149464"}],"wp:term":[{"taxonomy":"category","embeddable":true,"href":"https:\/\/www.europesays.com\/es\/wp-json\/wp\/v2\/categories?post=149464"},{"taxonomy":"post_tag","embeddable":true,"href":"https:\/\/www.europesays.com\/es\/wp-json\/wp\/v2\/tags?post=149464"}],"curies":[{"name":"wp","href":"https:\/\/api.w.org\/{rel}","templated":true}]}}